{"id":222,"date":"2016-05-03T09:25:58","date_gmt":"2016-05-03T07:25:58","guid":{"rendered":"http:\/\/wp.kristdemokraterna.se\/vg\/?p=222"},"modified":"2016-05-06T09:26:31","modified_gmt":"2016-05-06T07:26:31","slug":"satsning-pa-kortare-koer-i-varden","status":"publish","type":"post","link":"https:\/\/wp.kristdemokraterna.se\/vg\/satsning-pa-kortare-koer-i-varden\/","title":{"rendered":"Satsning p\u00e5 kortare k\u00f6er i v\u00e5rden"},"content":{"rendered":"<p>I Gr\u00f6nBl\u00e5 Samverkans f\u00f6rslag till budget f\u00f6r 2017, som presenteras 9 maj, tillf\u00f6rs H\u00e4lso- och sjukv\u00e5rdsstyrelsen ytterligare 140 mnkr f\u00f6r att st\u00e4rka tillg\u00e4ngligheten till den planerade v\u00e5rden. Resursf\u00f6rst\u00e4rkningen ligger kvar under hela planperioden. Medlen ska anv\u00e4ndas f\u00f6r att l\u00e5ngsiktigt upphandla uppdrag hos externa utf\u00f6rare och i f\u00f6rekommande fall \u00e4ven ut\u00f6ka best\u00e4llningarna till regionens sjukhus.<\/p>\n","protected":false},"excerpt":{"rendered":"<p>I Gr\u00f6nBl\u00e5 Samverkans f\u00f6rslag till budget f\u00f6r 2017, som presenteras 9 maj, tillf\u00f6rs H\u00e4lso- och sjukv\u00e5rdsstyrelsen ytterligare 140 mnkr f\u00f6r att st\u00e4rka tillg\u00e4ngligheten till den planerade v\u00e5rden. Resursf\u00f6rst\u00e4rkningen ligger kvar under hela planperioden. Medlen ska anv\u00e4ndas f\u00f6r att l\u00e5ngsiktigt upphandla uppdrag hos externa utf\u00f6rare och i f\u00f6rekommande fall \u00e4ven ut\u00f6ka best\u00e4llningarna till regionens sjukhus.<\/p>\n","protected":false},"author":726,"featured_media":223,"comment_status":"closed","ping_status":"closed","sticky":false,"template":"","format":"standard","meta":{"_acf_changed":false,"footnotes":""},"categories":[9],"tags":[40,29,12],"class_list":["post-222","post","type-post","status-publish","format-standard","has-post-thumbnail","hentry","category-halso-och-sjukvard","tag-budget","tag-ekonomi","tag-halso-och-sjukvard"],"acf":[],"yoast_head":"<!-- This site is optimized with the Yoast SEO plugin v27.4 - https:\/\/yoast.com\/product\/yoast-seo-wordpress\/ -->\n<title>Satsning p\u00e5 kortare k\u00f6er i v\u00e5rden - V\u00e4stra G\u00f6talandsregionen<\/title>\n<meta name=\"robots\" content=\"index, follow, max-snippet:-1, max-image-preview:large, max-video-preview:-1\" \/>\n<link rel=\"canonical\" href=\"https:\/\/wp.kristdemokraterna.se\/vg\/satsning-pa-kortare-koer-i-varden\/\" \/>\n<meta property=\"og:locale\" content=\"sv_SE\" \/>\n<meta property=\"og:type\" content=\"article\" \/>\n<meta property=\"og:title\" content=\"Satsning p\u00e5 kortare k\u00f6er i v\u00e5rden - V\u00e4stra G\u00f6talandsregionen\" \/>\n<meta property=\"og:description\" content=\"I Gr\u00f6nBl\u00e5 Samverkans f\u00f6rslag till budget f\u00f6r 2017, som presenteras 9 maj, tillf\u00f6rs H\u00e4lso- och sjukv\u00e5rdsstyrelsen ytterligare 140 mnkr f\u00f6r att st\u00e4rka tillg\u00e4ngligheten till den planerade v\u00e5rden. Resursf\u00f6rst\u00e4rkningen ligger kvar under hela planperioden. Medlen ska anv\u00e4ndas f\u00f6r att l\u00e5ngsiktigt upphandla uppdrag hos externa utf\u00f6rare och i f\u00f6rekommande fall \u00e4ven ut\u00f6ka best\u00e4llningarna till regionens sjukhus.\" \/>\n<meta property=\"og:url\" content=\"https:\/\/wp.kristdemokraterna.se\/vg\/satsning-pa-kortare-koer-i-varden\/\" \/>\n<meta property=\"og:site_name\" content=\"V\u00e4stra G\u00f6talandsregionen\" \/>\n<meta property=\"article:published_time\" content=\"2016-05-03T07:25:58+00:00\" \/>\n<meta property=\"article:modified_time\" content=\"2016-05-06T07:26:31+00:00\" \/>\n<meta property=\"og:image\" content=\"https:\/\/wp.kristdemokraterna.se\/vg\/files\/2016\/05\/patient.jpg\" \/>\n\t<meta property=\"og:image:width\" content=\"640\" \/>\n\t<meta property=\"og:image:height\" content=\"426\" \/>\n\t<meta property=\"og:image:type\" content=\"image\/jpeg\" \/>\n<meta name=\"author\" content=\"vg\" \/>\n<meta name=\"twitter:card\" content=\"summary_large_image\" \/>\n<meta name=\"twitter:creator\" content=\"@KD_VGR\" \/>\n<meta name=\"twitter:site\" content=\"@KD_VGR\" \/>\n<meta name=\"twitter:label1\" content=\"Skriven av\" \/>\n\t<meta name=\"twitter:data1\" content=\"vg\" \/>\n<script type=\"application\/ld+json\" class=\"yoast-schema-graph\">{\"@context\":\"https:\\\/\\\/schema.org\",\"@graph\":[{\"@type\":\"Article\",\"@id\":\"https:\\\/\\\/wp.kristdemokraterna.se\\\/vg\\\/satsning-pa-kortare-koer-i-varden\\\/#article\",\"isPartOf\":{\"@id\":\"https:\\\/\\\/wp.kristdemokraterna.se\\\/vg\\\/satsning-pa-kortare-koer-i-varden\\\/\"},\"author\":{\"name\":\"vg\",\"@id\":\"https:\\\/\\\/wp.kristdemokraterna.se\\\/vg\\\/#\\\/schema\\\/person\\\/485c1ff01f1324aafbb92705c598210f\"},\"headline\":\"Satsning p\u00e5 kortare k\u00f6er i v\u00e5rden\",\"datePublished\":\"2016-05-03T07:25:58+00:00\",\"dateModified\":\"2016-05-06T07:26:31+00:00\",\"mainEntityOfPage\":{\"@id\":\"https:\\\/\\\/wp.kristdemokraterna.se\\\/vg\\\/satsning-pa-kortare-koer-i-varden\\\/\"},\"wordCount\":78,\"image\":{\"@id\":\"https:\\\/\\\/wp.kristdemokraterna.se\\\/vg\\\/satsning-pa-kortare-koer-i-varden\\\/#primaryimage\"},\"thumbnailUrl\":\"https:\\\/\\\/wp.kristdemokraterna.se\\\/vg\\\/files\\\/2016\\\/05\\\/patient.jpg\",\"keywords\":[\"Budget\",\"ekonomi\",\"H\u00e4lso- och sjukv\u00e5rd\"],\"articleSection\":[\"H\u00e4lso- och sjukv\u00e5rd\"],\"inLanguage\":\"sv-SE\"},{\"@type\":\"WebPage\",\"@id\":\"https:\\\/\\\/wp.kristdemokraterna.se\\\/vg\\\/satsning-pa-kortare-koer-i-varden\\\/\",\"url\":\"https:\\\/\\\/wp.kristdemokraterna.se\\\/vg\\\/satsning-pa-kortare-koer-i-varden\\\/\",\"name\":\"Satsning p\u00e5 kortare k\u00f6er i v\u00e5rden - V\u00e4stra G\u00f6talandsregionen\",\"isPartOf\":{\"@id\":\"https:\\\/\\\/wp.kristdemokraterna.se\\\/vg\\\/#website\"},\"primaryImageOfPage\":{\"@id\":\"https:\\\/\\\/wp.kristdemokraterna.se\\\/vg\\\/satsning-pa-kortare-koer-i-varden\\\/#primaryimage\"},\"image\":{\"@id\":\"https:\\\/\\\/wp.kristdemokraterna.se\\\/vg\\\/satsning-pa-kortare-koer-i-varden\\\/#primaryimage\"},\"thumbnailUrl\":\"https:\\\/\\\/wp.kristdemokraterna.se\\\/vg\\\/files\\\/2016\\\/05\\\/patient.jpg\",\"datePublished\":\"2016-05-03T07:25:58+00:00\",\"dateModified\":\"2016-05-06T07:26:31+00:00\",\"author\":{\"@id\":\"https:\\\/\\\/wp.kristdemokraterna.se\\\/vg\\\/#\\\/schema\\\/person\\\/485c1ff01f1324aafbb92705c598210f\"},\"breadcrumb\":{\"@id\":\"https:\\\/\\\/wp.kristdemokraterna.se\\\/vg\\\/satsning-pa-kortare-koer-i-varden\\\/#breadcrumb\"},\"inLanguage\":\"sv-SE\",\"potentialAction\":[{\"@type\":\"ReadAction\",\"target\":[\"https:\\\/\\\/wp.kristdemokraterna.se\\\/vg\\\/satsning-pa-kortare-koer-i-varden\\\/\"]}]},{\"@type\":\"ImageObject\",\"inLanguage\":\"sv-SE\",\"@id\":\"https:\\\/\\\/wp.kristdemokraterna.se\\\/vg\\\/satsning-pa-kortare-koer-i-varden\\\/#primaryimage\",\"url\":\"https:\\\/\\\/wp.kristdemokraterna.se\\\/vg\\\/files\\\/2016\\\/05\\\/patient.jpg\",\"contentUrl\":\"https:\\\/\\\/wp.kristdemokraterna.se\\\/vg\\\/files\\\/2016\\\/05\\\/patient.jpg\",\"width\":640,\"height\":426},{\"@type\":\"BreadcrumbList\",\"@id\":\"https:\\\/\\\/wp.kristdemokraterna.se\\\/vg\\\/satsning-pa-kortare-koer-i-varden\\\/#breadcrumb\",\"itemListElement\":[{\"@type\":\"ListItem\",\"position\":1,\"name\":\"Hem\",\"item\":\"https:\\\/\\\/wp.kristdemokraterna.se\\\/vg\\\/\"},{\"@type\":\"ListItem\",\"position\":2,\"name\":\"Satsning p\u00e5 kortare k\u00f6er i v\u00e5rden\"}]},{\"@type\":\"WebSite\",\"@id\":\"https:\\\/\\\/wp.kristdemokraterna.se\\\/vg\\\/#website\",\"url\":\"https:\\\/\\\/wp.kristdemokraterna.se\\\/vg\\\/\",\"name\":\"V\u00e4stra G\u00f6talandsregionen\",\"description\":\"\",\"inLanguage\":\"sv-SE\"},{\"@type\":\"Person\",\"@id\":\"https:\\\/\\\/wp.kristdemokraterna.se\\\/vg\\\/#\\\/schema\\\/person\\\/485c1ff01f1324aafbb92705c598210f\",\"name\":\"vg\",\"image\":{\"@type\":\"ImageObject\",\"inLanguage\":\"sv-SE\",\"@id\":\"https:\\\/\\\/secure.gravatar.com\\\/avatar\\\/387c874425c7747be372c14ca2d69e1689502257d65ec3b403b441b6435e48d8?s=96&d=mm&r=g\",\"url\":\"https:\\\/\\\/secure.gravatar.com\\\/avatar\\\/387c874425c7747be372c14ca2d69e1689502257d65ec3b403b441b6435e48d8?s=96&d=mm&r=g\",\"contentUrl\":\"https:\\\/\\\/secure.gravatar.com\\\/avatar\\\/387c874425c7747be372c14ca2d69e1689502257d65ec3b403b441b6435e48d8?s=96&d=mm&r=g\",\"caption\":\"vg\"},\"url\":\"https:\\\/\\\/wp.kristdemokraterna.se\\\/vg\\\/author\\\/vg\\\/\"}]}<\/script>\n<!-- \/ Yoast SEO plugin. -->","yoast_head_json":{"title":"Satsning p\u00e5 kortare k\u00f6er i v\u00e5rden - V\u00e4stra G\u00f6talandsregionen","robots":{"index":"index","follow":"follow","max-snippet":"max-snippet:-1","max-image-preview":"max-image-preview:large","max-video-preview":"max-video-preview:-1"},"canonical":"https:\/\/wp.kristdemokraterna.se\/vg\/satsning-pa-kortare-koer-i-varden\/","og_locale":"sv_SE","og_type":"article","og_title":"Satsning p\u00e5 kortare k\u00f6er i v\u00e5rden - V\u00e4stra G\u00f6talandsregionen","og_description":"I Gr\u00f6nBl\u00e5 Samverkans f\u00f6rslag till budget f\u00f6r 2017, som presenteras 9 maj, tillf\u00f6rs H\u00e4lso- och sjukv\u00e5rdsstyrelsen ytterligare 140 mnkr f\u00f6r att st\u00e4rka tillg\u00e4ngligheten till den planerade v\u00e5rden. Resursf\u00f6rst\u00e4rkningen ligger kvar under hela planperioden. Medlen ska anv\u00e4ndas f\u00f6r att l\u00e5ngsiktigt upphandla uppdrag hos externa utf\u00f6rare och i f\u00f6rekommande fall \u00e4ven ut\u00f6ka best\u00e4llningarna till regionens sjukhus.","og_url":"https:\/\/wp.kristdemokraterna.se\/vg\/satsning-pa-kortare-koer-i-varden\/","og_site_name":"V\u00e4stra G\u00f6talandsregionen","article_published_time":"2016-05-03T07:25:58+00:00","article_modified_time":"2016-05-06T07:26:31+00:00","og_image":[{"width":640,"height":426,"url":"https:\/\/wp.kristdemokraterna.se\/vg\/files\/2016\/05\/patient.jpg","type":"image\/jpeg"}],"author":"vg","twitter_card":"summary_large_image","twitter_creator":"@KD_VGR","twitter_site":"@KD_VGR","twitter_misc":{"Skriven av":"vg"},"schema":{"@context":"https:\/\/schema.org","@graph":[{"@type":"Article","@id":"https:\/\/wp.kristdemokraterna.se\/vg\/satsning-pa-kortare-koer-i-varden\/#article","isPartOf":{"@id":"https:\/\/wp.kristdemokraterna.se\/vg\/satsning-pa-kortare-koer-i-varden\/"},"author":{"name":"vg","@id":"https:\/\/wp.kristdemokraterna.se\/vg\/#\/schema\/person\/485c1ff01f1324aafbb92705c598210f"},"headline":"Satsning p\u00e5 kortare k\u00f6er i v\u00e5rden","datePublished":"2016-05-03T07:25:58+00:00","dateModified":"2016-05-06T07:26:31+00:00","mainEntityOfPage":{"@id":"https:\/\/wp.kristdemokraterna.se\/vg\/satsning-pa-kortare-koer-i-varden\/"},"wordCount":78,"image":{"@id":"https:\/\/wp.kristdemokraterna.se\/vg\/satsning-pa-kortare-koer-i-varden\/#primaryimage"},"thumbnailUrl":"https:\/\/wp.kristdemokraterna.se\/vg\/files\/2016\/05\/patient.jpg","keywords":["Budget","ekonomi","H\u00e4lso- och sjukv\u00e5rd"],"articleSection":["H\u00e4lso- och sjukv\u00e5rd"],"inLanguage":"sv-SE"},{"@type":"WebPage","@id":"https:\/\/wp.kristdemokraterna.se\/vg\/satsning-pa-kortare-koer-i-varden\/","url":"https:\/\/wp.kristdemokraterna.se\/vg\/satsning-pa-kortare-koer-i-varden\/","name":"Satsning p\u00e5 kortare k\u00f6er i v\u00e5rden - V\u00e4stra G\u00f6talandsregionen","isPartOf":{"@id":"https:\/\/wp.kristdemokraterna.se\/vg\/#website"},"primaryImageOfPage":{"@id":"https:\/\/wp.kristdemokraterna.se\/vg\/satsning-pa-kortare-koer-i-varden\/#primaryimage"},"image":{"@id":"https:\/\/wp.kristdemokraterna.se\/vg\/satsning-pa-kortare-koer-i-varden\/#primaryimage"},"thumbnailUrl":"https:\/\/wp.kristdemokraterna.se\/vg\/files\/2016\/05\/patient.jpg","datePublished":"2016-05-03T07:25:58+00:00","dateModified":"2016-05-06T07:26:31+00:00","author":{"@id":"https:\/\/wp.kristdemokraterna.se\/vg\/#\/schema\/person\/485c1ff01f1324aafbb92705c598210f"},"breadcrumb":{"@id":"https:\/\/wp.kristdemokraterna.se\/vg\/satsning-pa-kortare-koer-i-varden\/#breadcrumb"},"inLanguage":"sv-SE","potentialAction":[{"@type":"ReadAction","target":["https:\/\/wp.kristdemokraterna.se\/vg\/satsning-pa-kortare-koer-i-varden\/"]}]},{"@type":"ImageObject","inLanguage":"sv-SE","@id":"https:\/\/wp.kristdemokraterna.se\/vg\/satsning-pa-kortare-koer-i-varden\/#primaryimage","url":"https:\/\/wp.kristdemokraterna.se\/vg\/files\/2016\/05\/patient.jpg","contentUrl":"https:\/\/wp.kristdemokraterna.se\/vg\/files\/2016\/05\/patient.jpg","width":640,"height":426},{"@type":"BreadcrumbList","@id":"https:\/\/wp.kristdemokraterna.se\/vg\/satsning-pa-kortare-koer-i-varden\/#breadcrumb","itemListElement":[{"@type":"ListItem","position":1,"name":"Hem","item":"https:\/\/wp.kristdemokraterna.se\/vg\/"},{"@type":"ListItem","position":2,"name":"Satsning p\u00e5 kortare k\u00f6er i v\u00e5rden"}]},{"@type":"WebSite","@id":"https:\/\/wp.kristdemokraterna.se\/vg\/#website","url":"https:\/\/wp.kristdemokraterna.se\/vg\/","name":"V\u00e4stra G\u00f6talandsregionen","description":"","inLanguage":"sv-SE"},{"@type":"Person","@id":"https:\/\/wp.kristdemokraterna.se\/vg\/#\/schema\/person\/485c1ff01f1324aafbb92705c598210f","name":"vg","image":{"@type":"ImageObject","inLanguage":"sv-SE","@id":"https:\/\/secure.gravatar.com\/avatar\/387c874425c7747be372c14ca2d69e1689502257d65ec3b403b441b6435e48d8?s=96&d=mm&r=g","url":"https:\/\/secure.gravatar.com\/avatar\/387c874425c7747be372c14ca2d69e1689502257d65ec3b403b441b6435e48d8?s=96&d=mm&r=g","contentUrl":"https:\/\/secure.gravatar.com\/avatar\/387c874425c7747be372c14ca2d69e1689502257d65ec3b403b441b6435e48d8?s=96&d=mm&r=g","caption":"vg"},"url":"https:\/\/wp.kristdemokraterna.se\/vg\/author\/vg\/"}]}},"_links":{"self":[{"href":"https:\/\/wp.kristdemokraterna.se\/vg\/wp-json\/wp\/v2\/posts\/222","targetHints":{"allow":["GET"]}}],"collection":[{"href":"https:\/\/wp.kristdemokraterna.se\/vg\/wp-json\/wp\/v2\/posts"}],"about":[{"href":"https:\/\/wp.kristdemokraterna.se\/vg\/wp-json\/wp\/v2\/types\/post"}],"author":[{"embeddable":true,"href":"https:\/\/wp.kristdemokraterna.se\/vg\/wp-json\/wp\/v2\/users\/726"}],"replies":[{"embeddable":true,"href":"https:\/\/wp.kristdemokraterna.se\/vg\/wp-json\/wp\/v2\/comments?post=222"}],"version-history":[{"count":1,"href":"https:\/\/wp.kristdemokraterna.se\/vg\/wp-json\/wp\/v2\/posts\/222\/revisions"}],"predecessor-version":[{"id":224,"href":"https:\/\/wp.kristdemokraterna.se\/vg\/wp-json\/wp\/v2\/posts\/222\/revisions\/224"}],"wp:featuredmedia":[{"embeddable":true,"href":"https:\/\/wp.kristdemokraterna.se\/vg\/wp-json\/wp\/v2\/media\/223"}],"wp:attachment":[{"href":"https:\/\/wp.kristdemokraterna.se\/vg\/wp-json\/wp\/v2\/media?parent=222"}],"wp:term":[{"taxonomy":"category","embeddable":true,"href":"https:\/\/wp.kristdemokraterna.se\/vg\/wp-json\/wp\/v2\/categories?post=222"},{"taxonomy":"post_tag","embeddable":true,"href":"https:\/\/wp.kristdemokraterna.se\/vg\/wp-json\/wp\/v2\/tags?post=222"}],"curies":[{"name":"wp","href":"https:\/\/api.w.org\/{rel}","templated":true}]}}