{"id":233,"date":"2016-05-04T09:36:13","date_gmt":"2016-05-04T07:36:13","guid":{"rendered":"http:\/\/wp.kristdemokraterna.se\/vg\/?p=233"},"modified":"2016-05-10T22:17:51","modified_gmt":"2016-05-10T20:17:51","slug":"satsning-pa-kokortning-inom-barn-och-ungdomspsykiatrin","status":"publish","type":"post","link":"https:\/\/wp.kristdemokraterna.se\/vg\/satsning-pa-kokortning-inom-barn-och-ungdomspsykiatrin\/","title":{"rendered":"Satsning p\u00e5 k\u00f6kortning inom barn- och ungdomspsykiatrin"},"content":{"rendered":"<p><strong>Pressmeddelande &#8211; Gr\u00f6nBl\u00e5 Samverkan<\/strong><br \/>\nGr\u00f6nBl\u00e5 Samverkan h\u00f6jer i sitt budgetf\u00f6rslag f\u00f6r 2017, som presenteras p\u00e5 m\u00e5ndag, ramen f\u00f6r psykiatrin med 125 mnkr. Av dessa medel g\u00e5r 50 mnkr direkt till att korta k\u00f6erna inom barn- och ungdomspsykiatrin.<br \/>\n<!--more--><br \/>\nRedan 2015 h\u00f6jde Gr\u00f6nBl\u00e5 Samverkan ramen f\u00f6r psykiatrin med 50 mnkr och med ytterligare 75 mnkr 2016. Med de satsningar som g\u00f6rs i det nya budgetf\u00f6rslaget n\u00e5r anslaget till psykiatrin en samlad niv\u00e5h\u00f6jning p\u00e5 en kvarts miljard kronor. Linjen \u00e4r att samtliga h\u00f6jningar g\u00e5r oavkortat till psykiatrin utan att n\u00e5gra besparingar g\u00f6rs samtidigt.<\/p>\n<p>\u2013 K\u00f6erna inom barn- och ungdomspsykiatrin har l\u00e4nge varit oacceptabelt l\u00e5nga. D\u00e4rf\u00f6r riktar vi en stark samlad satsning i budgeten p\u00e5 50 mnkr f\u00f6r att korta dessa. D\u00e4rmed st\u00e4rker vi upp tillg\u00e4nglighetsarbetet rej\u00e4lt. Det \u00e4r av stor vikt f\u00f6r att f\u00f6rebygga att barn och unga hamnar i kl\u00e4m och inte f\u00e5r hj\u00e4lp, st\u00f6d och v\u00e5rd i tid. Vi vill ocks\u00e5 utreda m\u00f6jligheten att ge ungdomar och unga vuxna en fast kontaktperson i ett tidigt skede i kontakten med psykiatri, s\u00e4ger Monica Selin (KD), regionr\u00e5d och ordf\u00f6rande i Psykiatriberedningen.<\/p>\n<p>\u2013 Genom Gr\u00f6nBl\u00e5 Samverkans budget forts\u00e4tter och f\u00f6rst\u00e4rks v\u00e5rt arbete f\u00f6r att f\u00f6rb\u00e4ttra psykiatrin, den psykiska h\u00e4lsan och det f\u00f6rebyggande arbetet i hela V\u00e4stra G\u00f6taland, avslutar Monica Selin (KD).<\/p>\n<p>Kommentarer:<br \/>\nMonica Selin, 070-844 46 77<\/p>\n<p>Kontakt:<br \/>\nThomas Palmgren, politisk sekreterare<\/p>\n<p>thomas.palmgren@vgregion.se<\/p>\n<p>076-213 39 21<\/p>\n","protected":false},"excerpt":{"rendered":"<p>Pressmeddelande &#8211; Gr\u00f6nBl\u00e5 Samverkan Gr\u00f6nBl\u00e5 Samverkan h\u00f6jer i sitt budgetf\u00f6rslag f\u00f6r 2017, som presenteras p\u00e5 m\u00e5ndag, ramen f\u00f6r psykiatrin med 125 mnkr. Av dessa medel g\u00e5r 50 mnkr direkt till att korta k\u00f6erna inom barn- och ungdomspsykiatrin.<\/p>\n","protected":false},"author":726,"featured_media":0,"comment_status":"closed","ping_status":"closed","sticky":false,"template":"","format":"standard","meta":{"_acf_changed":false,"footnotes":""},"categories":[9],"tags":[40,24,19],"class_list":["post-233","post","type-post","status-publish","format-standard","hentry","category-halso-och-sjukvard","tag-budget","tag-monica-selin","tag-psykiatri"],"acf":[],"yoast_head":"<!-- This site is optimized with the Yoast SEO plugin v27.4 - https:\/\/yoast.com\/product\/yoast-seo-wordpress\/ -->\n<title>Satsning p\u00e5 k\u00f6kortning inom barn- och ungdomspsykiatrin - V\u00e4stra G\u00f6talandsregionen<\/title>\n<meta name=\"robots\" content=\"index, follow, max-snippet:-1, max-image-preview:large, max-video-preview:-1\" \/>\n<link rel=\"canonical\" href=\"https:\/\/wp.kristdemokraterna.se\/vg\/satsning-pa-kokortning-inom-barn-och-ungdomspsykiatrin\/\" \/>\n<meta property=\"og:locale\" content=\"sv_SE\" \/>\n<meta property=\"og:type\" content=\"article\" \/>\n<meta property=\"og:title\" content=\"Satsning p\u00e5 k\u00f6kortning inom barn- och ungdomspsykiatrin - V\u00e4stra G\u00f6talandsregionen\" \/>\n<meta property=\"og:description\" content=\"Pressmeddelande &#8211; Gr\u00f6nBl\u00e5 Samverkan Gr\u00f6nBl\u00e5 Samverkan h\u00f6jer i sitt budgetf\u00f6rslag f\u00f6r 2017, som presenteras p\u00e5 m\u00e5ndag, ramen f\u00f6r psykiatrin med 125 mnkr. Av dessa medel g\u00e5r 50 mnkr direkt till att korta k\u00f6erna inom barn- och ungdomspsykiatrin.\" \/>\n<meta property=\"og:url\" content=\"https:\/\/wp.kristdemokraterna.se\/vg\/satsning-pa-kokortning-inom-barn-och-ungdomspsykiatrin\/\" \/>\n<meta property=\"og:site_name\" content=\"V\u00e4stra G\u00f6talandsregionen\" \/>\n<meta property=\"article:published_time\" content=\"2016-05-04T07:36:13+00:00\" \/>\n<meta property=\"article:modified_time\" content=\"2016-05-10T20:17:51+00:00\" \/>\n<meta property=\"og:image\" content=\"https:\/\/wp.kristdemokraterna.se\/vg\/files\/2022\/06\/logga.jpg\" \/>\n\t<meta property=\"og:image:width\" content=\"754\" \/>\n\t<meta property=\"og:image:height\" content=\"698\" \/>\n\t<meta property=\"og:image:type\" content=\"image\/jpeg\" \/>\n<meta name=\"author\" content=\"vg\" \/>\n<meta name=\"twitter:card\" content=\"summary_large_image\" \/>\n<meta name=\"twitter:creator\" content=\"@KD_VGR\" \/>\n<meta name=\"twitter:site\" content=\"@KD_VGR\" \/>\n<meta name=\"twitter:label1\" content=\"Skriven av\" \/>\n\t<meta name=\"twitter:data1\" content=\"vg\" \/>\n\t<meta name=\"twitter:label2\" content=\"Ber\u00e4knad l\u00e4stid\" \/>\n\t<meta name=\"twitter:data2\" content=\"1 minut\" \/>\n<script type=\"application\/ld+json\" class=\"yoast-schema-graph\">{\"@context\":\"https:\\\/\\\/schema.org\",\"@graph\":[{\"@type\":\"Article\",\"@id\":\"https:\\\/\\\/wp.kristdemokraterna.se\\\/vg\\\/satsning-pa-kokortning-inom-barn-och-ungdomspsykiatrin\\\/#article\",\"isPartOf\":{\"@id\":\"https:\\\/\\\/wp.kristdemokraterna.se\\\/vg\\\/satsning-pa-kokortning-inom-barn-och-ungdomspsykiatrin\\\/\"},\"author\":{\"name\":\"vg\",\"@id\":\"https:\\\/\\\/wp.kristdemokraterna.se\\\/vg\\\/#\\\/schema\\\/person\\\/485c1ff01f1324aafbb92705c598210f\"},\"headline\":\"Satsning p\u00e5 k\u00f6kortning inom barn- och ungdomspsykiatrin\",\"datePublished\":\"2016-05-04T07:36:13+00:00\",\"dateModified\":\"2016-05-10T20:17:51+00:00\",\"mainEntityOfPage\":{\"@id\":\"https:\\\/\\\/wp.kristdemokraterna.se\\\/vg\\\/satsning-pa-kokortning-inom-barn-och-ungdomspsykiatrin\\\/\"},\"wordCount\":273,\"keywords\":[\"Budget\",\"Monica Selin\",\"Psykiatri\"],\"articleSection\":[\"H\u00e4lso- och sjukv\u00e5rd\"],\"inLanguage\":\"sv-SE\"},{\"@type\":\"WebPage\",\"@id\":\"https:\\\/\\\/wp.kristdemokraterna.se\\\/vg\\\/satsning-pa-kokortning-inom-barn-och-ungdomspsykiatrin\\\/\",\"url\":\"https:\\\/\\\/wp.kristdemokraterna.se\\\/vg\\\/satsning-pa-kokortning-inom-barn-och-ungdomspsykiatrin\\\/\",\"name\":\"Satsning p\u00e5 k\u00f6kortning inom barn- och ungdomspsykiatrin - V\u00e4stra G\u00f6talandsregionen\",\"isPartOf\":{\"@id\":\"https:\\\/\\\/wp.kristdemokraterna.se\\\/vg\\\/#website\"},\"datePublished\":\"2016-05-04T07:36:13+00:00\",\"dateModified\":\"2016-05-10T20:17:51+00:00\",\"author\":{\"@id\":\"https:\\\/\\\/wp.kristdemokraterna.se\\\/vg\\\/#\\\/schema\\\/person\\\/485c1ff01f1324aafbb92705c598210f\"},\"breadcrumb\":{\"@id\":\"https:\\\/\\\/wp.kristdemokraterna.se\\\/vg\\\/satsning-pa-kokortning-inom-barn-och-ungdomspsykiatrin\\\/#breadcrumb\"},\"inLanguage\":\"sv-SE\",\"potentialAction\":[{\"@type\":\"ReadAction\",\"target\":[\"https:\\\/\\\/wp.kristdemokraterna.se\\\/vg\\\/satsning-pa-kokortning-inom-barn-och-ungdomspsykiatrin\\\/\"]}]},{\"@type\":\"BreadcrumbList\",\"@id\":\"https:\\\/\\\/wp.kristdemokraterna.se\\\/vg\\\/satsning-pa-kokortning-inom-barn-och-ungdomspsykiatrin\\\/#breadcrumb\",\"itemListElement\":[{\"@type\":\"ListItem\",\"position\":1,\"name\":\"Hem\",\"item\":\"https:\\\/\\\/wp.kristdemokraterna.se\\\/vg\\\/\"},{\"@type\":\"ListItem\",\"position\":2,\"name\":\"Satsning p\u00e5 k\u00f6kortning inom barn- och ungdomspsykiatrin\"}]},{\"@type\":\"WebSite\",\"@id\":\"https:\\\/\\\/wp.kristdemokraterna.se\\\/vg\\\/#website\",\"url\":\"https:\\\/\\\/wp.kristdemokraterna.se\\\/vg\\\/\",\"name\":\"V\u00e4stra G\u00f6talandsregionen\",\"description\":\"\",\"inLanguage\":\"sv-SE\"},{\"@type\":\"Person\",\"@id\":\"https:\\\/\\\/wp.kristdemokraterna.se\\\/vg\\\/#\\\/schema\\\/person\\\/485c1ff01f1324aafbb92705c598210f\",\"name\":\"vg\",\"image\":{\"@type\":\"ImageObject\",\"inLanguage\":\"sv-SE\",\"@id\":\"https:\\\/\\\/secure.gravatar.com\\\/avatar\\\/387c874425c7747be372c14ca2d69e1689502257d65ec3b403b441b6435e48d8?s=96&d=mm&r=g\",\"url\":\"https:\\\/\\\/secure.gravatar.com\\\/avatar\\\/387c874425c7747be372c14ca2d69e1689502257d65ec3b403b441b6435e48d8?s=96&d=mm&r=g\",\"contentUrl\":\"https:\\\/\\\/secure.gravatar.com\\\/avatar\\\/387c874425c7747be372c14ca2d69e1689502257d65ec3b403b441b6435e48d8?s=96&d=mm&r=g\",\"caption\":\"vg\"},\"url\":\"https:\\\/\\\/wp.kristdemokraterna.se\\\/vg\\\/author\\\/vg\\\/\"}]}<\/script>\n<!-- \/ Yoast SEO plugin. -->","yoast_head_json":{"title":"Satsning p\u00e5 k\u00f6kortning inom barn- och ungdomspsykiatrin - V\u00e4stra G\u00f6talandsregionen","robots":{"index":"index","follow":"follow","max-snippet":"max-snippet:-1","max-image-preview":"max-image-preview:large","max-video-preview":"max-video-preview:-1"},"canonical":"https:\/\/wp.kristdemokraterna.se\/vg\/satsning-pa-kokortning-inom-barn-och-ungdomspsykiatrin\/","og_locale":"sv_SE","og_type":"article","og_title":"Satsning p\u00e5 k\u00f6kortning inom barn- och ungdomspsykiatrin - V\u00e4stra G\u00f6talandsregionen","og_description":"Pressmeddelande &#8211; Gr\u00f6nBl\u00e5 Samverkan Gr\u00f6nBl\u00e5 Samverkan h\u00f6jer i sitt budgetf\u00f6rslag f\u00f6r 2017, som presenteras p\u00e5 m\u00e5ndag, ramen f\u00f6r psykiatrin med 125 mnkr. Av dessa medel g\u00e5r 50 mnkr direkt till att korta k\u00f6erna inom barn- och ungdomspsykiatrin.","og_url":"https:\/\/wp.kristdemokraterna.se\/vg\/satsning-pa-kokortning-inom-barn-och-ungdomspsykiatrin\/","og_site_name":"V\u00e4stra G\u00f6talandsregionen","article_published_time":"2016-05-04T07:36:13+00:00","article_modified_time":"2016-05-10T20:17:51+00:00","og_image":[{"width":754,"height":698,"url":"https:\/\/wp.kristdemokraterna.se\/vg\/files\/2022\/06\/logga.jpg","type":"image\/jpeg"}],"author":"vg","twitter_card":"summary_large_image","twitter_creator":"@KD_VGR","twitter_site":"@KD_VGR","twitter_misc":{"Skriven av":"vg","Ber\u00e4knad l\u00e4stid":"1 minut"},"schema":{"@context":"https:\/\/schema.org","@graph":[{"@type":"Article","@id":"https:\/\/wp.kristdemokraterna.se\/vg\/satsning-pa-kokortning-inom-barn-och-ungdomspsykiatrin\/#article","isPartOf":{"@id":"https:\/\/wp.kristdemokraterna.se\/vg\/satsning-pa-kokortning-inom-barn-och-ungdomspsykiatrin\/"},"author":{"name":"vg","@id":"https:\/\/wp.kristdemokraterna.se\/vg\/#\/schema\/person\/485c1ff01f1324aafbb92705c598210f"},"headline":"Satsning p\u00e5 k\u00f6kortning inom barn- och ungdomspsykiatrin","datePublished":"2016-05-04T07:36:13+00:00","dateModified":"2016-05-10T20:17:51+00:00","mainEntityOfPage":{"@id":"https:\/\/wp.kristdemokraterna.se\/vg\/satsning-pa-kokortning-inom-barn-och-ungdomspsykiatrin\/"},"wordCount":273,"keywords":["Budget","Monica Selin","Psykiatri"],"articleSection":["H\u00e4lso- och sjukv\u00e5rd"],"inLanguage":"sv-SE"},{"@type":"WebPage","@id":"https:\/\/wp.kristdemokraterna.se\/vg\/satsning-pa-kokortning-inom-barn-och-ungdomspsykiatrin\/","url":"https:\/\/wp.kristdemokraterna.se\/vg\/satsning-pa-kokortning-inom-barn-och-ungdomspsykiatrin\/","name":"Satsning p\u00e5 k\u00f6kortning inom barn- och ungdomspsykiatrin - V\u00e4stra G\u00f6talandsregionen","isPartOf":{"@id":"https:\/\/wp.kristdemokraterna.se\/vg\/#website"},"datePublished":"2016-05-04T07:36:13+00:00","dateModified":"2016-05-10T20:17:51+00:00","author":{"@id":"https:\/\/wp.kristdemokraterna.se\/vg\/#\/schema\/person\/485c1ff01f1324aafbb92705c598210f"},"breadcrumb":{"@id":"https:\/\/wp.kristdemokraterna.se\/vg\/satsning-pa-kokortning-inom-barn-och-ungdomspsykiatrin\/#breadcrumb"},"inLanguage":"sv-SE","potentialAction":[{"@type":"ReadAction","target":["https:\/\/wp.kristdemokraterna.se\/vg\/satsning-pa-kokortning-inom-barn-och-ungdomspsykiatrin\/"]}]},{"@type":"BreadcrumbList","@id":"https:\/\/wp.kristdemokraterna.se\/vg\/satsning-pa-kokortning-inom-barn-och-ungdomspsykiatrin\/#breadcrumb","itemListElement":[{"@type":"ListItem","position":1,"name":"Hem","item":"https:\/\/wp.kristdemokraterna.se\/vg\/"},{"@type":"ListItem","position":2,"name":"Satsning p\u00e5 k\u00f6kortning inom barn- och ungdomspsykiatrin"}]},{"@type":"WebSite","@id":"https:\/\/wp.kristdemokraterna.se\/vg\/#website","url":"https:\/\/wp.kristdemokraterna.se\/vg\/","name":"V\u00e4stra G\u00f6talandsregionen","description":"","inLanguage":"sv-SE"},{"@type":"Person","@id":"https:\/\/wp.kristdemokraterna.se\/vg\/#\/schema\/person\/485c1ff01f1324aafbb92705c598210f","name":"vg","image":{"@type":"ImageObject","inLanguage":"sv-SE","@id":"https:\/\/secure.gravatar.com\/avatar\/387c874425c7747be372c14ca2d69e1689502257d65ec3b403b441b6435e48d8?s=96&d=mm&r=g","url":"https:\/\/secure.gravatar.com\/avatar\/387c874425c7747be372c14ca2d69e1689502257d65ec3b403b441b6435e48d8?s=96&d=mm&r=g","contentUrl":"https:\/\/secure.gravatar.com\/avatar\/387c874425c7747be372c14ca2d69e1689502257d65ec3b403b441b6435e48d8?s=96&d=mm&r=g","caption":"vg"},"url":"https:\/\/wp.kristdemokraterna.se\/vg\/author\/vg\/"}]}},"_links":{"self":[{"href":"https:\/\/wp.kristdemokraterna.se\/vg\/wp-json\/wp\/v2\/posts\/233","targetHints":{"allow":["GET"]}}],"collection":[{"href":"https:\/\/wp.kristdemokraterna.se\/vg\/wp-json\/wp\/v2\/posts"}],"about":[{"href":"https:\/\/wp.kristdemokraterna.se\/vg\/wp-json\/wp\/v2\/types\/post"}],"author":[{"embeddable":true,"href":"https:\/\/wp.kristdemokraterna.se\/vg\/wp-json\/wp\/v2\/users\/726"}],"replies":[{"embeddable":true,"href":"https:\/\/wp.kristdemokraterna.se\/vg\/wp-json\/wp\/v2\/comments?post=233"}],"version-history":[{"count":2,"href":"https:\/\/wp.kristdemokraterna.se\/vg\/wp-json\/wp\/v2\/posts\/233\/revisions"}],"predecessor-version":[{"id":257,"href":"https:\/\/wp.kristdemokraterna.se\/vg\/wp-json\/wp\/v2\/posts\/233\/revisions\/257"}],"wp:attachment":[{"href":"https:\/\/wp.kristdemokraterna.se\/vg\/wp-json\/wp\/v2\/media?parent=233"}],"wp:term":[{"taxonomy":"category","embeddable":true,"href":"https:\/\/wp.kristdemokraterna.se\/vg\/wp-json\/wp\/v2\/categories?post=233"},{"taxonomy":"post_tag","embeddable":true,"href":"https:\/\/wp.kristdemokraterna.se\/vg\/wp-json\/wp\/v2\/tags?post=233"}],"curies":[{"name":"wp","href":"https:\/\/api.w.org\/{rel}","templated":true}]}}