{"id":338,"date":"2016-07-11T11:36:54","date_gmt":"2016-07-11T09:36:54","guid":{"rendered":"http:\/\/wp.kristdemokraterna.se\/vg\/?p=338"},"modified":"2016-07-11T11:37:08","modified_gmt":"2016-07-11T09:37:08","slug":"vi-satsar-15-miljoner-pa-att-fa-ned-antalet-sjukskrivningar","status":"publish","type":"post","link":"https:\/\/wp.kristdemokraterna.se\/vg\/vi-satsar-15-miljoner-pa-att-fa-ned-antalet-sjukskrivningar\/","title":{"rendered":"Vi satsar 15 miljoner p\u00e5 att f\u00e5 ned antalet sjukskrivningar"},"content":{"rendered":"<p><strong>Debattartikel GP &#8211; Conny Br\u00e4nnberg m.fl.<\/strong><br \/>\nF\u00f6r att V\u00e4stra G\u00f6talandsregionen ska vara attraktiv f\u00f6r sjukv\u00e5rdspersonal satsar vi nu stort p\u00e5 arbetsmilj\u00f6n och ledarskap som ett led i att minska sjukskrivningar och underl\u00e4tta rehabilitering.<br \/>\n<!--more--><\/p>\n<p>V\u00e4stra G\u00f6talandsregionen ska vara attraktiv att s\u00f6ka sig till och vidareutvecklas i. I budget f\u00f6r 2017 l\u00e4gger Gr\u00f6nBl\u00e5 Samverkan stor vikt vid att V\u00e4stra G\u00f6talandsregionen ska arbeta f\u00f6r att fr\u00e4mja en god h\u00e4lsa genom satsningar p\u00e5 arbetsmilj\u00f6, ledarskap och friskv\u00e5rd, men ocks\u00e5 ta ansvar f\u00f6r rehabilitering f\u00f6r att f\u00e5 en snabb \u00e5terg\u00e5ng i arbete.<\/p>\n<p>Arbetsmilj\u00f6n och arbetsf\u00f6rh\u00e5llandena beh\u00f6ver f\u00f6r\u00e4ndras och f\u00f6rb\u00e4ttras som en del i str\u00e4van att minska sjukfr\u00e5nvaron. Ett led i att utveckla en l\u00e5ngsiktigt god h\u00e4lsa bland regionens medarbetare \u00e4r att se \u00f6ver arbetsbelastningen som upplevs som h\u00f6g, samt pr\u00f6va och utv\u00e4rdera olika arbetstidsmodeller.<\/p>\n<p>Vi vill att arbetet inom Institutet f\u00f6r stressmedicin (ISM) vidareutvecklas i syfte att ge medarbetarna b\u00e4ttre m\u00f6jligheter till f\u00f6rebyggande st\u00f6d och rehabilitering och satsar d\u00e4rf\u00f6r 15 miljoner kronor extra 2017 f\u00f6r att f\u00f6rst\u00e4rka arbetet med att minska sjukskrivningar. Dessutom ska en kartl\u00e4ggning g\u00f6ras av goda exempel fr\u00e5n olika arbetsmilj\u00f6projekt.<\/p>\n<p>F\u00f6r att minska arbetsrelaterade skador ska projekt genomf\u00f6ras f\u00f6r att hitta effektiva p\u00e5verkansmetoder, till exempel m\u00f6jlighet till tr\u00e4ning p\u00e5 arbetstid. Det \u00e4r \u00e4ven viktigt att erbjuda olika f\u00f6rm\u00e5ner av f\u00f6retagsh\u00e4lsov\u00e5rd samt h\u00e4lsofr\u00e4mjande insatser.<\/p>\n<p><strong>Betald utbildning<\/strong><br \/>\nDessutom forts\u00e4tter vi v\u00e5r satsning p\u00e5 betald specialistutbildning f\u00f6r sjuksk\u00f6terskor.<\/p>\n<p>Medarbetarnas administrativa b\u00f6rda ska minska s\u00e5 att mer tid kan g\u00e5 till det patientn\u00e4ra arbetet. D\u00e4rf\u00f6r satsar vi en miljard till utveckling av IT-milj\u00f6n fram till 2018. Vi forts\u00e4tter arbetet med uppgiftsv\u00e4xling och teamarbete. Yrkesintroduktion forts\u00e4tter till undersk\u00f6terskor, sk\u00f6tare, barnsk\u00f6terskor och sjuksk\u00f6terskor f\u00f6r att de ska komma in i arbetet p\u00e5 ett tryggt och s\u00e4kert s\u00e4tt.<\/p>\n<p>V\u00e4stra G\u00f6talandsregionen ska forts\u00e4tta satsningen p\u00e5 PLUS (Program f\u00f6r L\u00e4rande och Utveckling i Svensk h\u00e4lso- och sjukv\u00e5rd f\u00f6r utlandsutbildad personal. Genom att intensifiera arbetet med validering och genom nya kreativa s\u00e4tt att f\u00e5nga upp m\u00e4nniskor med sjukv\u00e5rdsutbildning kan rekrytering och bemanning inom h\u00e4lso- och sjukv\u00e5rden underl\u00e4ttas. Om v\u00e5rden ska vara personcentrerad s\u00e5 ska V\u00e4stra G\u00f6talandsregionen \u00e4ven vara medarbetarcentrerad.<\/p>\n<p><strong>Gunilla Lev\u00e9n (M)<\/strong><br \/>\nordf\u00f6rande personalutskottet<\/p>\n<p><strong>Tina Ehn (MP)<\/strong> ledamot<br \/>\n<strong>Brigitta Adolfsson (L)<\/strong> ledamot<br \/>\n<strong>Cecilia Andersson (C)<\/strong> ledamot<br \/>\n<strong>Conny Br\u00e4nnberg (KD)<\/strong> ledamot<\/p>\n","protected":false},"excerpt":{"rendered":"<p>Debattartikel GP &#8211; Conny Br\u00e4nnberg m.fl. F\u00f6r att V\u00e4stra G\u00f6talandsregionen ska vara attraktiv f\u00f6r sjukv\u00e5rdspersonal satsar vi nu stort p\u00e5 arbetsmilj\u00f6n och ledarskap som ett led i att minska sjukskrivningar och underl\u00e4tta rehabilitering.<\/p>\n","protected":false},"author":726,"featured_media":310,"comment_status":"closed","ping_status":"closed","sticky":false,"template":"","format":"standard","meta":{"_acf_changed":false,"footnotes":""},"categories":[9],"tags":[49,21,50],"class_list":["post-338","post","type-post","status-publish","format-standard","has-post-thumbnail","hentry","category-halso-och-sjukvard","tag-friskvard","tag-personal","tag-utbildning"],"acf":[],"yoast_head":"<!-- This site is optimized with the Yoast SEO plugin v27.4 - https:\/\/yoast.com\/product\/yoast-seo-wordpress\/ -->\n<title>Vi satsar 15 miljoner p\u00e5 att f\u00e5 ned antalet sjukskrivningar - V\u00e4stra G\u00f6talandsregionen<\/title>\n<meta name=\"robots\" content=\"index, follow, max-snippet:-1, max-image-preview:large, max-video-preview:-1\" \/>\n<link rel=\"canonical\" href=\"https:\/\/wp.kristdemokraterna.se\/vg\/vi-satsar-15-miljoner-pa-att-fa-ned-antalet-sjukskrivningar\/\" \/>\n<meta property=\"og:locale\" content=\"sv_SE\" \/>\n<meta property=\"og:type\" content=\"article\" \/>\n<meta property=\"og:title\" content=\"Vi satsar 15 miljoner p\u00e5 att f\u00e5 ned antalet sjukskrivningar - V\u00e4stra G\u00f6talandsregionen\" \/>\n<meta property=\"og:description\" content=\"Debattartikel GP &#8211; Conny Br\u00e4nnberg m.fl. F\u00f6r att V\u00e4stra G\u00f6talandsregionen ska vara attraktiv f\u00f6r sjukv\u00e5rdspersonal satsar vi nu stort p\u00e5 arbetsmilj\u00f6n och ledarskap som ett led i att minska sjukskrivningar och underl\u00e4tta rehabilitering.\" \/>\n<meta property=\"og:url\" content=\"https:\/\/wp.kristdemokraterna.se\/vg\/vi-satsar-15-miljoner-pa-att-fa-ned-antalet-sjukskrivningar\/\" \/>\n<meta property=\"og:site_name\" content=\"V\u00e4stra G\u00f6talandsregionen\" \/>\n<meta property=\"article:published_time\" content=\"2016-07-11T09:36:54+00:00\" \/>\n<meta property=\"article:modified_time\" content=\"2016-07-11T09:37:08+00:00\" \/>\n<meta property=\"og:image\" content=\"https:\/\/wp.kristdemokraterna.se\/vg\/files\/2016\/05\/lakare.jpg\" \/>\n\t<meta property=\"og:image:width\" content=\"640\" \/>\n\t<meta property=\"og:image:height\" content=\"426\" \/>\n\t<meta property=\"og:image:type\" content=\"image\/jpeg\" \/>\n<meta name=\"author\" content=\"vg\" \/>\n<meta name=\"twitter:card\" content=\"summary_large_image\" \/>\n<meta name=\"twitter:creator\" content=\"@KD_VGR\" \/>\n<meta name=\"twitter:site\" content=\"@KD_VGR\" \/>\n<meta name=\"twitter:label1\" content=\"Skriven av\" \/>\n\t<meta name=\"twitter:data1\" content=\"vg\" \/>\n\t<meta name=\"twitter:label2\" content=\"Ber\u00e4knad l\u00e4stid\" \/>\n\t<meta name=\"twitter:data2\" content=\"2 minuter\" \/>\n<script type=\"application\/ld+json\" class=\"yoast-schema-graph\">{\"@context\":\"https:\\\/\\\/schema.org\",\"@graph\":[{\"@type\":\"Article\",\"@id\":\"https:\\\/\\\/wp.kristdemokraterna.se\\\/vg\\\/vi-satsar-15-miljoner-pa-att-fa-ned-antalet-sjukskrivningar\\\/#article\",\"isPartOf\":{\"@id\":\"https:\\\/\\\/wp.kristdemokraterna.se\\\/vg\\\/vi-satsar-15-miljoner-pa-att-fa-ned-antalet-sjukskrivningar\\\/\"},\"author\":{\"name\":\"vg\",\"@id\":\"https:\\\/\\\/wp.kristdemokraterna.se\\\/vg\\\/#\\\/schema\\\/person\\\/485c1ff01f1324aafbb92705c598210f\"},\"headline\":\"Vi satsar 15 miljoner p\u00e5 att f\u00e5 ned antalet sjukskrivningar\",\"datePublished\":\"2016-07-11T09:36:54+00:00\",\"dateModified\":\"2016-07-11T09:37:08+00:00\",\"mainEntityOfPage\":{\"@id\":\"https:\\\/\\\/wp.kristdemokraterna.se\\\/vg\\\/vi-satsar-15-miljoner-pa-att-fa-ned-antalet-sjukskrivningar\\\/\"},\"wordCount\":469,\"image\":{\"@id\":\"https:\\\/\\\/wp.kristdemokraterna.se\\\/vg\\\/vi-satsar-15-miljoner-pa-att-fa-ned-antalet-sjukskrivningar\\\/#primaryimage\"},\"thumbnailUrl\":\"https:\\\/\\\/wp.kristdemokraterna.se\\\/vg\\\/files\\\/2016\\\/05\\\/lakare.jpg\",\"keywords\":[\"friskv\u00e5rd\",\"Personal\",\"utbildning\"],\"articleSection\":[\"H\u00e4lso- och sjukv\u00e5rd\"],\"inLanguage\":\"sv-SE\"},{\"@type\":\"WebPage\",\"@id\":\"https:\\\/\\\/wp.kristdemokraterna.se\\\/vg\\\/vi-satsar-15-miljoner-pa-att-fa-ned-antalet-sjukskrivningar\\\/\",\"url\":\"https:\\\/\\\/wp.kristdemokraterna.se\\\/vg\\\/vi-satsar-15-miljoner-pa-att-fa-ned-antalet-sjukskrivningar\\\/\",\"name\":\"Vi satsar 15 miljoner p\u00e5 att f\u00e5 ned antalet sjukskrivningar - V\u00e4stra G\u00f6talandsregionen\",\"isPartOf\":{\"@id\":\"https:\\\/\\\/wp.kristdemokraterna.se\\\/vg\\\/#website\"},\"primaryImageOfPage\":{\"@id\":\"https:\\\/\\\/wp.kristdemokraterna.se\\\/vg\\\/vi-satsar-15-miljoner-pa-att-fa-ned-antalet-sjukskrivningar\\\/#primaryimage\"},\"image\":{\"@id\":\"https:\\\/\\\/wp.kristdemokraterna.se\\\/vg\\\/vi-satsar-15-miljoner-pa-att-fa-ned-antalet-sjukskrivningar\\\/#primaryimage\"},\"thumbnailUrl\":\"https:\\\/\\\/wp.kristdemokraterna.se\\\/vg\\\/files\\\/2016\\\/05\\\/lakare.jpg\",\"datePublished\":\"2016-07-11T09:36:54+00:00\",\"dateModified\":\"2016-07-11T09:37:08+00:00\",\"author\":{\"@id\":\"https:\\\/\\\/wp.kristdemokraterna.se\\\/vg\\\/#\\\/schema\\\/person\\\/485c1ff01f1324aafbb92705c598210f\"},\"breadcrumb\":{\"@id\":\"https:\\\/\\\/wp.kristdemokraterna.se\\\/vg\\\/vi-satsar-15-miljoner-pa-att-fa-ned-antalet-sjukskrivningar\\\/#breadcrumb\"},\"inLanguage\":\"sv-SE\",\"potentialAction\":[{\"@type\":\"ReadAction\",\"target\":[\"https:\\\/\\\/wp.kristdemokraterna.se\\\/vg\\\/vi-satsar-15-miljoner-pa-att-fa-ned-antalet-sjukskrivningar\\\/\"]}]},{\"@type\":\"ImageObject\",\"inLanguage\":\"sv-SE\",\"@id\":\"https:\\\/\\\/wp.kristdemokraterna.se\\\/vg\\\/vi-satsar-15-miljoner-pa-att-fa-ned-antalet-sjukskrivningar\\\/#primaryimage\",\"url\":\"https:\\\/\\\/wp.kristdemokraterna.se\\\/vg\\\/files\\\/2016\\\/05\\\/lakare.jpg\",\"contentUrl\":\"https:\\\/\\\/wp.kristdemokraterna.se\\\/vg\\\/files\\\/2016\\\/05\\\/lakare.jpg\",\"width\":640,\"height\":426},{\"@type\":\"BreadcrumbList\",\"@id\":\"https:\\\/\\\/wp.kristdemokraterna.se\\\/vg\\\/vi-satsar-15-miljoner-pa-att-fa-ned-antalet-sjukskrivningar\\\/#breadcrumb\",\"itemListElement\":[{\"@type\":\"ListItem\",\"position\":1,\"name\":\"Hem\",\"item\":\"https:\\\/\\\/wp.kristdemokraterna.se\\\/vg\\\/\"},{\"@type\":\"ListItem\",\"position\":2,\"name\":\"Vi satsar 15 miljoner p\u00e5 att f\u00e5 ned antalet sjukskrivningar\"}]},{\"@type\":\"WebSite\",\"@id\":\"https:\\\/\\\/wp.kristdemokraterna.se\\\/vg\\\/#website\",\"url\":\"https:\\\/\\\/wp.kristdemokraterna.se\\\/vg\\\/\",\"name\":\"V\u00e4stra G\u00f6talandsregionen\",\"description\":\"\",\"inLanguage\":\"sv-SE\"},{\"@type\":\"Person\",\"@id\":\"https:\\\/\\\/wp.kristdemokraterna.se\\\/vg\\\/#\\\/schema\\\/person\\\/485c1ff01f1324aafbb92705c598210f\",\"name\":\"vg\",\"image\":{\"@type\":\"ImageObject\",\"inLanguage\":\"sv-SE\",\"@id\":\"https:\\\/\\\/secure.gravatar.com\\\/avatar\\\/387c874425c7747be372c14ca2d69e1689502257d65ec3b403b441b6435e48d8?s=96&d=mm&r=g\",\"url\":\"https:\\\/\\\/secure.gravatar.com\\\/avatar\\\/387c874425c7747be372c14ca2d69e1689502257d65ec3b403b441b6435e48d8?s=96&d=mm&r=g\",\"contentUrl\":\"https:\\\/\\\/secure.gravatar.com\\\/avatar\\\/387c874425c7747be372c14ca2d69e1689502257d65ec3b403b441b6435e48d8?s=96&d=mm&r=g\",\"caption\":\"vg\"},\"url\":\"https:\\\/\\\/wp.kristdemokraterna.se\\\/vg\\\/author\\\/vg\\\/\"}]}<\/script>\n<!-- \/ Yoast SEO plugin. -->","yoast_head_json":{"title":"Vi satsar 15 miljoner p\u00e5 att f\u00e5 ned antalet sjukskrivningar - V\u00e4stra G\u00f6talandsregionen","robots":{"index":"index","follow":"follow","max-snippet":"max-snippet:-1","max-image-preview":"max-image-preview:large","max-video-preview":"max-video-preview:-1"},"canonical":"https:\/\/wp.kristdemokraterna.se\/vg\/vi-satsar-15-miljoner-pa-att-fa-ned-antalet-sjukskrivningar\/","og_locale":"sv_SE","og_type":"article","og_title":"Vi satsar 15 miljoner p\u00e5 att f\u00e5 ned antalet sjukskrivningar - V\u00e4stra G\u00f6talandsregionen","og_description":"Debattartikel GP &#8211; Conny Br\u00e4nnberg m.fl. F\u00f6r att V\u00e4stra G\u00f6talandsregionen ska vara attraktiv f\u00f6r sjukv\u00e5rdspersonal satsar vi nu stort p\u00e5 arbetsmilj\u00f6n och ledarskap som ett led i att minska sjukskrivningar och underl\u00e4tta rehabilitering.","og_url":"https:\/\/wp.kristdemokraterna.se\/vg\/vi-satsar-15-miljoner-pa-att-fa-ned-antalet-sjukskrivningar\/","og_site_name":"V\u00e4stra G\u00f6talandsregionen","article_published_time":"2016-07-11T09:36:54+00:00","article_modified_time":"2016-07-11T09:37:08+00:00","og_image":[{"width":640,"height":426,"url":"https:\/\/wp.kristdemokraterna.se\/vg\/files\/2016\/05\/lakare.jpg","type":"image\/jpeg"}],"author":"vg","twitter_card":"summary_large_image","twitter_creator":"@KD_VGR","twitter_site":"@KD_VGR","twitter_misc":{"Skriven av":"vg","Ber\u00e4knad l\u00e4stid":"2 minuter"},"schema":{"@context":"https:\/\/schema.org","@graph":[{"@type":"Article","@id":"https:\/\/wp.kristdemokraterna.se\/vg\/vi-satsar-15-miljoner-pa-att-fa-ned-antalet-sjukskrivningar\/#article","isPartOf":{"@id":"https:\/\/wp.kristdemokraterna.se\/vg\/vi-satsar-15-miljoner-pa-att-fa-ned-antalet-sjukskrivningar\/"},"author":{"name":"vg","@id":"https:\/\/wp.kristdemokraterna.se\/vg\/#\/schema\/person\/485c1ff01f1324aafbb92705c598210f"},"headline":"Vi satsar 15 miljoner p\u00e5 att f\u00e5 ned antalet sjukskrivningar","datePublished":"2016-07-11T09:36:54+00:00","dateModified":"2016-07-11T09:37:08+00:00","mainEntityOfPage":{"@id":"https:\/\/wp.kristdemokraterna.se\/vg\/vi-satsar-15-miljoner-pa-att-fa-ned-antalet-sjukskrivningar\/"},"wordCount":469,"image":{"@id":"https:\/\/wp.kristdemokraterna.se\/vg\/vi-satsar-15-miljoner-pa-att-fa-ned-antalet-sjukskrivningar\/#primaryimage"},"thumbnailUrl":"https:\/\/wp.kristdemokraterna.se\/vg\/files\/2016\/05\/lakare.jpg","keywords":["friskv\u00e5rd","Personal","utbildning"],"articleSection":["H\u00e4lso- och sjukv\u00e5rd"],"inLanguage":"sv-SE"},{"@type":"WebPage","@id":"https:\/\/wp.kristdemokraterna.se\/vg\/vi-satsar-15-miljoner-pa-att-fa-ned-antalet-sjukskrivningar\/","url":"https:\/\/wp.kristdemokraterna.se\/vg\/vi-satsar-15-miljoner-pa-att-fa-ned-antalet-sjukskrivningar\/","name":"Vi satsar 15 miljoner p\u00e5 att f\u00e5 ned antalet sjukskrivningar - V\u00e4stra G\u00f6talandsregionen","isPartOf":{"@id":"https:\/\/wp.kristdemokraterna.se\/vg\/#website"},"primaryImageOfPage":{"@id":"https:\/\/wp.kristdemokraterna.se\/vg\/vi-satsar-15-miljoner-pa-att-fa-ned-antalet-sjukskrivningar\/#primaryimage"},"image":{"@id":"https:\/\/wp.kristdemokraterna.se\/vg\/vi-satsar-15-miljoner-pa-att-fa-ned-antalet-sjukskrivningar\/#primaryimage"},"thumbnailUrl":"https:\/\/wp.kristdemokraterna.se\/vg\/files\/2016\/05\/lakare.jpg","datePublished":"2016-07-11T09:36:54+00:00","dateModified":"2016-07-11T09:37:08+00:00","author":{"@id":"https:\/\/wp.kristdemokraterna.se\/vg\/#\/schema\/person\/485c1ff01f1324aafbb92705c598210f"},"breadcrumb":{"@id":"https:\/\/wp.kristdemokraterna.se\/vg\/vi-satsar-15-miljoner-pa-att-fa-ned-antalet-sjukskrivningar\/#breadcrumb"},"inLanguage":"sv-SE","potentialAction":[{"@type":"ReadAction","target":["https:\/\/wp.kristdemokraterna.se\/vg\/vi-satsar-15-miljoner-pa-att-fa-ned-antalet-sjukskrivningar\/"]}]},{"@type":"ImageObject","inLanguage":"sv-SE","@id":"https:\/\/wp.kristdemokraterna.se\/vg\/vi-satsar-15-miljoner-pa-att-fa-ned-antalet-sjukskrivningar\/#primaryimage","url":"https:\/\/wp.kristdemokraterna.se\/vg\/files\/2016\/05\/lakare.jpg","contentUrl":"https:\/\/wp.kristdemokraterna.se\/vg\/files\/2016\/05\/lakare.jpg","width":640,"height":426},{"@type":"BreadcrumbList","@id":"https:\/\/wp.kristdemokraterna.se\/vg\/vi-satsar-15-miljoner-pa-att-fa-ned-antalet-sjukskrivningar\/#breadcrumb","itemListElement":[{"@type":"ListItem","position":1,"name":"Hem","item":"https:\/\/wp.kristdemokraterna.se\/vg\/"},{"@type":"ListItem","position":2,"name":"Vi satsar 15 miljoner p\u00e5 att f\u00e5 ned antalet sjukskrivningar"}]},{"@type":"WebSite","@id":"https:\/\/wp.kristdemokraterna.se\/vg\/#website","url":"https:\/\/wp.kristdemokraterna.se\/vg\/","name":"V\u00e4stra G\u00f6talandsregionen","description":"","inLanguage":"sv-SE"},{"@type":"Person","@id":"https:\/\/wp.kristdemokraterna.se\/vg\/#\/schema\/person\/485c1ff01f1324aafbb92705c598210f","name":"vg","image":{"@type":"ImageObject","inLanguage":"sv-SE","@id":"https:\/\/secure.gravatar.com\/avatar\/387c874425c7747be372c14ca2d69e1689502257d65ec3b403b441b6435e48d8?s=96&d=mm&r=g","url":"https:\/\/secure.gravatar.com\/avatar\/387c874425c7747be372c14ca2d69e1689502257d65ec3b403b441b6435e48d8?s=96&d=mm&r=g","contentUrl":"https:\/\/secure.gravatar.com\/avatar\/387c874425c7747be372c14ca2d69e1689502257d65ec3b403b441b6435e48d8?s=96&d=mm&r=g","caption":"vg"},"url":"https:\/\/wp.kristdemokraterna.se\/vg\/author\/vg\/"}]}},"_links":{"self":[{"href":"https:\/\/wp.kristdemokraterna.se\/vg\/wp-json\/wp\/v2\/posts\/338","targetHints":{"allow":["GET"]}}],"collection":[{"href":"https:\/\/wp.kristdemokraterna.se\/vg\/wp-json\/wp\/v2\/posts"}],"about":[{"href":"https:\/\/wp.kristdemokraterna.se\/vg\/wp-json\/wp\/v2\/types\/post"}],"author":[{"embeddable":true,"href":"https:\/\/wp.kristdemokraterna.se\/vg\/wp-json\/wp\/v2\/users\/726"}],"replies":[{"embeddable":true,"href":"https:\/\/wp.kristdemokraterna.se\/vg\/wp-json\/wp\/v2\/comments?post=338"}],"version-history":[{"count":2,"href":"https:\/\/wp.kristdemokraterna.se\/vg\/wp-json\/wp\/v2\/posts\/338\/revisions"}],"predecessor-version":[{"id":340,"href":"https:\/\/wp.kristdemokraterna.se\/vg\/wp-json\/wp\/v2\/posts\/338\/revisions\/340"}],"wp:featuredmedia":[{"embeddable":true,"href":"https:\/\/wp.kristdemokraterna.se\/vg\/wp-json\/wp\/v2\/media\/310"}],"wp:attachment":[{"href":"https:\/\/wp.kristdemokraterna.se\/vg\/wp-json\/wp\/v2\/media?parent=338"}],"wp:term":[{"taxonomy":"category","embeddable":true,"href":"https:\/\/wp.kristdemokraterna.se\/vg\/wp-json\/wp\/v2\/categories?post=338"},{"taxonomy":"post_tag","embeddable":true,"href":"https:\/\/wp.kristdemokraterna.se\/vg\/wp-json\/wp\/v2\/tags?post=338"}],"curies":[{"name":"wp","href":"https:\/\/api.w.org\/{rel}","templated":true}]}}