{"id":440,"date":"2017-01-31T15:09:17","date_gmt":"2017-01-31T14:09:17","guid":{"rendered":"http:\/\/wp.kristdemokraterna.se\/vg\/?p=440"},"modified":"2017-01-31T15:10:03","modified_gmt":"2017-01-31T14:10:03","slug":"utvecklingsplan-for-barn-och-ungdomspsykiatrin-antagen","status":"publish","type":"post","link":"https:\/\/wp.kristdemokraterna.se\/vg\/utvecklingsplan-for-barn-och-ungdomspsykiatrin-antagen\/","title":{"rendered":"Utvecklingsplan f\u00f6r barn- och ungdomspsykiatrin antagen"},"content":{"rendered":"<p><strong>Pressmeddelande<\/strong><br \/>\nIdag, under Regionfullm\u00e4ktiges sammantr\u00e4de, antogs den regionala utvecklingsplanen f\u00f6r Barn- och Ungdomspsykiatrin f\u00f6r 2017 &#8211; 2020. Planen syftar till att utg\u00f6ra grund f\u00f6r utveckling av den specialiserade Barn- och Ungdomspsykiatriska v\u00e5rden i V\u00e4stra G\u00f6talandsregionen s\u00e5 att barn och ungdomar med psykisk oh\u00e4lsa och deras v\u00e5rdnadshavare skall ges b\u00e4ttre v\u00e5rd och st\u00f6dinsatser.<br \/>\n<!--more--><br \/>\n&#8211; Alla barn och unga ska k\u00e4nna att v\u00e5rden i v\u00e5r region \u00e4r likv\u00e4rdig. Vi ska ha en \u00f6kad tillg\u00e4nglighet, h\u00f6g kvalitet och r\u00e4tt personal som ger barn och unga r\u00e4tt v\u00e5rd, s\u00e4ger Monica Selin (KD), ordf\u00f6rande i Psykiatriberedningen.<\/p>\n<p>Utvecklingsplanen presenterar olika behovsgrupper och angel\u00e4gna utvecklingsomr\u00e5den f\u00f6r att s\u00e4kerst\u00e4lla att ny kunskap och nya metoder kommer beh\u00f6vande tillgodo samt ett antal f\u00f6rslag till \u00e5tg\u00e4rder som \u00e4r n\u00f6dv\u00e4ndiga f\u00f6r att m\u00f6jligg\u00f6ra utvecklingen.<\/p>\n<p>&#8211; Psykiatrin \u00e4r ett prioriterat omr\u00e5de f\u00f6r den Gr\u00f6nBl\u00e5 ledningen och vi har i flera omg\u00e5ngar gjort stora satsningar p\u00e5 den psykiatriska v\u00e5rden s\u00e5 att den b\u00e4ttre ska kunna m\u00f6ta och tillgodose v\u00e5rdbehovet hos olika diagnosgrupper och bli mer tillg\u00e4nglig. Men vi \u00e4r ocks\u00e5 angel\u00e4gna om att psykiatrin utvecklas vad g\u00e4ller metoder och effektivitet.<\/p>\n<p>&#8211; Det \u00e4r viktigt f\u00f6r att kunna erbjuda s\u00e5 god v\u00e5rd som m\u00f6jligt, men ocks\u00e5 f\u00f6r att attrahera personal och kompetens till den psykiatriska v\u00e5rden. Med planen f\u00f6ljer fr\u00e5n och med i \u00e5r ett \u00f6kat anslag p\u00e5 22 miljoner kronor som ska g\u00e5 ut till v\u00e5ra sjukhusf\u00f6rvaltningar f\u00f6r att de ska kunna verkst\u00e4lla planen, avslutar Monica Selin.<\/p>\n","protected":false},"excerpt":{"rendered":"<p>Pressmeddelande Idag, under Regionfullm\u00e4ktiges sammantr\u00e4de, antogs den regionala utvecklingsplanen f\u00f6r Barn- och Ungdomspsykiatrin f\u00f6r 2017 &#8211; 2020. Planen syftar till att utg\u00f6ra grund f\u00f6r utveckling av den specialiserade Barn- och Ungdomspsykiatriska v\u00e5rden i V\u00e4stra G\u00f6talandsregionen s\u00e5 att barn och ungdomar med psykisk oh\u00e4lsa och deras v\u00e5rdnadshavare skall ges b\u00e4ttre v\u00e5rd och st\u00f6dinsatser.<\/p>\n","protected":false},"author":726,"featured_media":0,"comment_status":"closed","ping_status":"closed","sticky":false,"template":"","format":"standard","meta":{"_acf_changed":false,"footnotes":""},"categories":[9,6],"tags":[12,24,19],"class_list":["post-440","post","type-post","status-publish","format-standard","hentry","category-halso-och-sjukvard","category-http-wp-kristdemokraterna-se-vg-pressmeddelanden","tag-halso-och-sjukvard","tag-monica-selin","tag-psykiatri"],"acf":[],"yoast_head":"<!-- This site is optimized with the Yoast SEO plugin v27.4 - https:\/\/yoast.com\/product\/yoast-seo-wordpress\/ -->\n<title>Utvecklingsplan f\u00f6r barn- och ungdomspsykiatrin antagen - V\u00e4stra G\u00f6talandsregionen<\/title>\n<meta name=\"robots\" content=\"index, follow, max-snippet:-1, max-image-preview:large, max-video-preview:-1\" \/>\n<link rel=\"canonical\" href=\"https:\/\/wp.kristdemokraterna.se\/vg\/utvecklingsplan-for-barn-och-ungdomspsykiatrin-antagen\/\" \/>\n<meta property=\"og:locale\" content=\"sv_SE\" \/>\n<meta property=\"og:type\" content=\"article\" \/>\n<meta property=\"og:title\" content=\"Utvecklingsplan f\u00f6r barn- och ungdomspsykiatrin antagen - V\u00e4stra G\u00f6talandsregionen\" \/>\n<meta property=\"og:description\" content=\"Pressmeddelande Idag, under Regionfullm\u00e4ktiges sammantr\u00e4de, antogs den regionala utvecklingsplanen f\u00f6r Barn- och Ungdomspsykiatrin f\u00f6r 2017 &#8211; 2020. Planen syftar till att utg\u00f6ra grund f\u00f6r utveckling av den specialiserade Barn- och Ungdomspsykiatriska v\u00e5rden i V\u00e4stra G\u00f6talandsregionen s\u00e5 att barn och ungdomar med psykisk oh\u00e4lsa och deras v\u00e5rdnadshavare skall ges b\u00e4ttre v\u00e5rd och st\u00f6dinsatser.\" \/>\n<meta property=\"og:url\" content=\"https:\/\/wp.kristdemokraterna.se\/vg\/utvecklingsplan-for-barn-och-ungdomspsykiatrin-antagen\/\" \/>\n<meta property=\"og:site_name\" content=\"V\u00e4stra G\u00f6talandsregionen\" \/>\n<meta property=\"article:published_time\" content=\"2017-01-31T14:09:17+00:00\" \/>\n<meta property=\"article:modified_time\" content=\"2017-01-31T14:10:03+00:00\" \/>\n<meta property=\"og:image\" content=\"https:\/\/wp.kristdemokraterna.se\/vg\/files\/2022\/06\/logga.jpg\" \/>\n\t<meta property=\"og:image:width\" content=\"754\" \/>\n\t<meta property=\"og:image:height\" content=\"698\" \/>\n\t<meta property=\"og:image:type\" content=\"image\/jpeg\" \/>\n<meta name=\"author\" content=\"vg\" \/>\n<meta name=\"twitter:card\" content=\"summary_large_image\" \/>\n<meta name=\"twitter:creator\" content=\"@KD_VGR\" \/>\n<meta name=\"twitter:site\" content=\"@KD_VGR\" \/>\n<meta name=\"twitter:label1\" content=\"Skriven av\" \/>\n\t<meta name=\"twitter:data1\" content=\"vg\" \/>\n\t<meta name=\"twitter:label2\" content=\"Ber\u00e4knad l\u00e4stid\" \/>\n\t<meta name=\"twitter:data2\" content=\"1 minut\" \/>\n<script type=\"application\/ld+json\" class=\"yoast-schema-graph\">{\"@context\":\"https:\\\/\\\/schema.org\",\"@graph\":[{\"@type\":\"Article\",\"@id\":\"https:\\\/\\\/wp.kristdemokraterna.se\\\/vg\\\/utvecklingsplan-for-barn-och-ungdomspsykiatrin-antagen\\\/#article\",\"isPartOf\":{\"@id\":\"https:\\\/\\\/wp.kristdemokraterna.se\\\/vg\\\/utvecklingsplan-for-barn-och-ungdomspsykiatrin-antagen\\\/\"},\"author\":{\"name\":\"vg\",\"@id\":\"https:\\\/\\\/wp.kristdemokraterna.se\\\/vg\\\/#\\\/schema\\\/person\\\/485c1ff01f1324aafbb92705c598210f\"},\"headline\":\"Utvecklingsplan f\u00f6r barn- och ungdomspsykiatrin antagen\",\"datePublished\":\"2017-01-31T14:09:17+00:00\",\"dateModified\":\"2017-01-31T14:10:03+00:00\",\"mainEntityOfPage\":{\"@id\":\"https:\\\/\\\/wp.kristdemokraterna.se\\\/vg\\\/utvecklingsplan-for-barn-och-ungdomspsykiatrin-antagen\\\/\"},\"wordCount\":298,\"keywords\":[\"H\u00e4lso- och sjukv\u00e5rd\",\"Monica Selin\",\"Psykiatri\"],\"articleSection\":[\"H\u00e4lso- och sjukv\u00e5rd\",\"Pressmeddelanden\"],\"inLanguage\":\"sv-SE\"},{\"@type\":\"WebPage\",\"@id\":\"https:\\\/\\\/wp.kristdemokraterna.se\\\/vg\\\/utvecklingsplan-for-barn-och-ungdomspsykiatrin-antagen\\\/\",\"url\":\"https:\\\/\\\/wp.kristdemokraterna.se\\\/vg\\\/utvecklingsplan-for-barn-och-ungdomspsykiatrin-antagen\\\/\",\"name\":\"Utvecklingsplan f\u00f6r barn- och ungdomspsykiatrin antagen - V\u00e4stra G\u00f6talandsregionen\",\"isPartOf\":{\"@id\":\"https:\\\/\\\/wp.kristdemokraterna.se\\\/vg\\\/#website\"},\"datePublished\":\"2017-01-31T14:09:17+00:00\",\"dateModified\":\"2017-01-31T14:10:03+00:00\",\"author\":{\"@id\":\"https:\\\/\\\/wp.kristdemokraterna.se\\\/vg\\\/#\\\/schema\\\/person\\\/485c1ff01f1324aafbb92705c598210f\"},\"breadcrumb\":{\"@id\":\"https:\\\/\\\/wp.kristdemokraterna.se\\\/vg\\\/utvecklingsplan-for-barn-och-ungdomspsykiatrin-antagen\\\/#breadcrumb\"},\"inLanguage\":\"sv-SE\",\"potentialAction\":[{\"@type\":\"ReadAction\",\"target\":[\"https:\\\/\\\/wp.kristdemokraterna.se\\\/vg\\\/utvecklingsplan-for-barn-och-ungdomspsykiatrin-antagen\\\/\"]}]},{\"@type\":\"BreadcrumbList\",\"@id\":\"https:\\\/\\\/wp.kristdemokraterna.se\\\/vg\\\/utvecklingsplan-for-barn-och-ungdomspsykiatrin-antagen\\\/#breadcrumb\",\"itemListElement\":[{\"@type\":\"ListItem\",\"position\":1,\"name\":\"Hem\",\"item\":\"https:\\\/\\\/wp.kristdemokraterna.se\\\/vg\\\/\"},{\"@type\":\"ListItem\",\"position\":2,\"name\":\"Utvecklingsplan f\u00f6r barn- och ungdomspsykiatrin antagen\"}]},{\"@type\":\"WebSite\",\"@id\":\"https:\\\/\\\/wp.kristdemokraterna.se\\\/vg\\\/#website\",\"url\":\"https:\\\/\\\/wp.kristdemokraterna.se\\\/vg\\\/\",\"name\":\"V\u00e4stra G\u00f6talandsregionen\",\"description\":\"\",\"inLanguage\":\"sv-SE\"},{\"@type\":\"Person\",\"@id\":\"https:\\\/\\\/wp.kristdemokraterna.se\\\/vg\\\/#\\\/schema\\\/person\\\/485c1ff01f1324aafbb92705c598210f\",\"name\":\"vg\",\"image\":{\"@type\":\"ImageObject\",\"inLanguage\":\"sv-SE\",\"@id\":\"https:\\\/\\\/secure.gravatar.com\\\/avatar\\\/387c874425c7747be372c14ca2d69e1689502257d65ec3b403b441b6435e48d8?s=96&d=mm&r=g\",\"url\":\"https:\\\/\\\/secure.gravatar.com\\\/avatar\\\/387c874425c7747be372c14ca2d69e1689502257d65ec3b403b441b6435e48d8?s=96&d=mm&r=g\",\"contentUrl\":\"https:\\\/\\\/secure.gravatar.com\\\/avatar\\\/387c874425c7747be372c14ca2d69e1689502257d65ec3b403b441b6435e48d8?s=96&d=mm&r=g\",\"caption\":\"vg\"},\"url\":\"https:\\\/\\\/wp.kristdemokraterna.se\\\/vg\\\/author\\\/vg\\\/\"}]}<\/script>\n<!-- \/ Yoast SEO plugin. -->","yoast_head_json":{"title":"Utvecklingsplan f\u00f6r barn- och ungdomspsykiatrin antagen - V\u00e4stra G\u00f6talandsregionen","robots":{"index":"index","follow":"follow","max-snippet":"max-snippet:-1","max-image-preview":"max-image-preview:large","max-video-preview":"max-video-preview:-1"},"canonical":"https:\/\/wp.kristdemokraterna.se\/vg\/utvecklingsplan-for-barn-och-ungdomspsykiatrin-antagen\/","og_locale":"sv_SE","og_type":"article","og_title":"Utvecklingsplan f\u00f6r barn- och ungdomspsykiatrin antagen - V\u00e4stra G\u00f6talandsregionen","og_description":"Pressmeddelande Idag, under Regionfullm\u00e4ktiges sammantr\u00e4de, antogs den regionala utvecklingsplanen f\u00f6r Barn- och Ungdomspsykiatrin f\u00f6r 2017 &#8211; 2020. Planen syftar till att utg\u00f6ra grund f\u00f6r utveckling av den specialiserade Barn- och Ungdomspsykiatriska v\u00e5rden i V\u00e4stra G\u00f6talandsregionen s\u00e5 att barn och ungdomar med psykisk oh\u00e4lsa och deras v\u00e5rdnadshavare skall ges b\u00e4ttre v\u00e5rd och st\u00f6dinsatser.","og_url":"https:\/\/wp.kristdemokraterna.se\/vg\/utvecklingsplan-for-barn-och-ungdomspsykiatrin-antagen\/","og_site_name":"V\u00e4stra G\u00f6talandsregionen","article_published_time":"2017-01-31T14:09:17+00:00","article_modified_time":"2017-01-31T14:10:03+00:00","og_image":[{"width":754,"height":698,"url":"https:\/\/wp.kristdemokraterna.se\/vg\/files\/2022\/06\/logga.jpg","type":"image\/jpeg"}],"author":"vg","twitter_card":"summary_large_image","twitter_creator":"@KD_VGR","twitter_site":"@KD_VGR","twitter_misc":{"Skriven av":"vg","Ber\u00e4knad l\u00e4stid":"1 minut"},"schema":{"@context":"https:\/\/schema.org","@graph":[{"@type":"Article","@id":"https:\/\/wp.kristdemokraterna.se\/vg\/utvecklingsplan-for-barn-och-ungdomspsykiatrin-antagen\/#article","isPartOf":{"@id":"https:\/\/wp.kristdemokraterna.se\/vg\/utvecklingsplan-for-barn-och-ungdomspsykiatrin-antagen\/"},"author":{"name":"vg","@id":"https:\/\/wp.kristdemokraterna.se\/vg\/#\/schema\/person\/485c1ff01f1324aafbb92705c598210f"},"headline":"Utvecklingsplan f\u00f6r barn- och ungdomspsykiatrin antagen","datePublished":"2017-01-31T14:09:17+00:00","dateModified":"2017-01-31T14:10:03+00:00","mainEntityOfPage":{"@id":"https:\/\/wp.kristdemokraterna.se\/vg\/utvecklingsplan-for-barn-och-ungdomspsykiatrin-antagen\/"},"wordCount":298,"keywords":["H\u00e4lso- och sjukv\u00e5rd","Monica Selin","Psykiatri"],"articleSection":["H\u00e4lso- och sjukv\u00e5rd","Pressmeddelanden"],"inLanguage":"sv-SE"},{"@type":"WebPage","@id":"https:\/\/wp.kristdemokraterna.se\/vg\/utvecklingsplan-for-barn-och-ungdomspsykiatrin-antagen\/","url":"https:\/\/wp.kristdemokraterna.se\/vg\/utvecklingsplan-for-barn-och-ungdomspsykiatrin-antagen\/","name":"Utvecklingsplan f\u00f6r barn- och ungdomspsykiatrin antagen - V\u00e4stra G\u00f6talandsregionen","isPartOf":{"@id":"https:\/\/wp.kristdemokraterna.se\/vg\/#website"},"datePublished":"2017-01-31T14:09:17+00:00","dateModified":"2017-01-31T14:10:03+00:00","author":{"@id":"https:\/\/wp.kristdemokraterna.se\/vg\/#\/schema\/person\/485c1ff01f1324aafbb92705c598210f"},"breadcrumb":{"@id":"https:\/\/wp.kristdemokraterna.se\/vg\/utvecklingsplan-for-barn-och-ungdomspsykiatrin-antagen\/#breadcrumb"},"inLanguage":"sv-SE","potentialAction":[{"@type":"ReadAction","target":["https:\/\/wp.kristdemokraterna.se\/vg\/utvecklingsplan-for-barn-och-ungdomspsykiatrin-antagen\/"]}]},{"@type":"BreadcrumbList","@id":"https:\/\/wp.kristdemokraterna.se\/vg\/utvecklingsplan-for-barn-och-ungdomspsykiatrin-antagen\/#breadcrumb","itemListElement":[{"@type":"ListItem","position":1,"name":"Hem","item":"https:\/\/wp.kristdemokraterna.se\/vg\/"},{"@type":"ListItem","position":2,"name":"Utvecklingsplan f\u00f6r barn- och ungdomspsykiatrin antagen"}]},{"@type":"WebSite","@id":"https:\/\/wp.kristdemokraterna.se\/vg\/#website","url":"https:\/\/wp.kristdemokraterna.se\/vg\/","name":"V\u00e4stra G\u00f6talandsregionen","description":"","inLanguage":"sv-SE"},{"@type":"Person","@id":"https:\/\/wp.kristdemokraterna.se\/vg\/#\/schema\/person\/485c1ff01f1324aafbb92705c598210f","name":"vg","image":{"@type":"ImageObject","inLanguage":"sv-SE","@id":"https:\/\/secure.gravatar.com\/avatar\/387c874425c7747be372c14ca2d69e1689502257d65ec3b403b441b6435e48d8?s=96&d=mm&r=g","url":"https:\/\/secure.gravatar.com\/avatar\/387c874425c7747be372c14ca2d69e1689502257d65ec3b403b441b6435e48d8?s=96&d=mm&r=g","contentUrl":"https:\/\/secure.gravatar.com\/avatar\/387c874425c7747be372c14ca2d69e1689502257d65ec3b403b441b6435e48d8?s=96&d=mm&r=g","caption":"vg"},"url":"https:\/\/wp.kristdemokraterna.se\/vg\/author\/vg\/"}]}},"_links":{"self":[{"href":"https:\/\/wp.kristdemokraterna.se\/vg\/wp-json\/wp\/v2\/posts\/440","targetHints":{"allow":["GET"]}}],"collection":[{"href":"https:\/\/wp.kristdemokraterna.se\/vg\/wp-json\/wp\/v2\/posts"}],"about":[{"href":"https:\/\/wp.kristdemokraterna.se\/vg\/wp-json\/wp\/v2\/types\/post"}],"author":[{"embeddable":true,"href":"https:\/\/wp.kristdemokraterna.se\/vg\/wp-json\/wp\/v2\/users\/726"}],"replies":[{"embeddable":true,"href":"https:\/\/wp.kristdemokraterna.se\/vg\/wp-json\/wp\/v2\/comments?post=440"}],"version-history":[{"count":2,"href":"https:\/\/wp.kristdemokraterna.se\/vg\/wp-json\/wp\/v2\/posts\/440\/revisions"}],"predecessor-version":[{"id":442,"href":"https:\/\/wp.kristdemokraterna.se\/vg\/wp-json\/wp\/v2\/posts\/440\/revisions\/442"}],"wp:attachment":[{"href":"https:\/\/wp.kristdemokraterna.se\/vg\/wp-json\/wp\/v2\/media?parent=440"}],"wp:term":[{"taxonomy":"category","embeddable":true,"href":"https:\/\/wp.kristdemokraterna.se\/vg\/wp-json\/wp\/v2\/categories?post=440"},{"taxonomy":"post_tag","embeddable":true,"href":"https:\/\/wp.kristdemokraterna.se\/vg\/wp-json\/wp\/v2\/tags?post=440"}],"curies":[{"name":"wp","href":"https:\/\/api.w.org\/{rel}","templated":true}]}}