{"id":577,"date":"2017-09-12T15:30:52","date_gmt":"2017-09-12T13:30:52","guid":{"rendered":"http:\/\/wp.kristdemokraterna.se\/vg\/?p=577"},"modified":"2017-09-28T13:14:44","modified_gmt":"2017-09-28T11:14:44","slug":"ta-psykisk-ohalsa-pa-allvar","status":"publish","type":"post","link":"https:\/\/wp.kristdemokraterna.se\/vg\/ta-psykisk-ohalsa-pa-allvar\/","title":{"rendered":"Ta psykisk oh\u00e4lsa p\u00e5 allvar"},"content":{"rendered":"<p><strong>Debattartikel GT &#8211; Monica Selin<\/strong><br \/>\nI dag inleds den nationella suicidpreventiva konferensen i G\u00f6teborg. Arbetet f\u00f6r att f\u00f6rb\u00e4ttra m\u00e4nniskors liv som har psykisk oh\u00e4lsa m\u00e5ste forts\u00e4tta of\u00f6rtrutet.<br \/>\n<!--more--><\/p>\n<p>Den elfte nationella suicidpreventiva konferensen kommer att \u00e4ga rum med start i dag i G\u00f6teborg. Var sj\u00e4tte timme tar en m\u00e4nniska livet av sig i Sverige. Varje dag. \u00c5ret om. Tio g\u00e5nger fler g\u00f6r ett suicidf\u00f6rs\u00f6k och ytterligare tio g\u00e5nger fler \u00f6verv\u00e4ger att ta sitt liv.<br \/>\nBakom alla siffror i statistiken g\u00f6mmer sig medm\u00e4nniskor i behov av v\u00e5rd och st\u00f6d. Vid varje sj\u00e4lvmord och varje sj\u00e4lvmordsf\u00f6rs\u00f6k drabbas ocks\u00e5 n\u00e4ra och k\u00e4ra, v\u00e4nner och anh\u00f6riga. D\u00e4rf\u00f6r \u00e4r det viktigt att ta utmaningen med den psykiska oh\u00e4lsan p\u00e5 allvar.<\/p>\n<p>Trots att psykisk oh\u00e4lsa \u00e4r utbredd har psykiatrin historiskt sett haft mycket sv\u00e5rt att h\u00e4vda sig gentemot den somatiska v\u00e5rden. Tyv\u00e4rr. V\u00e5rdens tillkortakommande har inneburit on\u00f6digt lidande f\u00f6r m\u00e4nniskor som inte s\u00e4llan bollats mellan olika v\u00e5rdinstanser.<\/p>\n<p>Men sedan 2015 utg\u00f6r psykiatrin ett prioriterat omr\u00e5de i V\u00e4stra G\u00f6talandsregionen. Fr\u00e5n det \u00e5ret har regionen, stegvis, \u00f6kat anslagen till psykiatrin med en kvarts miljard kronor. Dock tar det tid att b\u00e5de utbilda personal och att utveckla verksamheten. D\u00e4rf\u00f6r \u00e4r det viktigt med fortsatta satsningar p\u00e5 utbildning, kompetensutveckling och p\u00e5 verksamhetsutveckling med mer subspecialisering f\u00f6r en b\u00e4ttre v\u00e5rd.<\/p>\n<p>I V\u00e4stra G\u00f6talandsregionen f\u00f6rst\u00e4rktes sj\u00e4lvskadev\u00e5rden 2015 bland annat genom inr\u00e4ttande av behandlingsteam i hela V\u00e4stra G\u00f6taland. Och under senare \u00e5r har sj\u00e4lvskadev\u00e5rden utvecklats och v\u00e5rden har blivit mycket b\u00e4ttre p\u00e5 att arbeta med evidensbaserade metoder. Men fortfarande saknas riktigt bra v\u00e5rd f\u00f6r de allra sv\u00e5rast sjukaste patienter inom denna grupp, och som ofta har en komplex psykiatrisk problembild.<\/p>\n<p>Regionen har d\u00e4rf\u00f6r fattat ett viktigt beslut om att inr\u00e4tta en enhet f\u00f6r h\u00f6gspecialiserad v\u00e5rd f\u00f6r patienter med sj\u00e4lvskadebeteende. Enheten kommer att organiseras under Sahlgrenska universitetssjukhuset, Psykiatri affektiva. Denna satsning \u00e4r oerh\u00f6rt viktig del f\u00f6r att bygga upp en v\u00e5rd som kan m\u00f6ta en patientgrupp som hittills inte kunnat f\u00e5 sina v\u00e5rdbehov tillgodosedda p\u00e5 ett tillr\u00e4ckligt bra s\u00e4tt. Det handlar om patienter med allvarliga, ofta livshotande, sj\u00e4lvskadebeteenden eller som inte blivit hj\u00e4lpta av andra metoder. Den h\u00f6gspecialiserade enheten har i uppdrag att utg\u00f6ra en resurs f\u00f6r hela V\u00e4stra G\u00f6talandsregionen. Det inneb\u00e4r krav p\u00e5 ett ut\u00e5triktat arbete med konsultation och kunskapsspridning. Det inneb\u00e4r ocks\u00e5 ett n\u00e4ra samarbete med forskningen och att ligga i framkant n\u00e4r det g\u00e4ller utveckling av v\u00e5rden.<\/p>\n<p>F\u00f6r m\u00e4nniskor som t\u00e4nker p\u00e5, planerar och f\u00f6rs\u00f6ker genomf\u00f6ra suicid spelar sjukv\u00e5rden en mycket viktig roll. Naturligtvis f\u00f6r att f\u00f6rebygga i ett tidigt skede, men ocks\u00e5 f\u00f6r att r\u00e4dda liv i en akut situation eller hj\u00e4lpa p\u00e5 v\u00e4gen tillbaka efter ett suicidf\u00f6rs\u00f6k. Men hur tillg\u00e4nglig och h\u00f6gkvalitativ sjukv\u00e5rden \u00e4n lyckas bli s\u00e5 kan den aldrig ers\u00e4tta m\u00e4nskliga m\u00f6ten d\u00e4r var och en av oss kan g\u00f6ra skillnad f\u00f6r medm\u00e4nniskor som m\u00e5r d\u00e5ligt.<\/p>\n<p>D\u00e4rf\u00f6r tog Psykiatriberedningen i V\u00e4stra G\u00f6talandsregionen f\u00f6rra \u00e5ret initiativ till kampanjen \u201dSteg f\u00f6r livet\u201d, som riktat sig till allm\u00e4nheten med syfte att bryta tabut kring sj\u00e4lvmord och att st\u00f6tta m\u00e4nniskor i m\u00f6tet med personer som m\u00e5r d\u00e5ligt.<\/p>\n<p>Den nationella suicidpreventiva konferensen i G\u00f6teborg arrangeras av Suicidprevention i V\u00e4st tillsammans med V\u00e4stra G\u00f6talandsregionen och G\u00f6teborgs stad i samverkan med Folkh\u00e4lsomyndigheten och Nationellt centrum f\u00f6r suicidforskning och prevention av psykisk oh\u00e4lsa och Karolinska institutet. Genom denna typ av initiativ sprids kunskapen och fr\u00e5gan om sj\u00e4lvskadev\u00e5rd h\u00e5lls kvar p\u00e5 agendan. Och det \u00e4r oerh\u00f6rt viktigt.<\/p>\n<p>Den psykiska oh\u00e4lsan m\u00e5ste tas p\u00e5 allvar och d\u00e4rf\u00f6r kan jag inte nog understryka vikten av att forts\u00e4tta f\u00f6rst\u00e4rka och utveckla v\u00e5rden f\u00f6r att minska den psykiska oh\u00e4lsan och f\u00f6rb\u00e4ttra omh\u00e4ndertagandet av patienter med psykisk sjukdom.<\/p>\n<p><strong>Monica Selin (KD)<\/strong><br \/>\n<strong>Regionr\u00e5d och ordf\u00f6rande i Psykiatriberedningen<\/strong><\/p>\n","protected":false},"excerpt":{"rendered":"<p>Debattartikel GT &#8211; Monica Selin I dag inleds den nationella suicidpreventiva konferensen i G\u00f6teborg. Arbetet f\u00f6r att f\u00f6rb\u00e4ttra m\u00e4nniskors liv som har psykisk oh\u00e4lsa m\u00e5ste forts\u00e4tta of\u00f6rtrutet.<\/p>\n","protected":false},"author":726,"featured_media":0,"comment_status":"closed","ping_status":"closed","sticky":false,"template":"","format":"standard","meta":{"_acf_changed":false,"footnotes":""},"categories":[7,9],"tags":[24,19,25,54],"class_list":["post-577","post","type-post","status-publish","format-standard","hentry","category-debattartiklar","category-halso-och-sjukvard","tag-monica-selin","tag-psykiatri","tag-psykiatriberedningen","tag-suicid"],"acf":[],"yoast_head":"<!-- This site is optimized with the Yoast SEO plugin v27.4 - https:\/\/yoast.com\/product\/yoast-seo-wordpress\/ -->\n<title>Ta psykisk oh\u00e4lsa p\u00e5 allvar - V\u00e4stra G\u00f6talandsregionen<\/title>\n<meta name=\"robots\" content=\"index, follow, max-snippet:-1, max-image-preview:large, max-video-preview:-1\" \/>\n<link rel=\"canonical\" href=\"https:\/\/wp.kristdemokraterna.se\/vg\/ta-psykisk-ohalsa-pa-allvar\/\" \/>\n<meta property=\"og:locale\" content=\"sv_SE\" \/>\n<meta property=\"og:type\" content=\"article\" \/>\n<meta property=\"og:title\" content=\"Ta psykisk oh\u00e4lsa p\u00e5 allvar - V\u00e4stra G\u00f6talandsregionen\" \/>\n<meta property=\"og:description\" content=\"Debattartikel GT &#8211; Monica Selin I dag inleds den nationella suicidpreventiva konferensen i G\u00f6teborg. Arbetet f\u00f6r att f\u00f6rb\u00e4ttra m\u00e4nniskors liv som har psykisk oh\u00e4lsa m\u00e5ste forts\u00e4tta of\u00f6rtrutet.\" \/>\n<meta property=\"og:url\" content=\"https:\/\/wp.kristdemokraterna.se\/vg\/ta-psykisk-ohalsa-pa-allvar\/\" \/>\n<meta property=\"og:site_name\" content=\"V\u00e4stra G\u00f6talandsregionen\" \/>\n<meta property=\"article:published_time\" content=\"2017-09-12T13:30:52+00:00\" \/>\n<meta property=\"article:modified_time\" content=\"2017-09-28T11:14:44+00:00\" \/>\n<meta property=\"og:image\" content=\"https:\/\/wp.kristdemokraterna.se\/vg\/files\/2022\/06\/logga.jpg\" \/>\n\t<meta property=\"og:image:width\" content=\"754\" \/>\n\t<meta property=\"og:image:height\" content=\"698\" \/>\n\t<meta property=\"og:image:type\" content=\"image\/jpeg\" \/>\n<meta name=\"author\" content=\"vg\" \/>\n<meta name=\"twitter:card\" content=\"summary_large_image\" \/>\n<meta name=\"twitter:creator\" content=\"@KD_VGR\" \/>\n<meta name=\"twitter:site\" content=\"@KD_VGR\" \/>\n<meta name=\"twitter:label1\" content=\"Skriven av\" \/>\n\t<meta name=\"twitter:data1\" content=\"vg\" \/>\n\t<meta name=\"twitter:label2\" content=\"Ber\u00e4knad l\u00e4stid\" \/>\n\t<meta name=\"twitter:data2\" content=\"4 minuter\" \/>\n<script type=\"application\/ld+json\" class=\"yoast-schema-graph\">{\"@context\":\"https:\\\/\\\/schema.org\",\"@graph\":[{\"@type\":\"Article\",\"@id\":\"https:\\\/\\\/wp.kristdemokraterna.se\\\/vg\\\/ta-psykisk-ohalsa-pa-allvar\\\/#article\",\"isPartOf\":{\"@id\":\"https:\\\/\\\/wp.kristdemokraterna.se\\\/vg\\\/ta-psykisk-ohalsa-pa-allvar\\\/\"},\"author\":{\"name\":\"vg\",\"@id\":\"https:\\\/\\\/wp.kristdemokraterna.se\\\/vg\\\/#\\\/schema\\\/person\\\/485c1ff01f1324aafbb92705c598210f\"},\"headline\":\"Ta psykisk oh\u00e4lsa p\u00e5 allvar\",\"datePublished\":\"2017-09-12T13:30:52+00:00\",\"dateModified\":\"2017-09-28T11:14:44+00:00\",\"mainEntityOfPage\":{\"@id\":\"https:\\\/\\\/wp.kristdemokraterna.se\\\/vg\\\/ta-psykisk-ohalsa-pa-allvar\\\/\"},\"wordCount\":765,\"keywords\":[\"Monica Selin\",\"Psykiatri\",\"Psykiatriberedningen\",\"suicid\"],\"articleSection\":[\"Debattartiklar\",\"H\u00e4lso- och sjukv\u00e5rd\"],\"inLanguage\":\"sv-SE\"},{\"@type\":\"WebPage\",\"@id\":\"https:\\\/\\\/wp.kristdemokraterna.se\\\/vg\\\/ta-psykisk-ohalsa-pa-allvar\\\/\",\"url\":\"https:\\\/\\\/wp.kristdemokraterna.se\\\/vg\\\/ta-psykisk-ohalsa-pa-allvar\\\/\",\"name\":\"Ta psykisk oh\u00e4lsa p\u00e5 allvar - V\u00e4stra G\u00f6talandsregionen\",\"isPartOf\":{\"@id\":\"https:\\\/\\\/wp.kristdemokraterna.se\\\/vg\\\/#website\"},\"datePublished\":\"2017-09-12T13:30:52+00:00\",\"dateModified\":\"2017-09-28T11:14:44+00:00\",\"author\":{\"@id\":\"https:\\\/\\\/wp.kristdemokraterna.se\\\/vg\\\/#\\\/schema\\\/person\\\/485c1ff01f1324aafbb92705c598210f\"},\"breadcrumb\":{\"@id\":\"https:\\\/\\\/wp.kristdemokraterna.se\\\/vg\\\/ta-psykisk-ohalsa-pa-allvar\\\/#breadcrumb\"},\"inLanguage\":\"sv-SE\",\"potentialAction\":[{\"@type\":\"ReadAction\",\"target\":[\"https:\\\/\\\/wp.kristdemokraterna.se\\\/vg\\\/ta-psykisk-ohalsa-pa-allvar\\\/\"]}]},{\"@type\":\"BreadcrumbList\",\"@id\":\"https:\\\/\\\/wp.kristdemokraterna.se\\\/vg\\\/ta-psykisk-ohalsa-pa-allvar\\\/#breadcrumb\",\"itemListElement\":[{\"@type\":\"ListItem\",\"position\":1,\"name\":\"Hem\",\"item\":\"https:\\\/\\\/wp.kristdemokraterna.se\\\/vg\\\/\"},{\"@type\":\"ListItem\",\"position\":2,\"name\":\"Ta psykisk oh\u00e4lsa p\u00e5 allvar\"}]},{\"@type\":\"WebSite\",\"@id\":\"https:\\\/\\\/wp.kristdemokraterna.se\\\/vg\\\/#website\",\"url\":\"https:\\\/\\\/wp.kristdemokraterna.se\\\/vg\\\/\",\"name\":\"V\u00e4stra G\u00f6talandsregionen\",\"description\":\"\",\"inLanguage\":\"sv-SE\"},{\"@type\":\"Person\",\"@id\":\"https:\\\/\\\/wp.kristdemokraterna.se\\\/vg\\\/#\\\/schema\\\/person\\\/485c1ff01f1324aafbb92705c598210f\",\"name\":\"vg\",\"image\":{\"@type\":\"ImageObject\",\"inLanguage\":\"sv-SE\",\"@id\":\"https:\\\/\\\/secure.gravatar.com\\\/avatar\\\/387c874425c7747be372c14ca2d69e1689502257d65ec3b403b441b6435e48d8?s=96&d=mm&r=g\",\"url\":\"https:\\\/\\\/secure.gravatar.com\\\/avatar\\\/387c874425c7747be372c14ca2d69e1689502257d65ec3b403b441b6435e48d8?s=96&d=mm&r=g\",\"contentUrl\":\"https:\\\/\\\/secure.gravatar.com\\\/avatar\\\/387c874425c7747be372c14ca2d69e1689502257d65ec3b403b441b6435e48d8?s=96&d=mm&r=g\",\"caption\":\"vg\"},\"url\":\"https:\\\/\\\/wp.kristdemokraterna.se\\\/vg\\\/author\\\/vg\\\/\"}]}<\/script>\n<!-- \/ Yoast SEO plugin. -->","yoast_head_json":{"title":"Ta psykisk oh\u00e4lsa p\u00e5 allvar - V\u00e4stra G\u00f6talandsregionen","robots":{"index":"index","follow":"follow","max-snippet":"max-snippet:-1","max-image-preview":"max-image-preview:large","max-video-preview":"max-video-preview:-1"},"canonical":"https:\/\/wp.kristdemokraterna.se\/vg\/ta-psykisk-ohalsa-pa-allvar\/","og_locale":"sv_SE","og_type":"article","og_title":"Ta psykisk oh\u00e4lsa p\u00e5 allvar - V\u00e4stra G\u00f6talandsregionen","og_description":"Debattartikel GT &#8211; Monica Selin I dag inleds den nationella suicidpreventiva konferensen i G\u00f6teborg. Arbetet f\u00f6r att f\u00f6rb\u00e4ttra m\u00e4nniskors liv som har psykisk oh\u00e4lsa m\u00e5ste forts\u00e4tta of\u00f6rtrutet.","og_url":"https:\/\/wp.kristdemokraterna.se\/vg\/ta-psykisk-ohalsa-pa-allvar\/","og_site_name":"V\u00e4stra G\u00f6talandsregionen","article_published_time":"2017-09-12T13:30:52+00:00","article_modified_time":"2017-09-28T11:14:44+00:00","og_image":[{"width":754,"height":698,"url":"https:\/\/wp.kristdemokraterna.se\/vg\/files\/2022\/06\/logga.jpg","type":"image\/jpeg"}],"author":"vg","twitter_card":"summary_large_image","twitter_creator":"@KD_VGR","twitter_site":"@KD_VGR","twitter_misc":{"Skriven av":"vg","Ber\u00e4knad l\u00e4stid":"4 minuter"},"schema":{"@context":"https:\/\/schema.org","@graph":[{"@type":"Article","@id":"https:\/\/wp.kristdemokraterna.se\/vg\/ta-psykisk-ohalsa-pa-allvar\/#article","isPartOf":{"@id":"https:\/\/wp.kristdemokraterna.se\/vg\/ta-psykisk-ohalsa-pa-allvar\/"},"author":{"name":"vg","@id":"https:\/\/wp.kristdemokraterna.se\/vg\/#\/schema\/person\/485c1ff01f1324aafbb92705c598210f"},"headline":"Ta psykisk oh\u00e4lsa p\u00e5 allvar","datePublished":"2017-09-12T13:30:52+00:00","dateModified":"2017-09-28T11:14:44+00:00","mainEntityOfPage":{"@id":"https:\/\/wp.kristdemokraterna.se\/vg\/ta-psykisk-ohalsa-pa-allvar\/"},"wordCount":765,"keywords":["Monica Selin","Psykiatri","Psykiatriberedningen","suicid"],"articleSection":["Debattartiklar","H\u00e4lso- och sjukv\u00e5rd"],"inLanguage":"sv-SE"},{"@type":"WebPage","@id":"https:\/\/wp.kristdemokraterna.se\/vg\/ta-psykisk-ohalsa-pa-allvar\/","url":"https:\/\/wp.kristdemokraterna.se\/vg\/ta-psykisk-ohalsa-pa-allvar\/","name":"Ta psykisk oh\u00e4lsa p\u00e5 allvar - V\u00e4stra G\u00f6talandsregionen","isPartOf":{"@id":"https:\/\/wp.kristdemokraterna.se\/vg\/#website"},"datePublished":"2017-09-12T13:30:52+00:00","dateModified":"2017-09-28T11:14:44+00:00","author":{"@id":"https:\/\/wp.kristdemokraterna.se\/vg\/#\/schema\/person\/485c1ff01f1324aafbb92705c598210f"},"breadcrumb":{"@id":"https:\/\/wp.kristdemokraterna.se\/vg\/ta-psykisk-ohalsa-pa-allvar\/#breadcrumb"},"inLanguage":"sv-SE","potentialAction":[{"@type":"ReadAction","target":["https:\/\/wp.kristdemokraterna.se\/vg\/ta-psykisk-ohalsa-pa-allvar\/"]}]},{"@type":"BreadcrumbList","@id":"https:\/\/wp.kristdemokraterna.se\/vg\/ta-psykisk-ohalsa-pa-allvar\/#breadcrumb","itemListElement":[{"@type":"ListItem","position":1,"name":"Hem","item":"https:\/\/wp.kristdemokraterna.se\/vg\/"},{"@type":"ListItem","position":2,"name":"Ta psykisk oh\u00e4lsa p\u00e5 allvar"}]},{"@type":"WebSite","@id":"https:\/\/wp.kristdemokraterna.se\/vg\/#website","url":"https:\/\/wp.kristdemokraterna.se\/vg\/","name":"V\u00e4stra G\u00f6talandsregionen","description":"","inLanguage":"sv-SE"},{"@type":"Person","@id":"https:\/\/wp.kristdemokraterna.se\/vg\/#\/schema\/person\/485c1ff01f1324aafbb92705c598210f","name":"vg","image":{"@type":"ImageObject","inLanguage":"sv-SE","@id":"https:\/\/secure.gravatar.com\/avatar\/387c874425c7747be372c14ca2d69e1689502257d65ec3b403b441b6435e48d8?s=96&d=mm&r=g","url":"https:\/\/secure.gravatar.com\/avatar\/387c874425c7747be372c14ca2d69e1689502257d65ec3b403b441b6435e48d8?s=96&d=mm&r=g","contentUrl":"https:\/\/secure.gravatar.com\/avatar\/387c874425c7747be372c14ca2d69e1689502257d65ec3b403b441b6435e48d8?s=96&d=mm&r=g","caption":"vg"},"url":"https:\/\/wp.kristdemokraterna.se\/vg\/author\/vg\/"}]}},"_links":{"self":[{"href":"https:\/\/wp.kristdemokraterna.se\/vg\/wp-json\/wp\/v2\/posts\/577","targetHints":{"allow":["GET"]}}],"collection":[{"href":"https:\/\/wp.kristdemokraterna.se\/vg\/wp-json\/wp\/v2\/posts"}],"about":[{"href":"https:\/\/wp.kristdemokraterna.se\/vg\/wp-json\/wp\/v2\/types\/post"}],"author":[{"embeddable":true,"href":"https:\/\/wp.kristdemokraterna.se\/vg\/wp-json\/wp\/v2\/users\/726"}],"replies":[{"embeddable":true,"href":"https:\/\/wp.kristdemokraterna.se\/vg\/wp-json\/wp\/v2\/comments?post=577"}],"version-history":[{"count":2,"href":"https:\/\/wp.kristdemokraterna.se\/vg\/wp-json\/wp\/v2\/posts\/577\/revisions"}],"predecessor-version":[{"id":580,"href":"https:\/\/wp.kristdemokraterna.se\/vg\/wp-json\/wp\/v2\/posts\/577\/revisions\/580"}],"wp:attachment":[{"href":"https:\/\/wp.kristdemokraterna.se\/vg\/wp-json\/wp\/v2\/media?parent=577"}],"wp:term":[{"taxonomy":"category","embeddable":true,"href":"https:\/\/wp.kristdemokraterna.se\/vg\/wp-json\/wp\/v2\/categories?post=577"},{"taxonomy":"post_tag","embeddable":true,"href":"https:\/\/wp.kristdemokraterna.se\/vg\/wp-json\/wp\/v2\/tags?post=577"}],"curies":[{"name":"wp","href":"https:\/\/api.w.org\/{rel}","templated":true}]}}