{"id":728,"date":"2018-06-30T16:56:33","date_gmt":"2018-06-30T14:56:33","guid":{"rendered":"http:\/\/wp.kristdemokraterna.se\/vg\/?p=728"},"modified":"2018-06-30T16:57:37","modified_gmt":"2018-06-30T14:57:37","slug":"att-fa-aldras-i-trygget-och-med-vardighet","status":"publish","type":"post","link":"https:\/\/wp.kristdemokraterna.se\/vg\/att-fa-aldras-i-trygget-och-med-vardighet\/","title":{"rendered":"Att f\u00e5 \u00e5ldras i trygget och med v\u00e4rdighet"},"content":{"rendered":"<p><strong>Ins\u00e4ndare TTELA &#8211; Maria Nilsson<\/strong><br \/>\nAlla \u00e4ldre ska ha r\u00e4tt till en god hemsjukv\u00e5rd med en trygg n\u00e4ra v\u00e5rd och omsorg. Vi i kristdemokrater vill skapa en mer personcentrerad organisation runt \u00e4ldre som har omfattande och sammansatta v\u00e5rd- och omsorgsbehov.<br \/>\n<!--more--><br \/>\nI Kristdemokraternas f\u00f6rslag till statsbudget avsattes 6,2 miljarder kronor per \u00e5r f\u00f6r att alla \u00e4ldre ska f\u00e5 tillg\u00e5ng till hemsjukv\u00e5rd av h\u00f6g kvalitet. Hemsjukv\u00e5rden ska best\u00e5 av ett multiprofessionellt team av undersk\u00f6terska, distriktssjuksk\u00f6terska, arbetsterapeut, fysioterapeut, dietist och demenssjuksk\u00f6terska.<\/p>\n<p>F\u00f6r \u00e4ldre och deras anh\u00f6riga inneb\u00e4r en v\u00e4lfungerande n\u00e4ra v\u00e5rd en \u00f6kad trygghet, b\u00e4ttre h\u00e4lsa, och minskad stress. Det \u00e4r viktiga delar f\u00f6r att m\u00e4nniskor med v\u00e5rdbehov ska f\u00e5 m\u00f6jlighet att \u00e5ldras i trygghet och med v\u00e4rdighet.<\/p>\n<p>En r\u00f6st p\u00e5 Kristdemokraterna \u00e4r en r\u00f6st f\u00f6r v\u00e4rdig v\u00e5rd och omsorg. Du ska kunna lita p\u00e5 v\u00e5rden.<\/p>\n<p><strong>Maria Nilsson (KD), regionpolitiker<\/strong><\/p>\n","protected":false},"excerpt":{"rendered":"<p>Ins\u00e4ndare TTELA &#8211; Maria Nilsson Alla \u00e4ldre ska ha r\u00e4tt till en god hemsjukv\u00e5rd med en trygg n\u00e4ra v\u00e5rd och omsorg. Vi i kristdemokrater vill skapa en mer personcentrerad organisation runt \u00e4ldre som har omfattande och sammansatta v\u00e5rd- och omsorgsbehov.<\/p>\n","protected":false},"author":726,"featured_media":729,"comment_status":"closed","ping_status":"closed","sticky":false,"template":"","format":"standard","meta":{"_acf_changed":false,"footnotes":""},"categories":[7,9],"tags":[97,12,84],"class_list":["post-728","post","type-post","status-publish","format-standard","has-post-thumbnail","hentry","category-debattartiklar","category-halso-och-sjukvard","tag-aldre","tag-halso-och-sjukvard","tag-maria-nilsson"],"acf":[],"yoast_head":"<!-- This site is optimized with the Yoast SEO plugin v27.4 - https:\/\/yoast.com\/product\/yoast-seo-wordpress\/ -->\n<title>Att f\u00e5 \u00e5ldras i trygget och med v\u00e4rdighet - V\u00e4stra G\u00f6talandsregionen<\/title>\n<meta name=\"robots\" content=\"index, follow, max-snippet:-1, max-image-preview:large, max-video-preview:-1\" \/>\n<link rel=\"canonical\" href=\"https:\/\/wp.kristdemokraterna.se\/vg\/att-fa-aldras-i-trygget-och-med-vardighet\/\" \/>\n<meta property=\"og:locale\" content=\"sv_SE\" \/>\n<meta property=\"og:type\" content=\"article\" \/>\n<meta property=\"og:title\" content=\"Att f\u00e5 \u00e5ldras i trygget och med v\u00e4rdighet - V\u00e4stra G\u00f6talandsregionen\" \/>\n<meta property=\"og:description\" content=\"Ins\u00e4ndare TTELA &#8211; Maria Nilsson Alla \u00e4ldre ska ha r\u00e4tt till en god hemsjukv\u00e5rd med en trygg n\u00e4ra v\u00e5rd och omsorg. Vi i kristdemokrater vill skapa en mer personcentrerad organisation runt \u00e4ldre som har omfattande och sammansatta v\u00e5rd- och omsorgsbehov.\" \/>\n<meta property=\"og:url\" content=\"https:\/\/wp.kristdemokraterna.se\/vg\/att-fa-aldras-i-trygget-och-med-vardighet\/\" \/>\n<meta property=\"og:site_name\" content=\"V\u00e4stra G\u00f6talandsregionen\" \/>\n<meta property=\"article:published_time\" content=\"2018-06-30T14:56:33+00:00\" \/>\n<meta property=\"article:modified_time\" content=\"2018-06-30T14:57:37+00:00\" \/>\n<meta property=\"og:image\" content=\"https:\/\/wp.kristdemokraterna.se\/vg\/files\/2018\/06\/aldre-man.jpg\" \/>\n\t<meta property=\"og:image:width\" content=\"471\" \/>\n\t<meta property=\"og:image:height\" content=\"262\" \/>\n\t<meta property=\"og:image:type\" content=\"image\/jpeg\" \/>\n<meta name=\"author\" content=\"vg\" \/>\n<meta name=\"twitter:card\" content=\"summary_large_image\" \/>\n<meta name=\"twitter:creator\" content=\"@KD_VGR\" \/>\n<meta name=\"twitter:site\" content=\"@KD_VGR\" \/>\n<meta name=\"twitter:label1\" content=\"Skriven av\" \/>\n\t<meta name=\"twitter:data1\" content=\"vg\" \/>\n\t<meta name=\"twitter:label2\" content=\"Ber\u00e4knad l\u00e4stid\" \/>\n\t<meta name=\"twitter:data2\" content=\"1 minut\" \/>\n<script type=\"application\/ld+json\" class=\"yoast-schema-graph\">{\"@context\":\"https:\\\/\\\/schema.org\",\"@graph\":[{\"@type\":\"Article\",\"@id\":\"https:\\\/\\\/wp.kristdemokraterna.se\\\/vg\\\/att-fa-aldras-i-trygget-och-med-vardighet\\\/#article\",\"isPartOf\":{\"@id\":\"https:\\\/\\\/wp.kristdemokraterna.se\\\/vg\\\/att-fa-aldras-i-trygget-och-med-vardighet\\\/\"},\"author\":{\"name\":\"vg\",\"@id\":\"https:\\\/\\\/wp.kristdemokraterna.se\\\/vg\\\/#\\\/schema\\\/person\\\/485c1ff01f1324aafbb92705c598210f\"},\"headline\":\"Att f\u00e5 \u00e5ldras i trygget och med v\u00e4rdighet\",\"datePublished\":\"2018-06-30T14:56:33+00:00\",\"dateModified\":\"2018-06-30T14:57:37+00:00\",\"mainEntityOfPage\":{\"@id\":\"https:\\\/\\\/wp.kristdemokraterna.se\\\/vg\\\/att-fa-aldras-i-trygget-och-med-vardighet\\\/\"},\"wordCount\":179,\"image\":{\"@id\":\"https:\\\/\\\/wp.kristdemokraterna.se\\\/vg\\\/att-fa-aldras-i-trygget-och-med-vardighet\\\/#primaryimage\"},\"thumbnailUrl\":\"https:\\\/\\\/wp.kristdemokraterna.se\\\/vg\\\/files\\\/2018\\\/06\\\/aldre-man.jpg\",\"keywords\":[\"\u00e4ldre\",\"H\u00e4lso- och sjukv\u00e5rd\",\"Maria Nilsson\"],\"articleSection\":[\"Debattartiklar\",\"H\u00e4lso- och sjukv\u00e5rd\"],\"inLanguage\":\"sv-SE\"},{\"@type\":\"WebPage\",\"@id\":\"https:\\\/\\\/wp.kristdemokraterna.se\\\/vg\\\/att-fa-aldras-i-trygget-och-med-vardighet\\\/\",\"url\":\"https:\\\/\\\/wp.kristdemokraterna.se\\\/vg\\\/att-fa-aldras-i-trygget-och-med-vardighet\\\/\",\"name\":\"Att f\u00e5 \u00e5ldras i trygget och med v\u00e4rdighet - V\u00e4stra G\u00f6talandsregionen\",\"isPartOf\":{\"@id\":\"https:\\\/\\\/wp.kristdemokraterna.se\\\/vg\\\/#website\"},\"primaryImageOfPage\":{\"@id\":\"https:\\\/\\\/wp.kristdemokraterna.se\\\/vg\\\/att-fa-aldras-i-trygget-och-med-vardighet\\\/#primaryimage\"},\"image\":{\"@id\":\"https:\\\/\\\/wp.kristdemokraterna.se\\\/vg\\\/att-fa-aldras-i-trygget-och-med-vardighet\\\/#primaryimage\"},\"thumbnailUrl\":\"https:\\\/\\\/wp.kristdemokraterna.se\\\/vg\\\/files\\\/2018\\\/06\\\/aldre-man.jpg\",\"datePublished\":\"2018-06-30T14:56:33+00:00\",\"dateModified\":\"2018-06-30T14:57:37+00:00\",\"author\":{\"@id\":\"https:\\\/\\\/wp.kristdemokraterna.se\\\/vg\\\/#\\\/schema\\\/person\\\/485c1ff01f1324aafbb92705c598210f\"},\"breadcrumb\":{\"@id\":\"https:\\\/\\\/wp.kristdemokraterna.se\\\/vg\\\/att-fa-aldras-i-trygget-och-med-vardighet\\\/#breadcrumb\"},\"inLanguage\":\"sv-SE\",\"potentialAction\":[{\"@type\":\"ReadAction\",\"target\":[\"https:\\\/\\\/wp.kristdemokraterna.se\\\/vg\\\/att-fa-aldras-i-trygget-och-med-vardighet\\\/\"]}]},{\"@type\":\"ImageObject\",\"inLanguage\":\"sv-SE\",\"@id\":\"https:\\\/\\\/wp.kristdemokraterna.se\\\/vg\\\/att-fa-aldras-i-trygget-och-med-vardighet\\\/#primaryimage\",\"url\":\"https:\\\/\\\/wp.kristdemokraterna.se\\\/vg\\\/files\\\/2018\\\/06\\\/aldre-man.jpg\",\"contentUrl\":\"https:\\\/\\\/wp.kristdemokraterna.se\\\/vg\\\/files\\\/2018\\\/06\\\/aldre-man.jpg\",\"width\":471,\"height\":262},{\"@type\":\"BreadcrumbList\",\"@id\":\"https:\\\/\\\/wp.kristdemokraterna.se\\\/vg\\\/att-fa-aldras-i-trygget-och-med-vardighet\\\/#breadcrumb\",\"itemListElement\":[{\"@type\":\"ListItem\",\"position\":1,\"name\":\"Hem\",\"item\":\"https:\\\/\\\/wp.kristdemokraterna.se\\\/vg\\\/\"},{\"@type\":\"ListItem\",\"position\":2,\"name\":\"Att f\u00e5 \u00e5ldras i trygget och med v\u00e4rdighet\"}]},{\"@type\":\"WebSite\",\"@id\":\"https:\\\/\\\/wp.kristdemokraterna.se\\\/vg\\\/#website\",\"url\":\"https:\\\/\\\/wp.kristdemokraterna.se\\\/vg\\\/\",\"name\":\"V\u00e4stra G\u00f6talandsregionen\",\"description\":\"\",\"inLanguage\":\"sv-SE\"},{\"@type\":\"Person\",\"@id\":\"https:\\\/\\\/wp.kristdemokraterna.se\\\/vg\\\/#\\\/schema\\\/person\\\/485c1ff01f1324aafbb92705c598210f\",\"name\":\"vg\",\"image\":{\"@type\":\"ImageObject\",\"inLanguage\":\"sv-SE\",\"@id\":\"https:\\\/\\\/secure.gravatar.com\\\/avatar\\\/387c874425c7747be372c14ca2d69e1689502257d65ec3b403b441b6435e48d8?s=96&d=mm&r=g\",\"url\":\"https:\\\/\\\/secure.gravatar.com\\\/avatar\\\/387c874425c7747be372c14ca2d69e1689502257d65ec3b403b441b6435e48d8?s=96&d=mm&r=g\",\"contentUrl\":\"https:\\\/\\\/secure.gravatar.com\\\/avatar\\\/387c874425c7747be372c14ca2d69e1689502257d65ec3b403b441b6435e48d8?s=96&d=mm&r=g\",\"caption\":\"vg\"},\"url\":\"https:\\\/\\\/wp.kristdemokraterna.se\\\/vg\\\/author\\\/vg\\\/\"}]}<\/script>\n<!-- \/ Yoast SEO plugin. -->","yoast_head_json":{"title":"Att f\u00e5 \u00e5ldras i trygget och med v\u00e4rdighet - V\u00e4stra G\u00f6talandsregionen","robots":{"index":"index","follow":"follow","max-snippet":"max-snippet:-1","max-image-preview":"max-image-preview:large","max-video-preview":"max-video-preview:-1"},"canonical":"https:\/\/wp.kristdemokraterna.se\/vg\/att-fa-aldras-i-trygget-och-med-vardighet\/","og_locale":"sv_SE","og_type":"article","og_title":"Att f\u00e5 \u00e5ldras i trygget och med v\u00e4rdighet - V\u00e4stra G\u00f6talandsregionen","og_description":"Ins\u00e4ndare TTELA &#8211; Maria Nilsson Alla \u00e4ldre ska ha r\u00e4tt till en god hemsjukv\u00e5rd med en trygg n\u00e4ra v\u00e5rd och omsorg. Vi i kristdemokrater vill skapa en mer personcentrerad organisation runt \u00e4ldre som har omfattande och sammansatta v\u00e5rd- och omsorgsbehov.","og_url":"https:\/\/wp.kristdemokraterna.se\/vg\/att-fa-aldras-i-trygget-och-med-vardighet\/","og_site_name":"V\u00e4stra G\u00f6talandsregionen","article_published_time":"2018-06-30T14:56:33+00:00","article_modified_time":"2018-06-30T14:57:37+00:00","og_image":[{"width":471,"height":262,"url":"https:\/\/wp.kristdemokraterna.se\/vg\/files\/2018\/06\/aldre-man.jpg","type":"image\/jpeg"}],"author":"vg","twitter_card":"summary_large_image","twitter_creator":"@KD_VGR","twitter_site":"@KD_VGR","twitter_misc":{"Skriven av":"vg","Ber\u00e4knad l\u00e4stid":"1 minut"},"schema":{"@context":"https:\/\/schema.org","@graph":[{"@type":"Article","@id":"https:\/\/wp.kristdemokraterna.se\/vg\/att-fa-aldras-i-trygget-och-med-vardighet\/#article","isPartOf":{"@id":"https:\/\/wp.kristdemokraterna.se\/vg\/att-fa-aldras-i-trygget-och-med-vardighet\/"},"author":{"name":"vg","@id":"https:\/\/wp.kristdemokraterna.se\/vg\/#\/schema\/person\/485c1ff01f1324aafbb92705c598210f"},"headline":"Att f\u00e5 \u00e5ldras i trygget och med v\u00e4rdighet","datePublished":"2018-06-30T14:56:33+00:00","dateModified":"2018-06-30T14:57:37+00:00","mainEntityOfPage":{"@id":"https:\/\/wp.kristdemokraterna.se\/vg\/att-fa-aldras-i-trygget-och-med-vardighet\/"},"wordCount":179,"image":{"@id":"https:\/\/wp.kristdemokraterna.se\/vg\/att-fa-aldras-i-trygget-och-med-vardighet\/#primaryimage"},"thumbnailUrl":"https:\/\/wp.kristdemokraterna.se\/vg\/files\/2018\/06\/aldre-man.jpg","keywords":["\u00e4ldre","H\u00e4lso- och sjukv\u00e5rd","Maria Nilsson"],"articleSection":["Debattartiklar","H\u00e4lso- och sjukv\u00e5rd"],"inLanguage":"sv-SE"},{"@type":"WebPage","@id":"https:\/\/wp.kristdemokraterna.se\/vg\/att-fa-aldras-i-trygget-och-med-vardighet\/","url":"https:\/\/wp.kristdemokraterna.se\/vg\/att-fa-aldras-i-trygget-och-med-vardighet\/","name":"Att f\u00e5 \u00e5ldras i trygget och med v\u00e4rdighet - V\u00e4stra G\u00f6talandsregionen","isPartOf":{"@id":"https:\/\/wp.kristdemokraterna.se\/vg\/#website"},"primaryImageOfPage":{"@id":"https:\/\/wp.kristdemokraterna.se\/vg\/att-fa-aldras-i-trygget-och-med-vardighet\/#primaryimage"},"image":{"@id":"https:\/\/wp.kristdemokraterna.se\/vg\/att-fa-aldras-i-trygget-och-med-vardighet\/#primaryimage"},"thumbnailUrl":"https:\/\/wp.kristdemokraterna.se\/vg\/files\/2018\/06\/aldre-man.jpg","datePublished":"2018-06-30T14:56:33+00:00","dateModified":"2018-06-30T14:57:37+00:00","author":{"@id":"https:\/\/wp.kristdemokraterna.se\/vg\/#\/schema\/person\/485c1ff01f1324aafbb92705c598210f"},"breadcrumb":{"@id":"https:\/\/wp.kristdemokraterna.se\/vg\/att-fa-aldras-i-trygget-och-med-vardighet\/#breadcrumb"},"inLanguage":"sv-SE","potentialAction":[{"@type":"ReadAction","target":["https:\/\/wp.kristdemokraterna.se\/vg\/att-fa-aldras-i-trygget-och-med-vardighet\/"]}]},{"@type":"ImageObject","inLanguage":"sv-SE","@id":"https:\/\/wp.kristdemokraterna.se\/vg\/att-fa-aldras-i-trygget-och-med-vardighet\/#primaryimage","url":"https:\/\/wp.kristdemokraterna.se\/vg\/files\/2018\/06\/aldre-man.jpg","contentUrl":"https:\/\/wp.kristdemokraterna.se\/vg\/files\/2018\/06\/aldre-man.jpg","width":471,"height":262},{"@type":"BreadcrumbList","@id":"https:\/\/wp.kristdemokraterna.se\/vg\/att-fa-aldras-i-trygget-och-med-vardighet\/#breadcrumb","itemListElement":[{"@type":"ListItem","position":1,"name":"Hem","item":"https:\/\/wp.kristdemokraterna.se\/vg\/"},{"@type":"ListItem","position":2,"name":"Att f\u00e5 \u00e5ldras i trygget och med v\u00e4rdighet"}]},{"@type":"WebSite","@id":"https:\/\/wp.kristdemokraterna.se\/vg\/#website","url":"https:\/\/wp.kristdemokraterna.se\/vg\/","name":"V\u00e4stra G\u00f6talandsregionen","description":"","inLanguage":"sv-SE"},{"@type":"Person","@id":"https:\/\/wp.kristdemokraterna.se\/vg\/#\/schema\/person\/485c1ff01f1324aafbb92705c598210f","name":"vg","image":{"@type":"ImageObject","inLanguage":"sv-SE","@id":"https:\/\/secure.gravatar.com\/avatar\/387c874425c7747be372c14ca2d69e1689502257d65ec3b403b441b6435e48d8?s=96&d=mm&r=g","url":"https:\/\/secure.gravatar.com\/avatar\/387c874425c7747be372c14ca2d69e1689502257d65ec3b403b441b6435e48d8?s=96&d=mm&r=g","contentUrl":"https:\/\/secure.gravatar.com\/avatar\/387c874425c7747be372c14ca2d69e1689502257d65ec3b403b441b6435e48d8?s=96&d=mm&r=g","caption":"vg"},"url":"https:\/\/wp.kristdemokraterna.se\/vg\/author\/vg\/"}]}},"_links":{"self":[{"href":"https:\/\/wp.kristdemokraterna.se\/vg\/wp-json\/wp\/v2\/posts\/728","targetHints":{"allow":["GET"]}}],"collection":[{"href":"https:\/\/wp.kristdemokraterna.se\/vg\/wp-json\/wp\/v2\/posts"}],"about":[{"href":"https:\/\/wp.kristdemokraterna.se\/vg\/wp-json\/wp\/v2\/types\/post"}],"author":[{"embeddable":true,"href":"https:\/\/wp.kristdemokraterna.se\/vg\/wp-json\/wp\/v2\/users\/726"}],"replies":[{"embeddable":true,"href":"https:\/\/wp.kristdemokraterna.se\/vg\/wp-json\/wp\/v2\/comments?post=728"}],"version-history":[{"count":2,"href":"https:\/\/wp.kristdemokraterna.se\/vg\/wp-json\/wp\/v2\/posts\/728\/revisions"}],"predecessor-version":[{"id":731,"href":"https:\/\/wp.kristdemokraterna.se\/vg\/wp-json\/wp\/v2\/posts\/728\/revisions\/731"}],"wp:featuredmedia":[{"embeddable":true,"href":"https:\/\/wp.kristdemokraterna.se\/vg\/wp-json\/wp\/v2\/media\/729"}],"wp:attachment":[{"href":"https:\/\/wp.kristdemokraterna.se\/vg\/wp-json\/wp\/v2\/media?parent=728"}],"wp:term":[{"taxonomy":"category","embeddable":true,"href":"https:\/\/wp.kristdemokraterna.se\/vg\/wp-json\/wp\/v2\/categories?post=728"},{"taxonomy":"post_tag","embeddable":true,"href":"https:\/\/wp.kristdemokraterna.se\/vg\/wp-json\/wp\/v2\/tags?post=728"}],"curies":[{"name":"wp","href":"https:\/\/api.w.org\/{rel}","templated":true}]}}