{"id":770,"date":"2018-08-11T09:13:43","date_gmt":"2018-08-11T07:13:43","guid":{"rendered":"http:\/\/wp.kristdemokraterna.se\/vg\/?p=770"},"modified":"2018-08-11T09:13:43","modified_gmt":"2018-08-11T07:13:43","slug":"lat-vardpersonalen-gora-det-de-ar-bast-pa","status":"publish","type":"post","link":"https:\/\/wp.kristdemokraterna.se\/vg\/lat-vardpersonalen-gora-det-de-ar-bast-pa\/","title":{"rendered":"L\u00e5t v\u00e5rdpersonalen g\u00f6ra det de \u00e4r b\u00e4st p\u00e5"},"content":{"rendered":"<p><strong>Ins\u00e4ndare G\u00f6teborgDirekt\u00a0 &#8211; Magnus Berntsson<\/strong><br \/>\nUnder de senaste decennierna kan man sk\u00f6nja bland annat tv\u00e5 utvecklingssp\u00e5r inom svensk h\u00e4lso- och sjukv\u00e5rd. Dels har v\u00e5rden blivit alltmer specialiserad och medicinsktekniskt avancerad. Dels har tidigare yrkesgrupper som v\u00e5rdbitr\u00e4den, vaktm\u00e4stare och andra servicefunktioner reducerats eller helt f\u00f6rsvunnit.<br \/>\n<!--more--><br \/>\nSamtidigt som h\u00f6gutbildade l\u00e4kare och sjuksk\u00f6terskor har f\u00e5tt alltmer komplicerade v\u00e5rdsituationer att hantera, har de ocks\u00e5 i st\u00f6rre utstr\u00e4ckning \u00e4n tidigare beh\u00f6vt ta hand om servicen runt den ordinarie v\u00e5rduppgiften. N\u00e4r inte v\u00e5rdbitr\u00e4den finns till hands f\u00f6r att servera m\u00e5ltider till inneliggande patienter, f\u00e5r undersk\u00f6terskor rycka in. Det har inneburit att sjuksk\u00f6terskor beh\u00f6vt ta hand om en del av undersk\u00f6terskornas sysslor, vilket i sin tur lett till att l\u00e4kare har f\u00e5tt ta hand om en del sjuksk\u00f6terskeuppgifter.<\/p>\n<p>F\u00f6r att komma till r\u00e4tta med detta vill Kristdemokraterna att kliniker, v\u00e5rdavdelningar och v\u00e5rdcentraler ska ha sina egna v\u00e5rdserviceteam, som servar just den egna verksamheten med olika beh\u00f6vliga tj\u00e4nster, d\u00e4r kontinuitet och personk\u00e4nnedom blir god.<\/p>\n<p>Det skulle bidra till att den v\u00e5rdutbildade personalen i st\u00f6rre utstr\u00e4ckning kan utf\u00f6ra det jobb de \u00e4r utbildade f\u00f6r, att stressen minskar och arbetsmilj\u00f6n f\u00f6rb\u00e4ttras.<\/p>\n<p><strong>Magnus Berntsson (KD), regionpolitiker<\/strong><\/p>\n","protected":false},"excerpt":{"rendered":"<p>Ins\u00e4ndare G\u00f6teborgDirekt\u00a0 &#8211; Magnus Berntsson Under de senaste decennierna kan man sk\u00f6nja bland annat tv\u00e5 utvecklingssp\u00e5r inom svensk h\u00e4lso- och sjukv\u00e5rd. Dels har v\u00e5rden blivit alltmer specialiserad och medicinsktekniskt avancerad. Dels har tidigare yrkesgrupper som v\u00e5rdbitr\u00e4den, vaktm\u00e4stare och andra servicefunktioner reducerats eller helt f\u00f6rsvunnit.<\/p>\n","protected":false},"author":726,"featured_media":722,"comment_status":"closed","ping_status":"closed","sticky":false,"template":"","format":"standard","meta":{"_acf_changed":false,"footnotes":""},"categories":[7,9],"tags":[12,69,21],"class_list":["post-770","post","type-post","status-publish","format-standard","has-post-thumbnail","hentry","category-debattartiklar","category-halso-och-sjukvard","tag-halso-och-sjukvard","tag-magnus-berntsson","tag-personal"],"acf":[],"yoast_head":"<!-- This site is optimized with the Yoast SEO plugin v27.4 - https:\/\/yoast.com\/product\/yoast-seo-wordpress\/ -->\n<title>L\u00e5t v\u00e5rdpersonalen g\u00f6ra det de \u00e4r b\u00e4st p\u00e5 - V\u00e4stra G\u00f6talandsregionen<\/title>\n<meta name=\"robots\" content=\"index, follow, max-snippet:-1, max-image-preview:large, max-video-preview:-1\" \/>\n<link rel=\"canonical\" href=\"https:\/\/wp.kristdemokraterna.se\/vg\/lat-vardpersonalen-gora-det-de-ar-bast-pa\/\" \/>\n<meta property=\"og:locale\" content=\"sv_SE\" \/>\n<meta property=\"og:type\" content=\"article\" \/>\n<meta property=\"og:title\" content=\"L\u00e5t v\u00e5rdpersonalen g\u00f6ra det de \u00e4r b\u00e4st p\u00e5 - V\u00e4stra G\u00f6talandsregionen\" \/>\n<meta property=\"og:description\" content=\"Ins\u00e4ndare G\u00f6teborgDirekt\u00a0 &#8211; Magnus Berntsson Under de senaste decennierna kan man sk\u00f6nja bland annat tv\u00e5 utvecklingssp\u00e5r inom svensk h\u00e4lso- och sjukv\u00e5rd. Dels har v\u00e5rden blivit alltmer specialiserad och medicinsktekniskt avancerad. Dels har tidigare yrkesgrupper som v\u00e5rdbitr\u00e4den, vaktm\u00e4stare och andra servicefunktioner reducerats eller helt f\u00f6rsvunnit.\" \/>\n<meta property=\"og:url\" content=\"https:\/\/wp.kristdemokraterna.se\/vg\/lat-vardpersonalen-gora-det-de-ar-bast-pa\/\" \/>\n<meta property=\"og:site_name\" content=\"V\u00e4stra G\u00f6talandsregionen\" \/>\n<meta property=\"article:published_time\" content=\"2018-08-11T07:13:43+00:00\" \/>\n<meta property=\"og:image\" content=\"https:\/\/wp.kristdemokraterna.se\/vg\/files\/2018\/06\/psykiatri-2.jpg\" \/>\n\t<meta property=\"og:image:width\" content=\"470\" \/>\n\t<meta property=\"og:image:height\" content=\"262\" \/>\n\t<meta property=\"og:image:type\" content=\"image\/jpeg\" \/>\n<meta name=\"author\" content=\"vg\" \/>\n<meta name=\"twitter:card\" content=\"summary_large_image\" \/>\n<meta name=\"twitter:creator\" content=\"@KD_VGR\" \/>\n<meta name=\"twitter:site\" content=\"@KD_VGR\" \/>\n<meta name=\"twitter:label1\" content=\"Skriven av\" \/>\n\t<meta name=\"twitter:data1\" content=\"vg\" \/>\n\t<meta name=\"twitter:label2\" content=\"Ber\u00e4knad l\u00e4stid\" \/>\n\t<meta name=\"twitter:data2\" content=\"1 minut\" \/>\n<script type=\"application\/ld+json\" class=\"yoast-schema-graph\">{\"@context\":\"https:\\\/\\\/schema.org\",\"@graph\":[{\"@type\":\"Article\",\"@id\":\"https:\\\/\\\/wp.kristdemokraterna.se\\\/vg\\\/lat-vardpersonalen-gora-det-de-ar-bast-pa\\\/#article\",\"isPartOf\":{\"@id\":\"https:\\\/\\\/wp.kristdemokraterna.se\\\/vg\\\/lat-vardpersonalen-gora-det-de-ar-bast-pa\\\/\"},\"author\":{\"name\":\"vg\",\"@id\":\"https:\\\/\\\/wp.kristdemokraterna.se\\\/vg\\\/#\\\/schema\\\/person\\\/485c1ff01f1324aafbb92705c598210f\"},\"headline\":\"L\u00e5t v\u00e5rdpersonalen g\u00f6ra det de \u00e4r b\u00e4st p\u00e5\",\"datePublished\":\"2018-08-11T07:13:43+00:00\",\"mainEntityOfPage\":{\"@id\":\"https:\\\/\\\/wp.kristdemokraterna.se\\\/vg\\\/lat-vardpersonalen-gora-det-de-ar-bast-pa\\\/\"},\"wordCount\":247,\"image\":{\"@id\":\"https:\\\/\\\/wp.kristdemokraterna.se\\\/vg\\\/lat-vardpersonalen-gora-det-de-ar-bast-pa\\\/#primaryimage\"},\"thumbnailUrl\":\"https:\\\/\\\/wp.kristdemokraterna.se\\\/vg\\\/files\\\/2018\\\/06\\\/psykiatri-2.jpg\",\"keywords\":[\"H\u00e4lso- och sjukv\u00e5rd\",\"magnus berntsson\",\"Personal\"],\"articleSection\":[\"Debattartiklar\",\"H\u00e4lso- och sjukv\u00e5rd\"],\"inLanguage\":\"sv-SE\"},{\"@type\":\"WebPage\",\"@id\":\"https:\\\/\\\/wp.kristdemokraterna.se\\\/vg\\\/lat-vardpersonalen-gora-det-de-ar-bast-pa\\\/\",\"url\":\"https:\\\/\\\/wp.kristdemokraterna.se\\\/vg\\\/lat-vardpersonalen-gora-det-de-ar-bast-pa\\\/\",\"name\":\"L\u00e5t v\u00e5rdpersonalen g\u00f6ra det de \u00e4r b\u00e4st p\u00e5 - V\u00e4stra G\u00f6talandsregionen\",\"isPartOf\":{\"@id\":\"https:\\\/\\\/wp.kristdemokraterna.se\\\/vg\\\/#website\"},\"primaryImageOfPage\":{\"@id\":\"https:\\\/\\\/wp.kristdemokraterna.se\\\/vg\\\/lat-vardpersonalen-gora-det-de-ar-bast-pa\\\/#primaryimage\"},\"image\":{\"@id\":\"https:\\\/\\\/wp.kristdemokraterna.se\\\/vg\\\/lat-vardpersonalen-gora-det-de-ar-bast-pa\\\/#primaryimage\"},\"thumbnailUrl\":\"https:\\\/\\\/wp.kristdemokraterna.se\\\/vg\\\/files\\\/2018\\\/06\\\/psykiatri-2.jpg\",\"datePublished\":\"2018-08-11T07:13:43+00:00\",\"author\":{\"@id\":\"https:\\\/\\\/wp.kristdemokraterna.se\\\/vg\\\/#\\\/schema\\\/person\\\/485c1ff01f1324aafbb92705c598210f\"},\"breadcrumb\":{\"@id\":\"https:\\\/\\\/wp.kristdemokraterna.se\\\/vg\\\/lat-vardpersonalen-gora-det-de-ar-bast-pa\\\/#breadcrumb\"},\"inLanguage\":\"sv-SE\",\"potentialAction\":[{\"@type\":\"ReadAction\",\"target\":[\"https:\\\/\\\/wp.kristdemokraterna.se\\\/vg\\\/lat-vardpersonalen-gora-det-de-ar-bast-pa\\\/\"]}]},{\"@type\":\"ImageObject\",\"inLanguage\":\"sv-SE\",\"@id\":\"https:\\\/\\\/wp.kristdemokraterna.se\\\/vg\\\/lat-vardpersonalen-gora-det-de-ar-bast-pa\\\/#primaryimage\",\"url\":\"https:\\\/\\\/wp.kristdemokraterna.se\\\/vg\\\/files\\\/2018\\\/06\\\/psykiatri-2.jpg\",\"contentUrl\":\"https:\\\/\\\/wp.kristdemokraterna.se\\\/vg\\\/files\\\/2018\\\/06\\\/psykiatri-2.jpg\",\"width\":470,\"height\":262},{\"@type\":\"BreadcrumbList\",\"@id\":\"https:\\\/\\\/wp.kristdemokraterna.se\\\/vg\\\/lat-vardpersonalen-gora-det-de-ar-bast-pa\\\/#breadcrumb\",\"itemListElement\":[{\"@type\":\"ListItem\",\"position\":1,\"name\":\"Hem\",\"item\":\"https:\\\/\\\/wp.kristdemokraterna.se\\\/vg\\\/\"},{\"@type\":\"ListItem\",\"position\":2,\"name\":\"L\u00e5t v\u00e5rdpersonalen g\u00f6ra det de \u00e4r b\u00e4st p\u00e5\"}]},{\"@type\":\"WebSite\",\"@id\":\"https:\\\/\\\/wp.kristdemokraterna.se\\\/vg\\\/#website\",\"url\":\"https:\\\/\\\/wp.kristdemokraterna.se\\\/vg\\\/\",\"name\":\"V\u00e4stra G\u00f6talandsregionen\",\"description\":\"\",\"inLanguage\":\"sv-SE\"},{\"@type\":\"Person\",\"@id\":\"https:\\\/\\\/wp.kristdemokraterna.se\\\/vg\\\/#\\\/schema\\\/person\\\/485c1ff01f1324aafbb92705c598210f\",\"name\":\"vg\",\"image\":{\"@type\":\"ImageObject\",\"inLanguage\":\"sv-SE\",\"@id\":\"https:\\\/\\\/secure.gravatar.com\\\/avatar\\\/387c874425c7747be372c14ca2d69e1689502257d65ec3b403b441b6435e48d8?s=96&d=mm&r=g\",\"url\":\"https:\\\/\\\/secure.gravatar.com\\\/avatar\\\/387c874425c7747be372c14ca2d69e1689502257d65ec3b403b441b6435e48d8?s=96&d=mm&r=g\",\"contentUrl\":\"https:\\\/\\\/secure.gravatar.com\\\/avatar\\\/387c874425c7747be372c14ca2d69e1689502257d65ec3b403b441b6435e48d8?s=96&d=mm&r=g\",\"caption\":\"vg\"},\"url\":\"https:\\\/\\\/wp.kristdemokraterna.se\\\/vg\\\/author\\\/vg\\\/\"}]}<\/script>\n<!-- \/ Yoast SEO plugin. -->","yoast_head_json":{"title":"L\u00e5t v\u00e5rdpersonalen g\u00f6ra det de \u00e4r b\u00e4st p\u00e5 - V\u00e4stra G\u00f6talandsregionen","robots":{"index":"index","follow":"follow","max-snippet":"max-snippet:-1","max-image-preview":"max-image-preview:large","max-video-preview":"max-video-preview:-1"},"canonical":"https:\/\/wp.kristdemokraterna.se\/vg\/lat-vardpersonalen-gora-det-de-ar-bast-pa\/","og_locale":"sv_SE","og_type":"article","og_title":"L\u00e5t v\u00e5rdpersonalen g\u00f6ra det de \u00e4r b\u00e4st p\u00e5 - V\u00e4stra G\u00f6talandsregionen","og_description":"Ins\u00e4ndare G\u00f6teborgDirekt\u00a0 &#8211; Magnus Berntsson Under de senaste decennierna kan man sk\u00f6nja bland annat tv\u00e5 utvecklingssp\u00e5r inom svensk h\u00e4lso- och sjukv\u00e5rd. Dels har v\u00e5rden blivit alltmer specialiserad och medicinsktekniskt avancerad. Dels har tidigare yrkesgrupper som v\u00e5rdbitr\u00e4den, vaktm\u00e4stare och andra servicefunktioner reducerats eller helt f\u00f6rsvunnit.","og_url":"https:\/\/wp.kristdemokraterna.se\/vg\/lat-vardpersonalen-gora-det-de-ar-bast-pa\/","og_site_name":"V\u00e4stra G\u00f6talandsregionen","article_published_time":"2018-08-11T07:13:43+00:00","og_image":[{"width":470,"height":262,"url":"https:\/\/wp.kristdemokraterna.se\/vg\/files\/2018\/06\/psykiatri-2.jpg","type":"image\/jpeg"}],"author":"vg","twitter_card":"summary_large_image","twitter_creator":"@KD_VGR","twitter_site":"@KD_VGR","twitter_misc":{"Skriven av":"vg","Ber\u00e4knad l\u00e4stid":"1 minut"},"schema":{"@context":"https:\/\/schema.org","@graph":[{"@type":"Article","@id":"https:\/\/wp.kristdemokraterna.se\/vg\/lat-vardpersonalen-gora-det-de-ar-bast-pa\/#article","isPartOf":{"@id":"https:\/\/wp.kristdemokraterna.se\/vg\/lat-vardpersonalen-gora-det-de-ar-bast-pa\/"},"author":{"name":"vg","@id":"https:\/\/wp.kristdemokraterna.se\/vg\/#\/schema\/person\/485c1ff01f1324aafbb92705c598210f"},"headline":"L\u00e5t v\u00e5rdpersonalen g\u00f6ra det de \u00e4r b\u00e4st p\u00e5","datePublished":"2018-08-11T07:13:43+00:00","mainEntityOfPage":{"@id":"https:\/\/wp.kristdemokraterna.se\/vg\/lat-vardpersonalen-gora-det-de-ar-bast-pa\/"},"wordCount":247,"image":{"@id":"https:\/\/wp.kristdemokraterna.se\/vg\/lat-vardpersonalen-gora-det-de-ar-bast-pa\/#primaryimage"},"thumbnailUrl":"https:\/\/wp.kristdemokraterna.se\/vg\/files\/2018\/06\/psykiatri-2.jpg","keywords":["H\u00e4lso- och sjukv\u00e5rd","magnus berntsson","Personal"],"articleSection":["Debattartiklar","H\u00e4lso- och sjukv\u00e5rd"],"inLanguage":"sv-SE"},{"@type":"WebPage","@id":"https:\/\/wp.kristdemokraterna.se\/vg\/lat-vardpersonalen-gora-det-de-ar-bast-pa\/","url":"https:\/\/wp.kristdemokraterna.se\/vg\/lat-vardpersonalen-gora-det-de-ar-bast-pa\/","name":"L\u00e5t v\u00e5rdpersonalen g\u00f6ra det de \u00e4r b\u00e4st p\u00e5 - V\u00e4stra G\u00f6talandsregionen","isPartOf":{"@id":"https:\/\/wp.kristdemokraterna.se\/vg\/#website"},"primaryImageOfPage":{"@id":"https:\/\/wp.kristdemokraterna.se\/vg\/lat-vardpersonalen-gora-det-de-ar-bast-pa\/#primaryimage"},"image":{"@id":"https:\/\/wp.kristdemokraterna.se\/vg\/lat-vardpersonalen-gora-det-de-ar-bast-pa\/#primaryimage"},"thumbnailUrl":"https:\/\/wp.kristdemokraterna.se\/vg\/files\/2018\/06\/psykiatri-2.jpg","datePublished":"2018-08-11T07:13:43+00:00","author":{"@id":"https:\/\/wp.kristdemokraterna.se\/vg\/#\/schema\/person\/485c1ff01f1324aafbb92705c598210f"},"breadcrumb":{"@id":"https:\/\/wp.kristdemokraterna.se\/vg\/lat-vardpersonalen-gora-det-de-ar-bast-pa\/#breadcrumb"},"inLanguage":"sv-SE","potentialAction":[{"@type":"ReadAction","target":["https:\/\/wp.kristdemokraterna.se\/vg\/lat-vardpersonalen-gora-det-de-ar-bast-pa\/"]}]},{"@type":"ImageObject","inLanguage":"sv-SE","@id":"https:\/\/wp.kristdemokraterna.se\/vg\/lat-vardpersonalen-gora-det-de-ar-bast-pa\/#primaryimage","url":"https:\/\/wp.kristdemokraterna.se\/vg\/files\/2018\/06\/psykiatri-2.jpg","contentUrl":"https:\/\/wp.kristdemokraterna.se\/vg\/files\/2018\/06\/psykiatri-2.jpg","width":470,"height":262},{"@type":"BreadcrumbList","@id":"https:\/\/wp.kristdemokraterna.se\/vg\/lat-vardpersonalen-gora-det-de-ar-bast-pa\/#breadcrumb","itemListElement":[{"@type":"ListItem","position":1,"name":"Hem","item":"https:\/\/wp.kristdemokraterna.se\/vg\/"},{"@type":"ListItem","position":2,"name":"L\u00e5t v\u00e5rdpersonalen g\u00f6ra det de \u00e4r b\u00e4st p\u00e5"}]},{"@type":"WebSite","@id":"https:\/\/wp.kristdemokraterna.se\/vg\/#website","url":"https:\/\/wp.kristdemokraterna.se\/vg\/","name":"V\u00e4stra G\u00f6talandsregionen","description":"","inLanguage":"sv-SE"},{"@type":"Person","@id":"https:\/\/wp.kristdemokraterna.se\/vg\/#\/schema\/person\/485c1ff01f1324aafbb92705c598210f","name":"vg","image":{"@type":"ImageObject","inLanguage":"sv-SE","@id":"https:\/\/secure.gravatar.com\/avatar\/387c874425c7747be372c14ca2d69e1689502257d65ec3b403b441b6435e48d8?s=96&d=mm&r=g","url":"https:\/\/secure.gravatar.com\/avatar\/387c874425c7747be372c14ca2d69e1689502257d65ec3b403b441b6435e48d8?s=96&d=mm&r=g","contentUrl":"https:\/\/secure.gravatar.com\/avatar\/387c874425c7747be372c14ca2d69e1689502257d65ec3b403b441b6435e48d8?s=96&d=mm&r=g","caption":"vg"},"url":"https:\/\/wp.kristdemokraterna.se\/vg\/author\/vg\/"}]}},"_links":{"self":[{"href":"https:\/\/wp.kristdemokraterna.se\/vg\/wp-json\/wp\/v2\/posts\/770","targetHints":{"allow":["GET"]}}],"collection":[{"href":"https:\/\/wp.kristdemokraterna.se\/vg\/wp-json\/wp\/v2\/posts"}],"about":[{"href":"https:\/\/wp.kristdemokraterna.se\/vg\/wp-json\/wp\/v2\/types\/post"}],"author":[{"embeddable":true,"href":"https:\/\/wp.kristdemokraterna.se\/vg\/wp-json\/wp\/v2\/users\/726"}],"replies":[{"embeddable":true,"href":"https:\/\/wp.kristdemokraterna.se\/vg\/wp-json\/wp\/v2\/comments?post=770"}],"version-history":[{"count":1,"href":"https:\/\/wp.kristdemokraterna.se\/vg\/wp-json\/wp\/v2\/posts\/770\/revisions"}],"predecessor-version":[{"id":771,"href":"https:\/\/wp.kristdemokraterna.se\/vg\/wp-json\/wp\/v2\/posts\/770\/revisions\/771"}],"wp:featuredmedia":[{"embeddable":true,"href":"https:\/\/wp.kristdemokraterna.se\/vg\/wp-json\/wp\/v2\/media\/722"}],"wp:attachment":[{"href":"https:\/\/wp.kristdemokraterna.se\/vg\/wp-json\/wp\/v2\/media?parent=770"}],"wp:term":[{"taxonomy":"category","embeddable":true,"href":"https:\/\/wp.kristdemokraterna.se\/vg\/wp-json\/wp\/v2\/categories?post=770"},{"taxonomy":"post_tag","embeddable":true,"href":"https:\/\/wp.kristdemokraterna.se\/vg\/wp-json\/wp\/v2\/tags?post=770"}],"curies":[{"name":"wp","href":"https:\/\/api.w.org\/{rel}","templated":true}]}}