{"id":987,"date":"2021-05-25T09:29:13","date_gmt":"2021-05-25T07:29:13","guid":{"rendered":"https:\/\/wp.kristdemokraterna.se\/vg\/?p=987"},"modified":"2021-05-25T09:29:13","modified_gmt":"2021-05-25T07:29:13","slug":"vi-budgeterar-for-en-omstart-av-vastra-gotaland","status":"publish","type":"post","link":"https:\/\/wp.kristdemokraterna.se\/vg\/vi-budgeterar-for-en-omstart-av-vastra-gotaland\/","title":{"rendered":"Vi budgeterar f\u00f6r en omstart av V\u00e4stra G\u00f6taland"},"content":{"rendered":"<p><strong>Debattartikel GP &#8211; Conny Br\u00e4nnberg m.fl.<\/strong><br \/>\nN\u00e4r Gr\u00f6nBl\u00e5 Samverkan l\u00e4gger fram budgetf\u00f6rslag f\u00f6r 2022 g\u00f6r vi det med f\u00f6rsiktig optimism f\u00f6r framtiden. Vaccinationer utf\u00f6rs i en allt h\u00f6gre takt och allt fler f\u00e5r sitt skydd mot den f\u00f6rf\u00e4rliga sjukdomen covid-19. Det finns hopp om att samh\u00e4llet s\u00e5 sm\u00e5ningom kan \u00f6ppna upp och vi budgeterar f\u00f6r en omstart f\u00f6r V\u00e4stra G\u00f6taland.<br \/>\n<!--more--><br \/>\nPandemin har medf\u00f6rt en stor p\u00e5frestning p\u00e5 v\u00e5rt samh\u00e4lle. Sjukv\u00e5rden har varit under h\u00e5rt tryck och tvingats till prioriteringar f\u00f6r att klara av covid-19-v\u00e5rden. M\u00e5nga inv\u00e5nare har f\u00e5tt se sin behandling skjutas p\u00e5 framtiden. Det har lett till ett uppd\u00e4mt v\u00e5rdbehov. Under 2022 ska arbetet med att korta v\u00e5rdk\u00f6erna intensifieras. F\u00f6r detta vill Gr\u00f6nBl\u00e5 samverkan inf\u00f6ra en prestationsbaserad ers\u00e4ttning till regionens sjukhus och upphandla kapacitet fr\u00e5n frist\u00e5ende akt\u00f6rer. Denna f\u00f6rst\u00e4rkning ger dessutom f\u00f6rb\u00e4ttrade m\u00f6jligheter till avlastning av regionens egna v\u00e5rdenheter samt de medarbetare som har arbetat h\u00e5rt och l\u00e4nge i pandemiv\u00e5rdens frontlinje.<\/p>\n<p>Omst\u00e4llningen av h\u00e4lso- och sjukv\u00e5rden m\u00e5ste forts\u00e4tta och takten beh\u00f6ver \u00f6ka n\u00e4r vi v\u00e4l har kunnat l\u00e4gga pandemin bakom oss. Den v\u00e5rd som m\u00e5nga m\u00e4nniskor beh\u00f6ver ofta ska i h\u00f6gre grad utf\u00f6ras p\u00e5 v\u00e5rdcentraler och i patienternas hem ist\u00e4llet f\u00f6r p\u00e5 sjukhusen. En viktig del i detta \u00e4r att utveckla och f\u00f6rst\u00e4rka regionens samverkan med kommunerna. I Gr\u00f6nBl\u00e5 budget avs\u00e4tts 150 miljoner kr f\u00f6r att f\u00f6rst\u00e4rka det medicinska st\u00f6det till den kommunala \u00e4ldrev\u00e5rden.<\/p>\n<p><strong>H\u00f6jda l\u00f6ner<\/strong><br \/>\nF\u00f6r att V\u00e4stra G\u00f6talandsregionen fortsatt ska vara en attraktiv arbetsgivare inneh\u00e5ller budgeten en l\u00f6nesatsning om 235 miljoner kr, totalt cirka 700 miljoner \u00f6ver tre \u00e5r. Ambitionen \u00e4r att l\u00f6nerna ska forts\u00e4tta h\u00f6jas i en takt som \u00e4r m\u00f6jlig utifr\u00e5n den ekonomiska utvecklingen. Satsningarna som v\u00e5ra partier har gjort i tidigare budgetar ligger fast, som det h\u00f6jda OB-till\u00e4gget f\u00f6r medarbetarna i v\u00e5rden.<br \/>\nKollektivtrafikens l\u00e5ngvariga och positiva utveckling br\u00f6ts abrupt i och med utbrottet av covid-19. Antalet resor minskade med en tredjedel n\u00e4r v\u00e5r vardag och v\u00e5ra vanor dramatiskt f\u00f6r\u00e4ndrades. Under 2022 fokuserar den gr\u00f6nbl\u00e5 ledningen d\u00e4rf\u00f6r p\u00e5 att att \u00e5stadkomma en omstart f\u00f6r kollektivtrafiken med m\u00e5let att inom n\u00e5gra \u00e5r ha \u00e5tertagit samma resevolym som f\u00f6re pandemin.<\/p>\n<p>\u00c4ven kulturlivet har p\u00e5verkats starkt av pandemin men har gjort stora insatser genom att tillhandah\u00e5lla olika digitala erbjudanden. 2022 blir en omstart ocks\u00e5 f\u00f6r kulturen. I denna ska de l\u00f6sningar och arbetss\u00e4tt som kreativt har utvecklats under pandemin tas tillvara och bidra till ett brett deltagande och ett rikt kulturutbud i hela l\u00e4net. En liten men viktig del i detta \u00e4r att vi ansl\u00e5r medel i budget f\u00f6r att digitalisera m\u00f6tes- och samlingslokaler i l\u00e4net.<\/p>\n<p><strong>Ser ljust fram\u00e5t<\/strong><br \/>\nVi ser p\u00e5 de kommande \u00e5ren med optimism men med medvetenhet om de utmaningar som v\u00e4ntar. Prognoserna indikerar f\u00f6rvisso en \u00f6kad tillv\u00e4xt och \u00f6kade skatteint\u00e4kter under 2022, men denna uppg\u00e5ng i ekonomin ber\u00e4knas inte bli l\u00e5ngvarig. Redan 2023 bed\u00f6ms antalet arbetade timmar minska. Regionen har d\u00e4rf\u00f6r en viktig roll att i samverkan med n\u00e4ringslivet, akademin och kommuner skapa f\u00f6ruts\u00e4ttningar f\u00f6r ett V\u00e4stsverige med internationell konkurrenskraft.<\/p>\n<p>Med ett robust och modernt n\u00e4ringsliv som har f\u00f6rm\u00e5ga att st\u00e4lla om till nya f\u00f6ruts\u00e4ttningar kan utvecklingen v\u00e4ndas. Nyligen antog regionfullm\u00e4ktige en regional utvecklingsstrategi som pekar ut elektrifiering, digitalisering, fullf\u00f6ljda studier och cirkul\u00e4ra aff\u00e4rsmodeller som de viktigaste kraftsamlingarna i ett s\u00e5dant arbete. Regional utveckling har i budgeten en ram p\u00e5 en miljard kronor. Ett exempel p\u00e5 en satsning \u00e4r att 15 miljoner kr ansl\u00e5s i ett projekt f\u00f6r att stimulera cirkul\u00e4r ekonomi inom ramen f\u00f6r nischad, kommersiell \u00e5tervinning.<\/p>\n<p>De f\u00f6ljande \u00e5rens utmaningar kommer ocks\u00e5 att st\u00e4lla krav p\u00e5 ekonomisk hush\u00e5llning och ansvarstagande av de politiska partierna i regionfullm\u00e4ktige. Respekt f\u00f6r och efterlevnad av de \u00f6verenskomna, finanspolitiska ramverken \u00e4r en f\u00f6ruts\u00e4ttning f\u00f6r att m\u00f6jligg\u00f6ra en effektiv politisk styrning av organisationen samt att ge f\u00f6ruts\u00e4ttning f\u00f6r en l\u00e5ngsiktig stabilitet i ekonomin. Gr\u00f6nBl\u00e5 Samverkan tar det ansvaret.<\/p>\n<p><strong>Johnny Magnusson (M)<\/strong><br \/>\n<strong>Kristina Jon\u00e4ng (C)<\/strong><br \/>\n<strong>Conny Br\u00e4nnberg (KD)<\/strong><br \/>\n<strong>Jonas Andersson (L)<\/strong><br \/>\n<strong>Ulrika Frick (MP)<\/strong><\/p>\n","protected":false},"excerpt":{"rendered":"<p>Debattartikel GP &#8211; Conny Br\u00e4nnberg m.fl. N\u00e4r Gr\u00f6nBl\u00e5 Samverkan l\u00e4gger fram budgetf\u00f6rslag f\u00f6r 2022 g\u00f6r vi det med f\u00f6rsiktig optimism f\u00f6r framtiden. Vaccinationer utf\u00f6rs i en allt h\u00f6gre takt och allt fler f\u00e5r sitt skydd mot den f\u00f6rf\u00e4rliga sjukdomen covid-19. Det finns hopp om att samh\u00e4llet s\u00e5 sm\u00e5ningom kan \u00f6ppna upp och vi budgeterar f\u00f6r <a class=\"read-more-link\" href=\"https:\/\/wp.kristdemokraterna.se\/vg\/vi-budgeterar-for-en-omstart-av-vastra-gotaland\/\">Read More<\/a><\/p>\n","protected":false},"author":726,"featured_media":988,"comment_status":"closed","ping_status":"closed","sticky":false,"template":"","format":"standard","meta":{"_acf_changed":false,"footnotes":""},"categories":[7,9,74,10,11],"tags":[28,12,38,14,15],"class_list":["post-987","post","type-post","status-publish","format-standard","has-post-thumbnail","hentry","category-debattartiklar","category-halso-och-sjukvard","category-kollektivtrafik","category-kultur","category-miljo","tag-conny-brannberg","tag-halso-och-sjukvard","tag-kollektivtrafik","tag-kultur","tag-regionutveckling"],"acf":[],"yoast_head":"<!-- This site is optimized with the Yoast SEO plugin v27.4 - https:\/\/yoast.com\/product\/yoast-seo-wordpress\/ -->\n<title>Vi budgeterar f\u00f6r en omstart av V\u00e4stra G\u00f6taland - V\u00e4stra G\u00f6talandsregionen<\/title>\n<meta name=\"robots\" content=\"index, follow, max-snippet:-1, max-image-preview:large, max-video-preview:-1\" \/>\n<link rel=\"canonical\" href=\"https:\/\/wp.kristdemokraterna.se\/vg\/vi-budgeterar-for-en-omstart-av-vastra-gotaland\/\" \/>\n<meta property=\"og:locale\" content=\"sv_SE\" \/>\n<meta property=\"og:type\" content=\"article\" \/>\n<meta property=\"og:title\" content=\"Vi budgeterar f\u00f6r en omstart av V\u00e4stra G\u00f6taland - V\u00e4stra G\u00f6talandsregionen\" \/>\n<meta property=\"og:description\" content=\"Debattartikel GP &#8211; Conny Br\u00e4nnberg m.fl. N\u00e4r Gr\u00f6nBl\u00e5 Samverkan l\u00e4gger fram budgetf\u00f6rslag f\u00f6r 2022 g\u00f6r vi det med f\u00f6rsiktig optimism f\u00f6r framtiden. Vaccinationer utf\u00f6rs i en allt h\u00f6gre takt och allt fler f\u00e5r sitt skydd mot den f\u00f6rf\u00e4rliga sjukdomen covid-19. Det finns hopp om att samh\u00e4llet s\u00e5 sm\u00e5ningom kan \u00f6ppna upp och vi budgeterar f\u00f6r Read More\" \/>\n<meta property=\"og:url\" content=\"https:\/\/wp.kristdemokraterna.se\/vg\/vi-budgeterar-for-en-omstart-av-vastra-gotaland\/\" \/>\n<meta property=\"og:site_name\" content=\"V\u00e4stra G\u00f6talandsregionen\" \/>\n<meta property=\"article:published_time\" content=\"2021-05-25T07:29:13+00:00\" \/>\n<meta property=\"og:image\" content=\"https:\/\/wp.kristdemokraterna.se\/vg\/files\/2021\/05\/aa-2.jpg\" \/>\n\t<meta property=\"og:image:width\" content=\"470\" \/>\n\t<meta property=\"og:image:height\" content=\"262\" \/>\n\t<meta property=\"og:image:type\" content=\"image\/jpeg\" \/>\n<meta name=\"author\" content=\"vg\" \/>\n<meta name=\"twitter:card\" content=\"summary_large_image\" \/>\n<meta name=\"twitter:creator\" content=\"@KD_VGR\" \/>\n<meta name=\"twitter:site\" content=\"@KD_VGR\" \/>\n<meta name=\"twitter:label1\" content=\"Skriven av\" \/>\n\t<meta name=\"twitter:data1\" content=\"vg\" \/>\n\t<meta name=\"twitter:label2\" content=\"Ber\u00e4knad l\u00e4stid\" \/>\n\t<meta name=\"twitter:data2\" content=\"3 minuter\" \/>\n<script type=\"application\/ld+json\" class=\"yoast-schema-graph\">{\"@context\":\"https:\\\/\\\/schema.org\",\"@graph\":[{\"@type\":\"Article\",\"@id\":\"https:\\\/\\\/wp.kristdemokraterna.se\\\/vg\\\/vi-budgeterar-for-en-omstart-av-vastra-gotaland\\\/#article\",\"isPartOf\":{\"@id\":\"https:\\\/\\\/wp.kristdemokraterna.se\\\/vg\\\/vi-budgeterar-for-en-omstart-av-vastra-gotaland\\\/\"},\"author\":{\"name\":\"vg\",\"@id\":\"https:\\\/\\\/wp.kristdemokraterna.se\\\/vg\\\/#\\\/schema\\\/person\\\/485c1ff01f1324aafbb92705c598210f\"},\"headline\":\"Vi budgeterar f\u00f6r en omstart av V\u00e4stra G\u00f6taland\",\"datePublished\":\"2021-05-25T07:29:13+00:00\",\"mainEntityOfPage\":{\"@id\":\"https:\\\/\\\/wp.kristdemokraterna.se\\\/vg\\\/vi-budgeterar-for-en-omstart-av-vastra-gotaland\\\/\"},\"wordCount\":806,\"image\":{\"@id\":\"https:\\\/\\\/wp.kristdemokraterna.se\\\/vg\\\/vi-budgeterar-for-en-omstart-av-vastra-gotaland\\\/#primaryimage\"},\"thumbnailUrl\":\"https:\\\/\\\/wp.kristdemokraterna.se\\\/vg\\\/files\\\/2021\\\/05\\\/aa-2.jpg\",\"keywords\":[\"conny br\u00e4nnberg\",\"H\u00e4lso- och sjukv\u00e5rd\",\"kollektivtrafik\",\"Kultur\",\"Regionutveckling\"],\"articleSection\":[\"Debattartiklar\",\"H\u00e4lso- och sjukv\u00e5rd\",\"kollektivtrafik\",\"Kultur\",\"Milj\u00f6\"],\"inLanguage\":\"sv-SE\"},{\"@type\":\"WebPage\",\"@id\":\"https:\\\/\\\/wp.kristdemokraterna.se\\\/vg\\\/vi-budgeterar-for-en-omstart-av-vastra-gotaland\\\/\",\"url\":\"https:\\\/\\\/wp.kristdemokraterna.se\\\/vg\\\/vi-budgeterar-for-en-omstart-av-vastra-gotaland\\\/\",\"name\":\"Vi budgeterar f\u00f6r en omstart av V\u00e4stra G\u00f6taland - V\u00e4stra G\u00f6talandsregionen\",\"isPartOf\":{\"@id\":\"https:\\\/\\\/wp.kristdemokraterna.se\\\/vg\\\/#website\"},\"primaryImageOfPage\":{\"@id\":\"https:\\\/\\\/wp.kristdemokraterna.se\\\/vg\\\/vi-budgeterar-for-en-omstart-av-vastra-gotaland\\\/#primaryimage\"},\"image\":{\"@id\":\"https:\\\/\\\/wp.kristdemokraterna.se\\\/vg\\\/vi-budgeterar-for-en-omstart-av-vastra-gotaland\\\/#primaryimage\"},\"thumbnailUrl\":\"https:\\\/\\\/wp.kristdemokraterna.se\\\/vg\\\/files\\\/2021\\\/05\\\/aa-2.jpg\",\"datePublished\":\"2021-05-25T07:29:13+00:00\",\"author\":{\"@id\":\"https:\\\/\\\/wp.kristdemokraterna.se\\\/vg\\\/#\\\/schema\\\/person\\\/485c1ff01f1324aafbb92705c598210f\"},\"breadcrumb\":{\"@id\":\"https:\\\/\\\/wp.kristdemokraterna.se\\\/vg\\\/vi-budgeterar-for-en-omstart-av-vastra-gotaland\\\/#breadcrumb\"},\"inLanguage\":\"sv-SE\",\"potentialAction\":[{\"@type\":\"ReadAction\",\"target\":[\"https:\\\/\\\/wp.kristdemokraterna.se\\\/vg\\\/vi-budgeterar-for-en-omstart-av-vastra-gotaland\\\/\"]}]},{\"@type\":\"ImageObject\",\"inLanguage\":\"sv-SE\",\"@id\":\"https:\\\/\\\/wp.kristdemokraterna.se\\\/vg\\\/vi-budgeterar-for-en-omstart-av-vastra-gotaland\\\/#primaryimage\",\"url\":\"https:\\\/\\\/wp.kristdemokraterna.se\\\/vg\\\/files\\\/2021\\\/05\\\/aa-2.jpg\",\"contentUrl\":\"https:\\\/\\\/wp.kristdemokraterna.se\\\/vg\\\/files\\\/2021\\\/05\\\/aa-2.jpg\",\"width\":470,\"height\":262},{\"@type\":\"BreadcrumbList\",\"@id\":\"https:\\\/\\\/wp.kristdemokraterna.se\\\/vg\\\/vi-budgeterar-for-en-omstart-av-vastra-gotaland\\\/#breadcrumb\",\"itemListElement\":[{\"@type\":\"ListItem\",\"position\":1,\"name\":\"Hem\",\"item\":\"https:\\\/\\\/wp.kristdemokraterna.se\\\/vg\\\/\"},{\"@type\":\"ListItem\",\"position\":2,\"name\":\"Vi budgeterar f\u00f6r en omstart av V\u00e4stra G\u00f6taland\"}]},{\"@type\":\"WebSite\",\"@id\":\"https:\\\/\\\/wp.kristdemokraterna.se\\\/vg\\\/#website\",\"url\":\"https:\\\/\\\/wp.kristdemokraterna.se\\\/vg\\\/\",\"name\":\"V\u00e4stra G\u00f6talandsregionen\",\"description\":\"\",\"inLanguage\":\"sv-SE\"},{\"@type\":\"Person\",\"@id\":\"https:\\\/\\\/wp.kristdemokraterna.se\\\/vg\\\/#\\\/schema\\\/person\\\/485c1ff01f1324aafbb92705c598210f\",\"name\":\"vg\",\"image\":{\"@type\":\"ImageObject\",\"inLanguage\":\"sv-SE\",\"@id\":\"https:\\\/\\\/secure.gravatar.com\\\/avatar\\\/387c874425c7747be372c14ca2d69e1689502257d65ec3b403b441b6435e48d8?s=96&d=mm&r=g\",\"url\":\"https:\\\/\\\/secure.gravatar.com\\\/avatar\\\/387c874425c7747be372c14ca2d69e1689502257d65ec3b403b441b6435e48d8?s=96&d=mm&r=g\",\"contentUrl\":\"https:\\\/\\\/secure.gravatar.com\\\/avatar\\\/387c874425c7747be372c14ca2d69e1689502257d65ec3b403b441b6435e48d8?s=96&d=mm&r=g\",\"caption\":\"vg\"},\"url\":\"https:\\\/\\\/wp.kristdemokraterna.se\\\/vg\\\/author\\\/vg\\\/\"}]}<\/script>\n<!-- \/ Yoast SEO plugin. -->","yoast_head_json":{"title":"Vi budgeterar f\u00f6r en omstart av V\u00e4stra G\u00f6taland - V\u00e4stra G\u00f6talandsregionen","robots":{"index":"index","follow":"follow","max-snippet":"max-snippet:-1","max-image-preview":"max-image-preview:large","max-video-preview":"max-video-preview:-1"},"canonical":"https:\/\/wp.kristdemokraterna.se\/vg\/vi-budgeterar-for-en-omstart-av-vastra-gotaland\/","og_locale":"sv_SE","og_type":"article","og_title":"Vi budgeterar f\u00f6r en omstart av V\u00e4stra G\u00f6taland - V\u00e4stra G\u00f6talandsregionen","og_description":"Debattartikel GP &#8211; Conny Br\u00e4nnberg m.fl. N\u00e4r Gr\u00f6nBl\u00e5 Samverkan l\u00e4gger fram budgetf\u00f6rslag f\u00f6r 2022 g\u00f6r vi det med f\u00f6rsiktig optimism f\u00f6r framtiden. Vaccinationer utf\u00f6rs i en allt h\u00f6gre takt och allt fler f\u00e5r sitt skydd mot den f\u00f6rf\u00e4rliga sjukdomen covid-19. Det finns hopp om att samh\u00e4llet s\u00e5 sm\u00e5ningom kan \u00f6ppna upp och vi budgeterar f\u00f6r Read More","og_url":"https:\/\/wp.kristdemokraterna.se\/vg\/vi-budgeterar-for-en-omstart-av-vastra-gotaland\/","og_site_name":"V\u00e4stra G\u00f6talandsregionen","article_published_time":"2021-05-25T07:29:13+00:00","og_image":[{"width":470,"height":262,"url":"https:\/\/wp.kristdemokraterna.se\/vg\/files\/2021\/05\/aa-2.jpg","type":"image\/jpeg"}],"author":"vg","twitter_card":"summary_large_image","twitter_creator":"@KD_VGR","twitter_site":"@KD_VGR","twitter_misc":{"Skriven av":"vg","Ber\u00e4knad l\u00e4stid":"3 minuter"},"schema":{"@context":"https:\/\/schema.org","@graph":[{"@type":"Article","@id":"https:\/\/wp.kristdemokraterna.se\/vg\/vi-budgeterar-for-en-omstart-av-vastra-gotaland\/#article","isPartOf":{"@id":"https:\/\/wp.kristdemokraterna.se\/vg\/vi-budgeterar-for-en-omstart-av-vastra-gotaland\/"},"author":{"name":"vg","@id":"https:\/\/wp.kristdemokraterna.se\/vg\/#\/schema\/person\/485c1ff01f1324aafbb92705c598210f"},"headline":"Vi budgeterar f\u00f6r en omstart av V\u00e4stra G\u00f6taland","datePublished":"2021-05-25T07:29:13+00:00","mainEntityOfPage":{"@id":"https:\/\/wp.kristdemokraterna.se\/vg\/vi-budgeterar-for-en-omstart-av-vastra-gotaland\/"},"wordCount":806,"image":{"@id":"https:\/\/wp.kristdemokraterna.se\/vg\/vi-budgeterar-for-en-omstart-av-vastra-gotaland\/#primaryimage"},"thumbnailUrl":"https:\/\/wp.kristdemokraterna.se\/vg\/files\/2021\/05\/aa-2.jpg","keywords":["conny br\u00e4nnberg","H\u00e4lso- och sjukv\u00e5rd","kollektivtrafik","Kultur","Regionutveckling"],"articleSection":["Debattartiklar","H\u00e4lso- och sjukv\u00e5rd","kollektivtrafik","Kultur","Milj\u00f6"],"inLanguage":"sv-SE"},{"@type":"WebPage","@id":"https:\/\/wp.kristdemokraterna.se\/vg\/vi-budgeterar-for-en-omstart-av-vastra-gotaland\/","url":"https:\/\/wp.kristdemokraterna.se\/vg\/vi-budgeterar-for-en-omstart-av-vastra-gotaland\/","name":"Vi budgeterar f\u00f6r en omstart av V\u00e4stra G\u00f6taland - V\u00e4stra G\u00f6talandsregionen","isPartOf":{"@id":"https:\/\/wp.kristdemokraterna.se\/vg\/#website"},"primaryImageOfPage":{"@id":"https:\/\/wp.kristdemokraterna.se\/vg\/vi-budgeterar-for-en-omstart-av-vastra-gotaland\/#primaryimage"},"image":{"@id":"https:\/\/wp.kristdemokraterna.se\/vg\/vi-budgeterar-for-en-omstart-av-vastra-gotaland\/#primaryimage"},"thumbnailUrl":"https:\/\/wp.kristdemokraterna.se\/vg\/files\/2021\/05\/aa-2.jpg","datePublished":"2021-05-25T07:29:13+00:00","author":{"@id":"https:\/\/wp.kristdemokraterna.se\/vg\/#\/schema\/person\/485c1ff01f1324aafbb92705c598210f"},"breadcrumb":{"@id":"https:\/\/wp.kristdemokraterna.se\/vg\/vi-budgeterar-for-en-omstart-av-vastra-gotaland\/#breadcrumb"},"inLanguage":"sv-SE","potentialAction":[{"@type":"ReadAction","target":["https:\/\/wp.kristdemokraterna.se\/vg\/vi-budgeterar-for-en-omstart-av-vastra-gotaland\/"]}]},{"@type":"ImageObject","inLanguage":"sv-SE","@id":"https:\/\/wp.kristdemokraterna.se\/vg\/vi-budgeterar-for-en-omstart-av-vastra-gotaland\/#primaryimage","url":"https:\/\/wp.kristdemokraterna.se\/vg\/files\/2021\/05\/aa-2.jpg","contentUrl":"https:\/\/wp.kristdemokraterna.se\/vg\/files\/2021\/05\/aa-2.jpg","width":470,"height":262},{"@type":"BreadcrumbList","@id":"https:\/\/wp.kristdemokraterna.se\/vg\/vi-budgeterar-for-en-omstart-av-vastra-gotaland\/#breadcrumb","itemListElement":[{"@type":"ListItem","position":1,"name":"Hem","item":"https:\/\/wp.kristdemokraterna.se\/vg\/"},{"@type":"ListItem","position":2,"name":"Vi budgeterar f\u00f6r en omstart av V\u00e4stra G\u00f6taland"}]},{"@type":"WebSite","@id":"https:\/\/wp.kristdemokraterna.se\/vg\/#website","url":"https:\/\/wp.kristdemokraterna.se\/vg\/","name":"V\u00e4stra G\u00f6talandsregionen","description":"","inLanguage":"sv-SE"},{"@type":"Person","@id":"https:\/\/wp.kristdemokraterna.se\/vg\/#\/schema\/person\/485c1ff01f1324aafbb92705c598210f","name":"vg","image":{"@type":"ImageObject","inLanguage":"sv-SE","@id":"https:\/\/secure.gravatar.com\/avatar\/387c874425c7747be372c14ca2d69e1689502257d65ec3b403b441b6435e48d8?s=96&d=mm&r=g","url":"https:\/\/secure.gravatar.com\/avatar\/387c874425c7747be372c14ca2d69e1689502257d65ec3b403b441b6435e48d8?s=96&d=mm&r=g","contentUrl":"https:\/\/secure.gravatar.com\/avatar\/387c874425c7747be372c14ca2d69e1689502257d65ec3b403b441b6435e48d8?s=96&d=mm&r=g","caption":"vg"},"url":"https:\/\/wp.kristdemokraterna.se\/vg\/author\/vg\/"}]}},"_links":{"self":[{"href":"https:\/\/wp.kristdemokraterna.se\/vg\/wp-json\/wp\/v2\/posts\/987","targetHints":{"allow":["GET"]}}],"collection":[{"href":"https:\/\/wp.kristdemokraterna.se\/vg\/wp-json\/wp\/v2\/posts"}],"about":[{"href":"https:\/\/wp.kristdemokraterna.se\/vg\/wp-json\/wp\/v2\/types\/post"}],"author":[{"embeddable":true,"href":"https:\/\/wp.kristdemokraterna.se\/vg\/wp-json\/wp\/v2\/users\/726"}],"replies":[{"embeddable":true,"href":"https:\/\/wp.kristdemokraterna.se\/vg\/wp-json\/wp\/v2\/comments?post=987"}],"version-history":[{"count":1,"href":"https:\/\/wp.kristdemokraterna.se\/vg\/wp-json\/wp\/v2\/posts\/987\/revisions"}],"predecessor-version":[{"id":989,"href":"https:\/\/wp.kristdemokraterna.se\/vg\/wp-json\/wp\/v2\/posts\/987\/revisions\/989"}],"wp:featuredmedia":[{"embeddable":true,"href":"https:\/\/wp.kristdemokraterna.se\/vg\/wp-json\/wp\/v2\/media\/988"}],"wp:attachment":[{"href":"https:\/\/wp.kristdemokraterna.se\/vg\/wp-json\/wp\/v2\/media?parent=987"}],"wp:term":[{"taxonomy":"category","embeddable":true,"href":"https:\/\/wp.kristdemokraterna.se\/vg\/wp-json\/wp\/v2\/categories?post=987"},{"taxonomy":"post_tag","embeddable":true,"href":"https:\/\/wp.kristdemokraterna.se\/vg\/wp-json\/wp\/v2\/tags?post=987"}],"curies":[{"name":"wp","href":"https:\/\/api.w.org\/{rel}","templated":true}]}}