{"id":992,"date":"2021-06-15T10:29:27","date_gmt":"2021-06-15T08:29:27","guid":{"rendered":"https:\/\/wp.kristdemokraterna.se\/vg\/?p=992"},"modified":"2021-06-15T10:52:49","modified_gmt":"2021-06-15T08:52:49","slug":"vilken-manniskosyn-har-regionradet-helen-eliasson-s","status":"publish","type":"post","link":"https:\/\/wp.kristdemokraterna.se\/vg\/vilken-manniskosyn-har-regionradet-helen-eliasson-s\/","title":{"rendered":"Vilken m\u00e4nniskosyn har Socialdemokraterna?"},"content":{"rendered":"<p><strong>Debattartikel Bohusl\u00e4ningen &#8211; Stefan Svensson<\/strong><br \/>\nDen 8 juni beslutade regionfullm\u00e4ktige i V\u00e4stra G\u00f6talandsregionen att bifalla Gr\u00f6nBl\u00e5 Samverkans budgetf\u00f6rslag f\u00f6r 2022. Voteringen p\u00e5 kv\u00e4llen hade f\u00f6reg\u00e5tts av tv\u00e5 dagars debatt. Skiljelinjerna var de vanliga. Mot en ansvarsfull Gr\u00f6nBl\u00e5 budget st\u00e4lldes ett socialdemokratiskt f\u00f6rslag som basunerade ut st\u00f6rre ekonomiska satsningar som, om de verkst\u00e4llts, i praktiken raderat ut alla buffertar under \u00e5ren 2022-2024. Nu vann deras f\u00f6rslag inte fullm\u00e4ktiges gillande.<br \/>\n<!--more--><br \/>\nEn annan grundbult i den socialdemokratiska retoriken var aversionen mot privata v\u00e5rdgivare. Den gick som en r\u00f6d tr\u00e5d i debatten och \u00e4r i linje med den ton som s\u00e4tts i deras budgetdokument. Redan i det socialdemokratiska f\u00f6rordet, underskrivet av Hel\u00e9n Eliasson \u2013 regionr\u00e5d i opposition, kan man l\u00e4sa f\u00f6ljande:<\/p>\n<p>\u201dVi beh\u00f6ver st\u00e4rka v\u00e5r egen organisation och slippa att belasta s\u00e5v\u00e4l patienter som verksamhet och ekonomi med inhyrd personal.\u201d<\/p>\n<p>Smaka p\u00e5 den meningen. Vad Eliasson s\u00e4ger \u00e4r att patienter inte ska belastas med inhyrd personal\u2026 Den meningen ensam skulle kunna bli temat f\u00f6r ett seminarium d\u00e4r den socialdemokratiska m\u00e4nniskosynen s\u00e4tts under lupp. Ska personal v\u00e4rderas utifr\u00e5n vilka arbetsgivare de har? Jag st\u00e4llde s\u00e5ledes f\u00f6ljande fr\u00e5gor under debatten: \u201dFinns det fler privat anst\u00e4llda som ni anser \u201dbelastar v\u00e5ra patienter\u201d och var finns d\u00e5 dessa? Inom de privat drivna v\u00e5rdcentralerna? Inom upphandlad v\u00e5rd? Eller n\u00e5gon annanstans?\u201d<\/p>\n<p>Socialdemokraterna f\u00f6rbigick mina fr\u00e5gor med tystnad, i sig anm\u00e4rkningsv\u00e4rt. Men mina fr\u00e5gor kvarst\u00e5r. D\u00e4rf\u00f6r upprepar jag dem igen. Vilka \u00e4r dessa privat anst\u00e4llda som belastar v\u00e5ra patienter och inom vilka verksamheter finns de? \u00c4r det de privata v\u00e5rdcentralerna som ytterst \u00e4r m\u00e5let f\u00f6r den socialdemokratiska svartm\u00e5lningen?<\/p>\n<p><strong>Stefan Svensson (KD)<\/strong><br \/>\nLedamot<br \/>\nRegionfullm\u00e4ktige<br \/>\nV\u00e4stra G\u00f6talandsregionen<\/p>\n","protected":false},"excerpt":{"rendered":"<p>Debattartikel Bohusl\u00e4ningen &#8211; Stefan Svensson Den 8 juni beslutade regionfullm\u00e4ktige i V\u00e4stra G\u00f6talandsregionen att bifalla Gr\u00f6nBl\u00e5 Samverkans budgetf\u00f6rslag f\u00f6r 2022. Voteringen p\u00e5 kv\u00e4llen hade f\u00f6reg\u00e5tts av tv\u00e5 dagars debatt. Skiljelinjerna var de vanliga. Mot en ansvarsfull Gr\u00f6nBl\u00e5 budget st\u00e4lldes ett socialdemokratiskt f\u00f6rslag som basunerade ut st\u00f6rre ekonomiska satsningar som, om de verkst\u00e4llts, i praktiken raderat <a class=\"read-more-link\" href=\"https:\/\/wp.kristdemokraterna.se\/vg\/vilken-manniskosyn-har-regionradet-helen-eliasson-s\/\">Read More<\/a><\/p>\n","protected":false},"author":726,"featured_media":993,"comment_status":"closed","ping_status":"closed","sticky":false,"template":"","format":"standard","meta":{"_acf_changed":false,"footnotes":""},"categories":[7,9],"tags":[12,21,86],"class_list":["post-992","post","type-post","status-publish","format-standard","has-post-thumbnail","hentry","category-debattartiklar","category-halso-och-sjukvard","tag-halso-och-sjukvard","tag-personal","tag-stefan-svensson"],"acf":[],"yoast_head":"<!-- This site is optimized with the Yoast SEO plugin v27.4 - https:\/\/yoast.com\/product\/yoast-seo-wordpress\/ -->\n<title>Vilken m\u00e4nniskosyn har Socialdemokraterna? - V\u00e4stra G\u00f6talandsregionen<\/title>\n<meta name=\"robots\" content=\"index, follow, max-snippet:-1, max-image-preview:large, max-video-preview:-1\" \/>\n<link rel=\"canonical\" href=\"https:\/\/wp.kristdemokraterna.se\/vg\/vilken-manniskosyn-har-regionradet-helen-eliasson-s\/\" \/>\n<meta property=\"og:locale\" content=\"sv_SE\" \/>\n<meta property=\"og:type\" content=\"article\" \/>\n<meta property=\"og:title\" content=\"Vilken m\u00e4nniskosyn har Socialdemokraterna? - V\u00e4stra G\u00f6talandsregionen\" \/>\n<meta property=\"og:description\" content=\"Debattartikel Bohusl\u00e4ningen &#8211; Stefan Svensson Den 8 juni beslutade regionfullm\u00e4ktige i V\u00e4stra G\u00f6talandsregionen att bifalla Gr\u00f6nBl\u00e5 Samverkans budgetf\u00f6rslag f\u00f6r 2022. Voteringen p\u00e5 kv\u00e4llen hade f\u00f6reg\u00e5tts av tv\u00e5 dagars debatt. Skiljelinjerna var de vanliga. Mot en ansvarsfull Gr\u00f6nBl\u00e5 budget st\u00e4lldes ett socialdemokratiskt f\u00f6rslag som basunerade ut st\u00f6rre ekonomiska satsningar som, om de verkst\u00e4llts, i praktiken raderat Read More\" \/>\n<meta property=\"og:url\" content=\"https:\/\/wp.kristdemokraterna.se\/vg\/vilken-manniskosyn-har-regionradet-helen-eliasson-s\/\" \/>\n<meta property=\"og:site_name\" content=\"V\u00e4stra G\u00f6talandsregionen\" \/>\n<meta property=\"article:published_time\" content=\"2021-06-15T08:29:27+00:00\" \/>\n<meta property=\"article:modified_time\" content=\"2021-06-15T08:52:49+00:00\" \/>\n<meta property=\"og:image\" content=\"https:\/\/wp.kristdemokraterna.se\/vg\/files\/2021\/06\/stefan-3.jpg\" \/>\n\t<meta property=\"og:image:width\" content=\"477\" \/>\n\t<meta property=\"og:image:height\" content=\"299\" \/>\n\t<meta property=\"og:image:type\" content=\"image\/jpeg\" \/>\n<meta name=\"author\" content=\"vg\" \/>\n<meta name=\"twitter:card\" content=\"summary_large_image\" \/>\n<meta name=\"twitter:creator\" content=\"@KD_VGR\" \/>\n<meta name=\"twitter:site\" content=\"@KD_VGR\" \/>\n<meta name=\"twitter:label1\" content=\"Skriven av\" \/>\n\t<meta name=\"twitter:data1\" content=\"vg\" \/>\n\t<meta name=\"twitter:label2\" content=\"Ber\u00e4knad l\u00e4stid\" \/>\n\t<meta name=\"twitter:data2\" content=\"2 minuter\" \/>\n<script type=\"application\/ld+json\" class=\"yoast-schema-graph\">{\"@context\":\"https:\\\/\\\/schema.org\",\"@graph\":[{\"@type\":\"Article\",\"@id\":\"https:\\\/\\\/wp.kristdemokraterna.se\\\/vg\\\/vilken-manniskosyn-har-regionradet-helen-eliasson-s\\\/#article\",\"isPartOf\":{\"@id\":\"https:\\\/\\\/wp.kristdemokraterna.se\\\/vg\\\/vilken-manniskosyn-har-regionradet-helen-eliasson-s\\\/\"},\"author\":{\"name\":\"vg\",\"@id\":\"https:\\\/\\\/wp.kristdemokraterna.se\\\/vg\\\/#\\\/schema\\\/person\\\/485c1ff01f1324aafbb92705c598210f\"},\"headline\":\"Vilken m\u00e4nniskosyn har Socialdemokraterna?\",\"datePublished\":\"2021-06-15T08:29:27+00:00\",\"dateModified\":\"2021-06-15T08:52:49+00:00\",\"mainEntityOfPage\":{\"@id\":\"https:\\\/\\\/wp.kristdemokraterna.se\\\/vg\\\/vilken-manniskosyn-har-regionradet-helen-eliasson-s\\\/\"},\"wordCount\":330,\"image\":{\"@id\":\"https:\\\/\\\/wp.kristdemokraterna.se\\\/vg\\\/vilken-manniskosyn-har-regionradet-helen-eliasson-s\\\/#primaryimage\"},\"thumbnailUrl\":\"https:\\\/\\\/wp.kristdemokraterna.se\\\/vg\\\/files\\\/2021\\\/06\\\/stefan-3.jpg\",\"keywords\":[\"H\u00e4lso- och sjukv\u00e5rd\",\"Personal\",\"stefan svensson\"],\"articleSection\":[\"Debattartiklar\",\"H\u00e4lso- och sjukv\u00e5rd\"],\"inLanguage\":\"sv-SE\"},{\"@type\":\"WebPage\",\"@id\":\"https:\\\/\\\/wp.kristdemokraterna.se\\\/vg\\\/vilken-manniskosyn-har-regionradet-helen-eliasson-s\\\/\",\"url\":\"https:\\\/\\\/wp.kristdemokraterna.se\\\/vg\\\/vilken-manniskosyn-har-regionradet-helen-eliasson-s\\\/\",\"name\":\"Vilken m\u00e4nniskosyn har Socialdemokraterna? - V\u00e4stra G\u00f6talandsregionen\",\"isPartOf\":{\"@id\":\"https:\\\/\\\/wp.kristdemokraterna.se\\\/vg\\\/#website\"},\"primaryImageOfPage\":{\"@id\":\"https:\\\/\\\/wp.kristdemokraterna.se\\\/vg\\\/vilken-manniskosyn-har-regionradet-helen-eliasson-s\\\/#primaryimage\"},\"image\":{\"@id\":\"https:\\\/\\\/wp.kristdemokraterna.se\\\/vg\\\/vilken-manniskosyn-har-regionradet-helen-eliasson-s\\\/#primaryimage\"},\"thumbnailUrl\":\"https:\\\/\\\/wp.kristdemokraterna.se\\\/vg\\\/files\\\/2021\\\/06\\\/stefan-3.jpg\",\"datePublished\":\"2021-06-15T08:29:27+00:00\",\"dateModified\":\"2021-06-15T08:52:49+00:00\",\"author\":{\"@id\":\"https:\\\/\\\/wp.kristdemokraterna.se\\\/vg\\\/#\\\/schema\\\/person\\\/485c1ff01f1324aafbb92705c598210f\"},\"breadcrumb\":{\"@id\":\"https:\\\/\\\/wp.kristdemokraterna.se\\\/vg\\\/vilken-manniskosyn-har-regionradet-helen-eliasson-s\\\/#breadcrumb\"},\"inLanguage\":\"sv-SE\",\"potentialAction\":[{\"@type\":\"ReadAction\",\"target\":[\"https:\\\/\\\/wp.kristdemokraterna.se\\\/vg\\\/vilken-manniskosyn-har-regionradet-helen-eliasson-s\\\/\"]}]},{\"@type\":\"ImageObject\",\"inLanguage\":\"sv-SE\",\"@id\":\"https:\\\/\\\/wp.kristdemokraterna.se\\\/vg\\\/vilken-manniskosyn-har-regionradet-helen-eliasson-s\\\/#primaryimage\",\"url\":\"https:\\\/\\\/wp.kristdemokraterna.se\\\/vg\\\/files\\\/2021\\\/06\\\/stefan-3.jpg\",\"contentUrl\":\"https:\\\/\\\/wp.kristdemokraterna.se\\\/vg\\\/files\\\/2021\\\/06\\\/stefan-3.jpg\",\"width\":477,\"height\":299},{\"@type\":\"BreadcrumbList\",\"@id\":\"https:\\\/\\\/wp.kristdemokraterna.se\\\/vg\\\/vilken-manniskosyn-har-regionradet-helen-eliasson-s\\\/#breadcrumb\",\"itemListElement\":[{\"@type\":\"ListItem\",\"position\":1,\"name\":\"Hem\",\"item\":\"https:\\\/\\\/wp.kristdemokraterna.se\\\/vg\\\/\"},{\"@type\":\"ListItem\",\"position\":2,\"name\":\"Vilken m\u00e4nniskosyn har Socialdemokraterna?\"}]},{\"@type\":\"WebSite\",\"@id\":\"https:\\\/\\\/wp.kristdemokraterna.se\\\/vg\\\/#website\",\"url\":\"https:\\\/\\\/wp.kristdemokraterna.se\\\/vg\\\/\",\"name\":\"V\u00e4stra G\u00f6talandsregionen\",\"description\":\"\",\"inLanguage\":\"sv-SE\"},{\"@type\":\"Person\",\"@id\":\"https:\\\/\\\/wp.kristdemokraterna.se\\\/vg\\\/#\\\/schema\\\/person\\\/485c1ff01f1324aafbb92705c598210f\",\"name\":\"vg\",\"image\":{\"@type\":\"ImageObject\",\"inLanguage\":\"sv-SE\",\"@id\":\"https:\\\/\\\/secure.gravatar.com\\\/avatar\\\/387c874425c7747be372c14ca2d69e1689502257d65ec3b403b441b6435e48d8?s=96&d=mm&r=g\",\"url\":\"https:\\\/\\\/secure.gravatar.com\\\/avatar\\\/387c874425c7747be372c14ca2d69e1689502257d65ec3b403b441b6435e48d8?s=96&d=mm&r=g\",\"contentUrl\":\"https:\\\/\\\/secure.gravatar.com\\\/avatar\\\/387c874425c7747be372c14ca2d69e1689502257d65ec3b403b441b6435e48d8?s=96&d=mm&r=g\",\"caption\":\"vg\"},\"url\":\"https:\\\/\\\/wp.kristdemokraterna.se\\\/vg\\\/author\\\/vg\\\/\"}]}<\/script>\n<!-- \/ Yoast SEO plugin. -->","yoast_head_json":{"title":"Vilken m\u00e4nniskosyn har Socialdemokraterna? - V\u00e4stra G\u00f6talandsregionen","robots":{"index":"index","follow":"follow","max-snippet":"max-snippet:-1","max-image-preview":"max-image-preview:large","max-video-preview":"max-video-preview:-1"},"canonical":"https:\/\/wp.kristdemokraterna.se\/vg\/vilken-manniskosyn-har-regionradet-helen-eliasson-s\/","og_locale":"sv_SE","og_type":"article","og_title":"Vilken m\u00e4nniskosyn har Socialdemokraterna? - V\u00e4stra G\u00f6talandsregionen","og_description":"Debattartikel Bohusl\u00e4ningen &#8211; Stefan Svensson Den 8 juni beslutade regionfullm\u00e4ktige i V\u00e4stra G\u00f6talandsregionen att bifalla Gr\u00f6nBl\u00e5 Samverkans budgetf\u00f6rslag f\u00f6r 2022. Voteringen p\u00e5 kv\u00e4llen hade f\u00f6reg\u00e5tts av tv\u00e5 dagars debatt. Skiljelinjerna var de vanliga. Mot en ansvarsfull Gr\u00f6nBl\u00e5 budget st\u00e4lldes ett socialdemokratiskt f\u00f6rslag som basunerade ut st\u00f6rre ekonomiska satsningar som, om de verkst\u00e4llts, i praktiken raderat Read More","og_url":"https:\/\/wp.kristdemokraterna.se\/vg\/vilken-manniskosyn-har-regionradet-helen-eliasson-s\/","og_site_name":"V\u00e4stra G\u00f6talandsregionen","article_published_time":"2021-06-15T08:29:27+00:00","article_modified_time":"2021-06-15T08:52:49+00:00","og_image":[{"width":477,"height":299,"url":"https:\/\/wp.kristdemokraterna.se\/vg\/files\/2021\/06\/stefan-3.jpg","type":"image\/jpeg"}],"author":"vg","twitter_card":"summary_large_image","twitter_creator":"@KD_VGR","twitter_site":"@KD_VGR","twitter_misc":{"Skriven av":"vg","Ber\u00e4knad l\u00e4stid":"2 minuter"},"schema":{"@context":"https:\/\/schema.org","@graph":[{"@type":"Article","@id":"https:\/\/wp.kristdemokraterna.se\/vg\/vilken-manniskosyn-har-regionradet-helen-eliasson-s\/#article","isPartOf":{"@id":"https:\/\/wp.kristdemokraterna.se\/vg\/vilken-manniskosyn-har-regionradet-helen-eliasson-s\/"},"author":{"name":"vg","@id":"https:\/\/wp.kristdemokraterna.se\/vg\/#\/schema\/person\/485c1ff01f1324aafbb92705c598210f"},"headline":"Vilken m\u00e4nniskosyn har Socialdemokraterna?","datePublished":"2021-06-15T08:29:27+00:00","dateModified":"2021-06-15T08:52:49+00:00","mainEntityOfPage":{"@id":"https:\/\/wp.kristdemokraterna.se\/vg\/vilken-manniskosyn-har-regionradet-helen-eliasson-s\/"},"wordCount":330,"image":{"@id":"https:\/\/wp.kristdemokraterna.se\/vg\/vilken-manniskosyn-har-regionradet-helen-eliasson-s\/#primaryimage"},"thumbnailUrl":"https:\/\/wp.kristdemokraterna.se\/vg\/files\/2021\/06\/stefan-3.jpg","keywords":["H\u00e4lso- och sjukv\u00e5rd","Personal","stefan svensson"],"articleSection":["Debattartiklar","H\u00e4lso- och sjukv\u00e5rd"],"inLanguage":"sv-SE"},{"@type":"WebPage","@id":"https:\/\/wp.kristdemokraterna.se\/vg\/vilken-manniskosyn-har-regionradet-helen-eliasson-s\/","url":"https:\/\/wp.kristdemokraterna.se\/vg\/vilken-manniskosyn-har-regionradet-helen-eliasson-s\/","name":"Vilken m\u00e4nniskosyn har Socialdemokraterna? - V\u00e4stra G\u00f6talandsregionen","isPartOf":{"@id":"https:\/\/wp.kristdemokraterna.se\/vg\/#website"},"primaryImageOfPage":{"@id":"https:\/\/wp.kristdemokraterna.se\/vg\/vilken-manniskosyn-har-regionradet-helen-eliasson-s\/#primaryimage"},"image":{"@id":"https:\/\/wp.kristdemokraterna.se\/vg\/vilken-manniskosyn-har-regionradet-helen-eliasson-s\/#primaryimage"},"thumbnailUrl":"https:\/\/wp.kristdemokraterna.se\/vg\/files\/2021\/06\/stefan-3.jpg","datePublished":"2021-06-15T08:29:27+00:00","dateModified":"2021-06-15T08:52:49+00:00","author":{"@id":"https:\/\/wp.kristdemokraterna.se\/vg\/#\/schema\/person\/485c1ff01f1324aafbb92705c598210f"},"breadcrumb":{"@id":"https:\/\/wp.kristdemokraterna.se\/vg\/vilken-manniskosyn-har-regionradet-helen-eliasson-s\/#breadcrumb"},"inLanguage":"sv-SE","potentialAction":[{"@type":"ReadAction","target":["https:\/\/wp.kristdemokraterna.se\/vg\/vilken-manniskosyn-har-regionradet-helen-eliasson-s\/"]}]},{"@type":"ImageObject","inLanguage":"sv-SE","@id":"https:\/\/wp.kristdemokraterna.se\/vg\/vilken-manniskosyn-har-regionradet-helen-eliasson-s\/#primaryimage","url":"https:\/\/wp.kristdemokraterna.se\/vg\/files\/2021\/06\/stefan-3.jpg","contentUrl":"https:\/\/wp.kristdemokraterna.se\/vg\/files\/2021\/06\/stefan-3.jpg","width":477,"height":299},{"@type":"BreadcrumbList","@id":"https:\/\/wp.kristdemokraterna.se\/vg\/vilken-manniskosyn-har-regionradet-helen-eliasson-s\/#breadcrumb","itemListElement":[{"@type":"ListItem","position":1,"name":"Hem","item":"https:\/\/wp.kristdemokraterna.se\/vg\/"},{"@type":"ListItem","position":2,"name":"Vilken m\u00e4nniskosyn har Socialdemokraterna?"}]},{"@type":"WebSite","@id":"https:\/\/wp.kristdemokraterna.se\/vg\/#website","url":"https:\/\/wp.kristdemokraterna.se\/vg\/","name":"V\u00e4stra G\u00f6talandsregionen","description":"","inLanguage":"sv-SE"},{"@type":"Person","@id":"https:\/\/wp.kristdemokraterna.se\/vg\/#\/schema\/person\/485c1ff01f1324aafbb92705c598210f","name":"vg","image":{"@type":"ImageObject","inLanguage":"sv-SE","@id":"https:\/\/secure.gravatar.com\/avatar\/387c874425c7747be372c14ca2d69e1689502257d65ec3b403b441b6435e48d8?s=96&d=mm&r=g","url":"https:\/\/secure.gravatar.com\/avatar\/387c874425c7747be372c14ca2d69e1689502257d65ec3b403b441b6435e48d8?s=96&d=mm&r=g","contentUrl":"https:\/\/secure.gravatar.com\/avatar\/387c874425c7747be372c14ca2d69e1689502257d65ec3b403b441b6435e48d8?s=96&d=mm&r=g","caption":"vg"},"url":"https:\/\/wp.kristdemokraterna.se\/vg\/author\/vg\/"}]}},"_links":{"self":[{"href":"https:\/\/wp.kristdemokraterna.se\/vg\/wp-json\/wp\/v2\/posts\/992","targetHints":{"allow":["GET"]}}],"collection":[{"href":"https:\/\/wp.kristdemokraterna.se\/vg\/wp-json\/wp\/v2\/posts"}],"about":[{"href":"https:\/\/wp.kristdemokraterna.se\/vg\/wp-json\/wp\/v2\/types\/post"}],"author":[{"embeddable":true,"href":"https:\/\/wp.kristdemokraterna.se\/vg\/wp-json\/wp\/v2\/users\/726"}],"replies":[{"embeddable":true,"href":"https:\/\/wp.kristdemokraterna.se\/vg\/wp-json\/wp\/v2\/comments?post=992"}],"version-history":[{"count":2,"href":"https:\/\/wp.kristdemokraterna.se\/vg\/wp-json\/wp\/v2\/posts\/992\/revisions"}],"predecessor-version":[{"id":995,"href":"https:\/\/wp.kristdemokraterna.se\/vg\/wp-json\/wp\/v2\/posts\/992\/revisions\/995"}],"wp:featuredmedia":[{"embeddable":true,"href":"https:\/\/wp.kristdemokraterna.se\/vg\/wp-json\/wp\/v2\/media\/993"}],"wp:attachment":[{"href":"https:\/\/wp.kristdemokraterna.se\/vg\/wp-json\/wp\/v2\/media?parent=992"}],"wp:term":[{"taxonomy":"category","embeddable":true,"href":"https:\/\/wp.kristdemokraterna.se\/vg\/wp-json\/wp\/v2\/categories?post=992"},{"taxonomy":"post_tag","embeddable":true,"href":"https:\/\/wp.kristdemokraterna.se\/vg\/wp-json\/wp\/v2\/tags?post=992"}],"curies":[{"name":"wp","href":"https:\/\/api.w.org\/{rel}","templated":true}]}}