{"id":997,"date":"2021-06-23T15:47:56","date_gmt":"2021-06-23T13:47:56","guid":{"rendered":"https:\/\/wp.kristdemokraterna.se\/vg\/?p=997"},"modified":"2021-06-25T16:00:50","modified_gmt":"2021-06-25T14:00:50","slug":"iva-satsning-foreslas-bli-tidigarelagd","status":"publish","type":"post","link":"https:\/\/wp.kristdemokraterna.se\/vg\/iva-satsning-foreslas-bli-tidigarelagd\/","title":{"rendered":"IVA-satsning f\u00f6resl\u00e5s bli tidigarelagd"},"content":{"rendered":"<p>Maria Nilsson, ledamot i personalutskottet: Nyligen antog V\u00e4stra G\u00f6talandsregionen det Gr\u00f6nBl\u00e5 budgetf\u00f6rslaget f\u00f6r 2022. Den inneh\u00e5ller en satsning, \u00f6ver tre \u00e5r, om 130 miljoner kronor f\u00f6r att f\u00f6rst\u00e4rka IVA-v\u00e5rden vid extraordin\u00e4ra situationer. Men i dag beslutade personalutskottet att f\u00f6resl\u00e5 att IVA-satsningen ska p\u00e5b\u00f6rjas redan h\u00f6sten 2021.<\/p>\n<p>Satsningen handlar om att ge erfarna sjuksk\u00f6terskor och undersk\u00f6terskor fr\u00e5n andra verksamheter m\u00f6jlighet till att f\u00e5 en s\u00e4rskild utbildning i IVA-v\u00e5rd f\u00f6r att vid behov kunna komplettera och f\u00f6rst\u00e4rka den ordinarie IVA-verksamheten.<\/p>\n","protected":false},"excerpt":{"rendered":"<p>Maria Nilsson, ledamot i personalutskottet: Nyligen antog V\u00e4stra G\u00f6talandsregionen det Gr\u00f6nBl\u00e5 budgetf\u00f6rslaget f\u00f6r 2022. Den inneh\u00e5ller en satsning, \u00f6ver tre \u00e5r, om 130 miljoner kronor f\u00f6r att f\u00f6rst\u00e4rka IVA-v\u00e5rden vid extraordin\u00e4ra situationer. Men i dag beslutade personalutskottet att f\u00f6resl\u00e5 att IVA-satsningen ska p\u00e5b\u00f6rjas redan h\u00f6sten 2021. Satsningen handlar om att ge erfarna sjuksk\u00f6terskor och undersk\u00f6terskor <a class=\"read-more-link\" href=\"https:\/\/wp.kristdemokraterna.se\/vg\/iva-satsning-foreslas-bli-tidigarelagd\/\">Read More<\/a><\/p>\n","protected":false},"author":726,"featured_media":998,"comment_status":"closed","ping_status":"closed","sticky":false,"template":"","format":"standard","meta":{"_acf_changed":false,"footnotes":""},"categories":[9],"tags":[140,133,84,13,21],"class_list":["post-997","post","type-post","status-publish","format-standard","has-post-thumbnail","hentry","category-halso-och-sjukvard","tag-cykel","tag-folkhalsa","tag-maria-nilsson","tag-miljo","tag-personal"],"acf":[],"yoast_head":"<!-- This site is optimized with the Yoast SEO plugin v27.4 - https:\/\/yoast.com\/product\/yoast-seo-wordpress\/ -->\n<title>IVA-satsning f\u00f6resl\u00e5s bli tidigarelagd - V\u00e4stra G\u00f6talandsregionen<\/title>\n<meta name=\"robots\" content=\"index, follow, max-snippet:-1, max-image-preview:large, max-video-preview:-1\" \/>\n<link rel=\"canonical\" href=\"https:\/\/wp.kristdemokraterna.se\/vg\/iva-satsning-foreslas-bli-tidigarelagd\/\" \/>\n<meta property=\"og:locale\" content=\"sv_SE\" \/>\n<meta property=\"og:type\" content=\"article\" \/>\n<meta property=\"og:title\" content=\"IVA-satsning f\u00f6resl\u00e5s bli tidigarelagd - V\u00e4stra G\u00f6talandsregionen\" \/>\n<meta property=\"og:description\" content=\"Maria Nilsson, ledamot i personalutskottet: Nyligen antog V\u00e4stra G\u00f6talandsregionen det Gr\u00f6nBl\u00e5 budgetf\u00f6rslaget f\u00f6r 2022. Den inneh\u00e5ller en satsning, \u00f6ver tre \u00e5r, om 130 miljoner kronor f\u00f6r att f\u00f6rst\u00e4rka IVA-v\u00e5rden vid extraordin\u00e4ra situationer. Men i dag beslutade personalutskottet att f\u00f6resl\u00e5 att IVA-satsningen ska p\u00e5b\u00f6rjas redan h\u00f6sten 2021. Satsningen handlar om att ge erfarna sjuksk\u00f6terskor och undersk\u00f6terskor Read More\" \/>\n<meta property=\"og:url\" content=\"https:\/\/wp.kristdemokraterna.se\/vg\/iva-satsning-foreslas-bli-tidigarelagd\/\" \/>\n<meta property=\"og:site_name\" content=\"V\u00e4stra G\u00f6talandsregionen\" \/>\n<meta property=\"article:published_time\" content=\"2021-06-23T13:47:56+00:00\" \/>\n<meta property=\"article:modified_time\" content=\"2021-06-25T14:00:50+00:00\" \/>\n<meta property=\"og:image\" content=\"https:\/\/wp.kristdemokraterna.se\/vg\/files\/2021\/06\/maria-hemsida.jpg\" \/>\n\t<meta property=\"og:image:width\" content=\"470\" \/>\n\t<meta property=\"og:image:height\" content=\"261\" \/>\n\t<meta property=\"og:image:type\" content=\"image\/jpeg\" \/>\n<meta name=\"author\" content=\"vg\" \/>\n<meta name=\"twitter:card\" content=\"summary_large_image\" \/>\n<meta name=\"twitter:creator\" content=\"@KD_VGR\" \/>\n<meta name=\"twitter:site\" content=\"@KD_VGR\" \/>\n<meta name=\"twitter:label1\" content=\"Skriven av\" \/>\n\t<meta name=\"twitter:data1\" content=\"vg\" \/>\n\t<meta name=\"twitter:label2\" content=\"Ber\u00e4knad l\u00e4stid\" \/>\n\t<meta name=\"twitter:data2\" content=\"1 minut\" \/>\n<script type=\"application\/ld+json\" class=\"yoast-schema-graph\">{\"@context\":\"https:\\\/\\\/schema.org\",\"@graph\":[{\"@type\":\"Article\",\"@id\":\"https:\\\/\\\/wp.kristdemokraterna.se\\\/vg\\\/iva-satsning-foreslas-bli-tidigarelagd\\\/#article\",\"isPartOf\":{\"@id\":\"https:\\\/\\\/wp.kristdemokraterna.se\\\/vg\\\/iva-satsning-foreslas-bli-tidigarelagd\\\/\"},\"author\":{\"name\":\"vg\",\"@id\":\"https:\\\/\\\/wp.kristdemokraterna.se\\\/vg\\\/#\\\/schema\\\/person\\\/485c1ff01f1324aafbb92705c598210f\"},\"headline\":\"IVA-satsning f\u00f6resl\u00e5s bli tidigarelagd\",\"datePublished\":\"2021-06-23T13:47:56+00:00\",\"dateModified\":\"2021-06-25T14:00:50+00:00\",\"mainEntityOfPage\":{\"@id\":\"https:\\\/\\\/wp.kristdemokraterna.se\\\/vg\\\/iva-satsning-foreslas-bli-tidigarelagd\\\/\"},\"wordCount\":105,\"image\":{\"@id\":\"https:\\\/\\\/wp.kristdemokraterna.se\\\/vg\\\/iva-satsning-foreslas-bli-tidigarelagd\\\/#primaryimage\"},\"thumbnailUrl\":\"https:\\\/\\\/wp.kristdemokraterna.se\\\/vg\\\/files\\\/2021\\\/06\\\/maria-hemsida.jpg\",\"keywords\":[\"cykel\",\"folkh\u00e4lsa\",\"Maria Nilsson\",\"Milj\u00f6\",\"Personal\"],\"articleSection\":[\"H\u00e4lso- och sjukv\u00e5rd\"],\"inLanguage\":\"sv-SE\"},{\"@type\":\"WebPage\",\"@id\":\"https:\\\/\\\/wp.kristdemokraterna.se\\\/vg\\\/iva-satsning-foreslas-bli-tidigarelagd\\\/\",\"url\":\"https:\\\/\\\/wp.kristdemokraterna.se\\\/vg\\\/iva-satsning-foreslas-bli-tidigarelagd\\\/\",\"name\":\"IVA-satsning f\u00f6resl\u00e5s bli tidigarelagd - V\u00e4stra G\u00f6talandsregionen\",\"isPartOf\":{\"@id\":\"https:\\\/\\\/wp.kristdemokraterna.se\\\/vg\\\/#website\"},\"primaryImageOfPage\":{\"@id\":\"https:\\\/\\\/wp.kristdemokraterna.se\\\/vg\\\/iva-satsning-foreslas-bli-tidigarelagd\\\/#primaryimage\"},\"image\":{\"@id\":\"https:\\\/\\\/wp.kristdemokraterna.se\\\/vg\\\/iva-satsning-foreslas-bli-tidigarelagd\\\/#primaryimage\"},\"thumbnailUrl\":\"https:\\\/\\\/wp.kristdemokraterna.se\\\/vg\\\/files\\\/2021\\\/06\\\/maria-hemsida.jpg\",\"datePublished\":\"2021-06-23T13:47:56+00:00\",\"dateModified\":\"2021-06-25T14:00:50+00:00\",\"author\":{\"@id\":\"https:\\\/\\\/wp.kristdemokraterna.se\\\/vg\\\/#\\\/schema\\\/person\\\/485c1ff01f1324aafbb92705c598210f\"},\"breadcrumb\":{\"@id\":\"https:\\\/\\\/wp.kristdemokraterna.se\\\/vg\\\/iva-satsning-foreslas-bli-tidigarelagd\\\/#breadcrumb\"},\"inLanguage\":\"sv-SE\",\"potentialAction\":[{\"@type\":\"ReadAction\",\"target\":[\"https:\\\/\\\/wp.kristdemokraterna.se\\\/vg\\\/iva-satsning-foreslas-bli-tidigarelagd\\\/\"]}]},{\"@type\":\"ImageObject\",\"inLanguage\":\"sv-SE\",\"@id\":\"https:\\\/\\\/wp.kristdemokraterna.se\\\/vg\\\/iva-satsning-foreslas-bli-tidigarelagd\\\/#primaryimage\",\"url\":\"https:\\\/\\\/wp.kristdemokraterna.se\\\/vg\\\/files\\\/2021\\\/06\\\/maria-hemsida.jpg\",\"contentUrl\":\"https:\\\/\\\/wp.kristdemokraterna.se\\\/vg\\\/files\\\/2021\\\/06\\\/maria-hemsida.jpg\",\"width\":470,\"height\":261},{\"@type\":\"BreadcrumbList\",\"@id\":\"https:\\\/\\\/wp.kristdemokraterna.se\\\/vg\\\/iva-satsning-foreslas-bli-tidigarelagd\\\/#breadcrumb\",\"itemListElement\":[{\"@type\":\"ListItem\",\"position\":1,\"name\":\"Hem\",\"item\":\"https:\\\/\\\/wp.kristdemokraterna.se\\\/vg\\\/\"},{\"@type\":\"ListItem\",\"position\":2,\"name\":\"IVA-satsning f\u00f6resl\u00e5s bli tidigarelagd\"}]},{\"@type\":\"WebSite\",\"@id\":\"https:\\\/\\\/wp.kristdemokraterna.se\\\/vg\\\/#website\",\"url\":\"https:\\\/\\\/wp.kristdemokraterna.se\\\/vg\\\/\",\"name\":\"V\u00e4stra G\u00f6talandsregionen\",\"description\":\"\",\"inLanguage\":\"sv-SE\"},{\"@type\":\"Person\",\"@id\":\"https:\\\/\\\/wp.kristdemokraterna.se\\\/vg\\\/#\\\/schema\\\/person\\\/485c1ff01f1324aafbb92705c598210f\",\"name\":\"vg\",\"image\":{\"@type\":\"ImageObject\",\"inLanguage\":\"sv-SE\",\"@id\":\"https:\\\/\\\/secure.gravatar.com\\\/avatar\\\/387c874425c7747be372c14ca2d69e1689502257d65ec3b403b441b6435e48d8?s=96&d=mm&r=g\",\"url\":\"https:\\\/\\\/secure.gravatar.com\\\/avatar\\\/387c874425c7747be372c14ca2d69e1689502257d65ec3b403b441b6435e48d8?s=96&d=mm&r=g\",\"contentUrl\":\"https:\\\/\\\/secure.gravatar.com\\\/avatar\\\/387c874425c7747be372c14ca2d69e1689502257d65ec3b403b441b6435e48d8?s=96&d=mm&r=g\",\"caption\":\"vg\"},\"url\":\"https:\\\/\\\/wp.kristdemokraterna.se\\\/vg\\\/author\\\/vg\\\/\"}]}<\/script>\n<!-- \/ Yoast SEO plugin. -->","yoast_head_json":{"title":"IVA-satsning f\u00f6resl\u00e5s bli tidigarelagd - V\u00e4stra G\u00f6talandsregionen","robots":{"index":"index","follow":"follow","max-snippet":"max-snippet:-1","max-image-preview":"max-image-preview:large","max-video-preview":"max-video-preview:-1"},"canonical":"https:\/\/wp.kristdemokraterna.se\/vg\/iva-satsning-foreslas-bli-tidigarelagd\/","og_locale":"sv_SE","og_type":"article","og_title":"IVA-satsning f\u00f6resl\u00e5s bli tidigarelagd - V\u00e4stra G\u00f6talandsregionen","og_description":"Maria Nilsson, ledamot i personalutskottet: Nyligen antog V\u00e4stra G\u00f6talandsregionen det Gr\u00f6nBl\u00e5 budgetf\u00f6rslaget f\u00f6r 2022. Den inneh\u00e5ller en satsning, \u00f6ver tre \u00e5r, om 130 miljoner kronor f\u00f6r att f\u00f6rst\u00e4rka IVA-v\u00e5rden vid extraordin\u00e4ra situationer. Men i dag beslutade personalutskottet att f\u00f6resl\u00e5 att IVA-satsningen ska p\u00e5b\u00f6rjas redan h\u00f6sten 2021. Satsningen handlar om att ge erfarna sjuksk\u00f6terskor och undersk\u00f6terskor Read More","og_url":"https:\/\/wp.kristdemokraterna.se\/vg\/iva-satsning-foreslas-bli-tidigarelagd\/","og_site_name":"V\u00e4stra G\u00f6talandsregionen","article_published_time":"2021-06-23T13:47:56+00:00","article_modified_time":"2021-06-25T14:00:50+00:00","og_image":[{"width":470,"height":261,"url":"https:\/\/wp.kristdemokraterna.se\/vg\/files\/2021\/06\/maria-hemsida.jpg","type":"image\/jpeg"}],"author":"vg","twitter_card":"summary_large_image","twitter_creator":"@KD_VGR","twitter_site":"@KD_VGR","twitter_misc":{"Skriven av":"vg","Ber\u00e4knad l\u00e4stid":"1 minut"},"schema":{"@context":"https:\/\/schema.org","@graph":[{"@type":"Article","@id":"https:\/\/wp.kristdemokraterna.se\/vg\/iva-satsning-foreslas-bli-tidigarelagd\/#article","isPartOf":{"@id":"https:\/\/wp.kristdemokraterna.se\/vg\/iva-satsning-foreslas-bli-tidigarelagd\/"},"author":{"name":"vg","@id":"https:\/\/wp.kristdemokraterna.se\/vg\/#\/schema\/person\/485c1ff01f1324aafbb92705c598210f"},"headline":"IVA-satsning f\u00f6resl\u00e5s bli tidigarelagd","datePublished":"2021-06-23T13:47:56+00:00","dateModified":"2021-06-25T14:00:50+00:00","mainEntityOfPage":{"@id":"https:\/\/wp.kristdemokraterna.se\/vg\/iva-satsning-foreslas-bli-tidigarelagd\/"},"wordCount":105,"image":{"@id":"https:\/\/wp.kristdemokraterna.se\/vg\/iva-satsning-foreslas-bli-tidigarelagd\/#primaryimage"},"thumbnailUrl":"https:\/\/wp.kristdemokraterna.se\/vg\/files\/2021\/06\/maria-hemsida.jpg","keywords":["cykel","folkh\u00e4lsa","Maria Nilsson","Milj\u00f6","Personal"],"articleSection":["H\u00e4lso- och sjukv\u00e5rd"],"inLanguage":"sv-SE"},{"@type":"WebPage","@id":"https:\/\/wp.kristdemokraterna.se\/vg\/iva-satsning-foreslas-bli-tidigarelagd\/","url":"https:\/\/wp.kristdemokraterna.se\/vg\/iva-satsning-foreslas-bli-tidigarelagd\/","name":"IVA-satsning f\u00f6resl\u00e5s bli tidigarelagd - V\u00e4stra G\u00f6talandsregionen","isPartOf":{"@id":"https:\/\/wp.kristdemokraterna.se\/vg\/#website"},"primaryImageOfPage":{"@id":"https:\/\/wp.kristdemokraterna.se\/vg\/iva-satsning-foreslas-bli-tidigarelagd\/#primaryimage"},"image":{"@id":"https:\/\/wp.kristdemokraterna.se\/vg\/iva-satsning-foreslas-bli-tidigarelagd\/#primaryimage"},"thumbnailUrl":"https:\/\/wp.kristdemokraterna.se\/vg\/files\/2021\/06\/maria-hemsida.jpg","datePublished":"2021-06-23T13:47:56+00:00","dateModified":"2021-06-25T14:00:50+00:00","author":{"@id":"https:\/\/wp.kristdemokraterna.se\/vg\/#\/schema\/person\/485c1ff01f1324aafbb92705c598210f"},"breadcrumb":{"@id":"https:\/\/wp.kristdemokraterna.se\/vg\/iva-satsning-foreslas-bli-tidigarelagd\/#breadcrumb"},"inLanguage":"sv-SE","potentialAction":[{"@type":"ReadAction","target":["https:\/\/wp.kristdemokraterna.se\/vg\/iva-satsning-foreslas-bli-tidigarelagd\/"]}]},{"@type":"ImageObject","inLanguage":"sv-SE","@id":"https:\/\/wp.kristdemokraterna.se\/vg\/iva-satsning-foreslas-bli-tidigarelagd\/#primaryimage","url":"https:\/\/wp.kristdemokraterna.se\/vg\/files\/2021\/06\/maria-hemsida.jpg","contentUrl":"https:\/\/wp.kristdemokraterna.se\/vg\/files\/2021\/06\/maria-hemsida.jpg","width":470,"height":261},{"@type":"BreadcrumbList","@id":"https:\/\/wp.kristdemokraterna.se\/vg\/iva-satsning-foreslas-bli-tidigarelagd\/#breadcrumb","itemListElement":[{"@type":"ListItem","position":1,"name":"Hem","item":"https:\/\/wp.kristdemokraterna.se\/vg\/"},{"@type":"ListItem","position":2,"name":"IVA-satsning f\u00f6resl\u00e5s bli tidigarelagd"}]},{"@type":"WebSite","@id":"https:\/\/wp.kristdemokraterna.se\/vg\/#website","url":"https:\/\/wp.kristdemokraterna.se\/vg\/","name":"V\u00e4stra G\u00f6talandsregionen","description":"","inLanguage":"sv-SE"},{"@type":"Person","@id":"https:\/\/wp.kristdemokraterna.se\/vg\/#\/schema\/person\/485c1ff01f1324aafbb92705c598210f","name":"vg","image":{"@type":"ImageObject","inLanguage":"sv-SE","@id":"https:\/\/secure.gravatar.com\/avatar\/387c874425c7747be372c14ca2d69e1689502257d65ec3b403b441b6435e48d8?s=96&d=mm&r=g","url":"https:\/\/secure.gravatar.com\/avatar\/387c874425c7747be372c14ca2d69e1689502257d65ec3b403b441b6435e48d8?s=96&d=mm&r=g","contentUrl":"https:\/\/secure.gravatar.com\/avatar\/387c874425c7747be372c14ca2d69e1689502257d65ec3b403b441b6435e48d8?s=96&d=mm&r=g","caption":"vg"},"url":"https:\/\/wp.kristdemokraterna.se\/vg\/author\/vg\/"}]}},"_links":{"self":[{"href":"https:\/\/wp.kristdemokraterna.se\/vg\/wp-json\/wp\/v2\/posts\/997","targetHints":{"allow":["GET"]}}],"collection":[{"href":"https:\/\/wp.kristdemokraterna.se\/vg\/wp-json\/wp\/v2\/posts"}],"about":[{"href":"https:\/\/wp.kristdemokraterna.se\/vg\/wp-json\/wp\/v2\/types\/post"}],"author":[{"embeddable":true,"href":"https:\/\/wp.kristdemokraterna.se\/vg\/wp-json\/wp\/v2\/users\/726"}],"replies":[{"embeddable":true,"href":"https:\/\/wp.kristdemokraterna.se\/vg\/wp-json\/wp\/v2\/comments?post=997"}],"version-history":[{"count":4,"href":"https:\/\/wp.kristdemokraterna.se\/vg\/wp-json\/wp\/v2\/posts\/997\/revisions"}],"predecessor-version":[{"id":1005,"href":"https:\/\/wp.kristdemokraterna.se\/vg\/wp-json\/wp\/v2\/posts\/997\/revisions\/1005"}],"wp:featuredmedia":[{"embeddable":true,"href":"https:\/\/wp.kristdemokraterna.se\/vg\/wp-json\/wp\/v2\/media\/998"}],"wp:attachment":[{"href":"https:\/\/wp.kristdemokraterna.se\/vg\/wp-json\/wp\/v2\/media?parent=997"}],"wp:term":[{"taxonomy":"category","embeddable":true,"href":"https:\/\/wp.kristdemokraterna.se\/vg\/wp-json\/wp\/v2\/categories?post=997"},{"taxonomy":"post_tag","embeddable":true,"href":"https:\/\/wp.kristdemokraterna.se\/vg\/wp-json\/wp\/v2\/tags?post=997"}],"curies":[{"name":"wp","href":"https:\/\/api.w.org\/{rel}","templated":true}]}}