{"id":382,"date":"2016-10-04T13:31:32","date_gmt":"2016-10-04T11:31:32","guid":{"rendered":"http:\/\/wp.kristdemokraterna.se\/vg2\/?p=382"},"modified":"2016-10-04T13:51:00","modified_gmt":"2016-10-04T11:51:00","slug":"kultursamverkansmodellen-haller-pa-att-skjutas-i-sank","status":"publish","type":"post","link":"https:\/\/wp.kristdemokraterna.se\/vg2\/kultursamverkansmodellen-haller-pa-att-skjutas-i-sank\/","title":{"rendered":"Kultursamverkansmodellen h\u00e5ller p\u00e5 att skjutas i sank"},"content":{"rendered":"<p><strong>Debattartikel Dagens samh\u00e4lle &#8211; Conny Br\u00e4nnberg<\/strong><br \/>\nF\u00f6rtroendet f\u00f6r kultursamverkansmodellen \u00e4r i fara. Statens uppr\u00e4kning motsvarar vare sig behoven eller kostnads\u00f6kningarna \u2013 med resultatet att regionerna m\u00e5ste tillf\u00f6ra pengar f\u00f6r att h\u00e5lla institutionerna flytande. Ovanp\u00e5 detta ber\u00f6vas kulturverksamma ett schablonavdrag, vilket ytterligare vattnar ur kulturlivets resurser.<br \/>\n<!--more--><\/p>\n<p>Regeringen satsar stora medel p\u00e5 regional kultur. Den bilden f\u00f6rmedlades vid regeringens presentation av budgeten 2017 h\u00e4romveckan. Det handlar om m\u00e5nga miljoner, men den v\u00e4sentliga fr\u00e5gan \u00e4r om det \u00e4r en satsning eller inte. Inneb\u00e4r verkligen 30 miljoner kronor till kultursamverkansmodellen att det blir h\u00f6jda anslag till regioner och landsting?<\/p>\n<p>Det finns flera sk\u00e4l att st\u00e4lla fr\u00e5gan. De flesta regioner\/landsting arbetar nu med budget 2017 och besked fr\u00e5n staten \u00e4r d\u00e4rf\u00f6r angel\u00e4gna.<\/p>\n<p>Regeringen aviserar en h\u00f6jning av anslagen till kultursamverkansmodellen med 30 miljoner kronor per \u00e5r och att det ska g\u00e4lla under de kommande fyra \u00e5ren. Det inneb\u00e4r allts\u00e5 120 miljoner kronor totalt.<\/p>\n<p>Rent tekniskt sk\u00f6ter Kulturr\u00e5det f\u00f6rdelningen av medlen. I somras medverkade Kulturr\u00e5dets ordf\u00f6rande i Almedalen i ett seminarium om \u201dkulturklyftor\u201d. D\u00e5 framf\u00f6rdes att styrelsen planerar att h\u00e5lla inne ett antal procent av de kommande medlen. Dessa kommer beh\u00e5llas f\u00f6r s\u00e4rskilda utvecklingsprojekt i st\u00e4llet f\u00f6r att f\u00f6rdelas till regioner och landsting. Om anslaget h\u00f6js med 30 miljoner samtidigt som Kulturr\u00e5det h\u00e5ller inne motsvarande summa sker ju ingen h\u00f6jning som landsting\/regioner s\u00e5 v\u00e4l beh\u00f6ver.<\/p>\n<p>Vid flera tillf\u00e4llen har kulturministern bjudit in till samtal om kultursamverkansmodellen. Det \u00e4r tydligt att s\u00e5v\u00e4l ministern som tj\u00e4nstepersoner vid kulturdepartementet v\u00e4l f\u00f6rst\u00e5r den situation som vi befinner oss i. Statens uppr\u00e4kning har varit marginell. Pris- och kostnadsutvecklingen har \u00f6kat rej\u00e4lt och d\u00e4rmed har de regionala huvudm\u00e4nnen tvingats att kompensera f\u00f6r statens uteblivna \u00f6kningar.<\/p>\n<p>I klartext inneb\u00e4r detta att regionerna f\u00e5tt skjuta till betydligt mer pengar f\u00f6r att institutionerna \u00e5tminstone ska kunna verka p\u00e5 samma niv\u00e5 som f\u00f6reg\u00e5ende \u00e5r.<\/p>\n<p>Denna situation har fortl\u00f6pt under ett antal \u00e5r. I praktiken inneb\u00e4r detta att f\u00f6rtroendet f\u00f6r kultursamverkansmodellen h\u00e5ller p\u00e5 att skjutas i sank. Om dessutom Kulturr\u00e5det kommer att beh\u00e5lla medel s\u00e5 underl\u00e4ttas knappast budgetarbetet 2017 i regionerna.<\/p>\n<p>Ut\u00f6ver detta har Skatteverket beslutat att ett schablonavdrag f\u00f6r musiker och s\u00e5ngare som funnits under m\u00e5nga \u00e5r inte l\u00e4ngre ska beviljas. Runt om i landet har det funnits f\u00f6rv\u00e4ntningar p\u00e5 att regeringens budget skulle inneh\u00e5lla kompensation f\u00f6r dessa \u00f6kade kostnader f\u00f6r huvudm\u00e4nnen. Beloppen h\u00e4r \u00e4r stora och Svensk Scenkonst har aktivt arbetat med denna fr\u00e5ga.<\/p>\n<p>Nu finns det i budgeten aviserade medel f\u00f6r scenkonst, men det g\u00e5r inte att utl\u00e4sa om det \u00e4r till vissa institutioner eller kommer alla till del. Klarhet i denna fr\u00e5ga efterfr\u00e5gas.<\/p>\n<p>Om Kulturr\u00e5det beh\u00e5ller n\u00e5gra procent av det totala anslaget och huvudm\u00e4nnen inte kompenseras f\u00f6r \u00f6kade kostnader inneb\u00e4r 2017 \u00e5rs budget att det saknas m\u00e5nga miljoner. Regeringens besked \u00e4r att anslagen \u00f6kar, men fr\u00e5gan \u00e4r om de statliga medlen i sj\u00e4lva verket minskar och om detta i sin tur inneb\u00e4r att vi som regionala huvudm\u00e4n m\u00e5ste ta ett \u00e4nnu \u00f6kat ansvar. Klarhet i fr\u00e5gan \u00e4r angel\u00e4get och svaret br\u00e5dskar.<\/p>\n<p><strong>Conny Br\u00e4nnberg , (KD)<\/strong> ordf\u00f6rande kulturn\u00e4mnden V\u00e4stra G\u00f6talandsregionen<\/p>\n","protected":false},"excerpt":{"rendered":"<p>Debattartikel Dagens samh\u00e4lle &#8211; Conny Br\u00e4nnberg F\u00f6rtroendet f\u00f6r kultursamverkansmodellen \u00e4r i fara. Statens uppr\u00e4kning motsvarar vare sig behoven eller kostnads\u00f6kningarna \u2013 med resultatet att regionerna m\u00e5ste tillf\u00f6ra pengar f\u00f6r att h\u00e5lla institutionerna flytande. Ovanp\u00e5 detta ber\u00f6vas kulturverksamma ett schablonavdrag, vilket ytterligare vattnar ur kulturlivets resurser.<\/p>\n","protected":false},"author":963,"featured_media":385,"comment_status":"closed","ping_status":"closed","sticky":false,"template":"","format":"standard","meta":{"_acf_changed":false,"footnotes":""},"categories":[7,10],"tags":[14,58],"class_list":["post-382","post","type-post","status-publish","format-standard","hentry","category-debattartiklar","category-kultur","tag-kultur","tag-kultursamverkansmodellen"],"acf":[],"yoast_head":"<!-- This site is optimized with the Yoast SEO plugin v27.4 - https:\/\/yoast.com\/product\/yoast-seo-wordpress\/ -->\n<title>Kultursamverkansmodellen h\u00e5ller p\u00e5 att skjutas i sank - Kristdemokraterna | V\u00e4stra G\u00f6taland<\/title>\n<meta name=\"robots\" content=\"index, follow, max-snippet:-1, max-image-preview:large, max-video-preview:-1\" \/>\n<link rel=\"canonical\" href=\"https:\/\/wp.kristdemokraterna.se\/vg2\/kultursamverkansmodellen-haller-pa-att-skjutas-i-sank\/\" \/>\n<meta property=\"og:locale\" content=\"sv_SE\" \/>\n<meta property=\"og:type\" content=\"article\" \/>\n<meta property=\"og:title\" content=\"Kultursamverkansmodellen h\u00e5ller p\u00e5 att skjutas i sank - Kristdemokraterna | V\u00e4stra G\u00f6taland\" \/>\n<meta property=\"og:description\" content=\"Debattartikel Dagens samh\u00e4lle &#8211; Conny Br\u00e4nnberg F\u00f6rtroendet f\u00f6r kultursamverkansmodellen \u00e4r i fara. Statens uppr\u00e4kning motsvarar vare sig behoven eller kostnads\u00f6kningarna \u2013 med resultatet att regionerna m\u00e5ste tillf\u00f6ra pengar f\u00f6r att h\u00e5lla institutionerna flytande. Ovanp\u00e5 detta ber\u00f6vas kulturverksamma ett schablonavdrag, vilket ytterligare vattnar ur kulturlivets resurser.\" \/>\n<meta property=\"og:url\" content=\"https:\/\/wp.kristdemokraterna.se\/vg2\/kultursamverkansmodellen-haller-pa-att-skjutas-i-sank\/\" \/>\n<meta property=\"og:site_name\" content=\"Kristdemokraterna | V\u00e4stra G\u00f6taland\" \/>\n<meta property=\"article:published_time\" content=\"2016-10-04T11:31:32+00:00\" \/>\n<meta property=\"article:modified_time\" content=\"2016-10-04T11:51:00+00:00\" \/>\n<meta property=\"og:image\" content=\"https:\/\/wp.kristdemokraterna.se\/vg2\/files\/2016\/10\/conny-bild-640-1.jpg\" \/>\n\t<meta property=\"og:image:width\" content=\"640\" \/>\n\t<meta property=\"og:image:height\" content=\"525\" \/>\n\t<meta property=\"og:image:type\" content=\"image\/jpeg\" \/>\n<meta name=\"author\" content=\"vg2\" \/>\n<meta name=\"twitter:card\" content=\"summary_large_image\" \/>\n<meta name=\"twitter:label1\" content=\"Skriven av\" \/>\n\t<meta name=\"twitter:data1\" content=\"vg2\" \/>\n\t<meta name=\"twitter:label2\" content=\"Ber\u00e4knad l\u00e4stid\" \/>\n\t<meta name=\"twitter:data2\" content=\"3 minuter\" \/>\n<script type=\"application\/ld+json\" class=\"yoast-schema-graph\">{\"@context\":\"https:\\\/\\\/schema.org\",\"@graph\":[{\"@type\":\"Article\",\"@id\":\"https:\\\/\\\/wp.kristdemokraterna.se\\\/vg2\\\/kultursamverkansmodellen-haller-pa-att-skjutas-i-sank\\\/#article\",\"isPartOf\":{\"@id\":\"https:\\\/\\\/wp.kristdemokraterna.se\\\/vg2\\\/kultursamverkansmodellen-haller-pa-att-skjutas-i-sank\\\/\"},\"author\":{\"name\":\"vg2\",\"@id\":\"https:\\\/\\\/wp.kristdemokraterna.se\\\/vg2\\\/#\\\/schema\\\/person\\\/0f6c60ed4a56428733155da1d4f48e25\"},\"headline\":\"Kultursamverkansmodellen h\u00e5ller p\u00e5 att skjutas i sank\",\"datePublished\":\"2016-10-04T11:31:32+00:00\",\"dateModified\":\"2016-10-04T11:51:00+00:00\",\"mainEntityOfPage\":{\"@id\":\"https:\\\/\\\/wp.kristdemokraterna.se\\\/vg2\\\/kultursamverkansmodellen-haller-pa-att-skjutas-i-sank\\\/\"},\"wordCount\":606,\"image\":{\"@id\":\"https:\\\/\\\/wp.kristdemokraterna.se\\\/vg2\\\/kultursamverkansmodellen-haller-pa-att-skjutas-i-sank\\\/#primaryimage\"},\"thumbnailUrl\":\"https:\\\/\\\/wp.kristdemokraterna.se\\\/vg2\\\/files\\\/2016\\\/10\\\/conny-bild-640-1.jpg\",\"keywords\":[\"Kultur\",\"kultursamverkansmodellen\"],\"articleSection\":[\"Debattartiklar\",\"Kultur\"],\"inLanguage\":\"sv-SE\"},{\"@type\":\"WebPage\",\"@id\":\"https:\\\/\\\/wp.kristdemokraterna.se\\\/vg2\\\/kultursamverkansmodellen-haller-pa-att-skjutas-i-sank\\\/\",\"url\":\"https:\\\/\\\/wp.kristdemokraterna.se\\\/vg2\\\/kultursamverkansmodellen-haller-pa-att-skjutas-i-sank\\\/\",\"name\":\"Kultursamverkansmodellen h\u00e5ller p\u00e5 att skjutas i sank - Kristdemokraterna | V\u00e4stra G\u00f6taland\",\"isPartOf\":{\"@id\":\"https:\\\/\\\/wp.kristdemokraterna.se\\\/vg2\\\/#website\"},\"primaryImageOfPage\":{\"@id\":\"https:\\\/\\\/wp.kristdemokraterna.se\\\/vg2\\\/kultursamverkansmodellen-haller-pa-att-skjutas-i-sank\\\/#primaryimage\"},\"image\":{\"@id\":\"https:\\\/\\\/wp.kristdemokraterna.se\\\/vg2\\\/kultursamverkansmodellen-haller-pa-att-skjutas-i-sank\\\/#primaryimage\"},\"thumbnailUrl\":\"https:\\\/\\\/wp.kristdemokraterna.se\\\/vg2\\\/files\\\/2016\\\/10\\\/conny-bild-640-1.jpg\",\"datePublished\":\"2016-10-04T11:31:32+00:00\",\"dateModified\":\"2016-10-04T11:51:00+00:00\",\"author\":{\"@id\":\"https:\\\/\\\/wp.kristdemokraterna.se\\\/vg2\\\/#\\\/schema\\\/person\\\/0f6c60ed4a56428733155da1d4f48e25\"},\"breadcrumb\":{\"@id\":\"https:\\\/\\\/wp.kristdemokraterna.se\\\/vg2\\\/kultursamverkansmodellen-haller-pa-att-skjutas-i-sank\\\/#breadcrumb\"},\"inLanguage\":\"sv-SE\",\"potentialAction\":[{\"@type\":\"ReadAction\",\"target\":[\"https:\\\/\\\/wp.kristdemokraterna.se\\\/vg2\\\/kultursamverkansmodellen-haller-pa-att-skjutas-i-sank\\\/\"]}]},{\"@type\":\"ImageObject\",\"inLanguage\":\"sv-SE\",\"@id\":\"https:\\\/\\\/wp.kristdemokraterna.se\\\/vg2\\\/kultursamverkansmodellen-haller-pa-att-skjutas-i-sank\\\/#primaryimage\",\"url\":\"https:\\\/\\\/wp.kristdemokraterna.se\\\/vg2\\\/files\\\/2016\\\/10\\\/conny-bild-640-1.jpg\",\"contentUrl\":\"https:\\\/\\\/wp.kristdemokraterna.se\\\/vg2\\\/files\\\/2016\\\/10\\\/conny-bild-640-1.jpg\",\"width\":640,\"height\":525},{\"@type\":\"BreadcrumbList\",\"@id\":\"https:\\\/\\\/wp.kristdemokraterna.se\\\/vg2\\\/kultursamverkansmodellen-haller-pa-att-skjutas-i-sank\\\/#breadcrumb\",\"itemListElement\":[{\"@type\":\"ListItem\",\"position\":1,\"name\":\"Hem\",\"item\":\"https:\\\/\\\/wp.kristdemokraterna.se\\\/vg2\\\/\"},{\"@type\":\"ListItem\",\"position\":2,\"name\":\"Kultursamverkansmodellen h\u00e5ller p\u00e5 att skjutas i sank\"}]},{\"@type\":\"WebSite\",\"@id\":\"https:\\\/\\\/wp.kristdemokraterna.se\\\/vg2\\\/#website\",\"url\":\"https:\\\/\\\/wp.kristdemokraterna.se\\\/vg2\\\/\",\"name\":\"Kristdemokraterna | V\u00e4stra G\u00f6taland\",\"description\":\"\u00c4nnu en webbplats hos Kristdemokraterna\",\"inLanguage\":\"sv-SE\"},{\"@type\":\"Person\",\"@id\":\"https:\\\/\\\/wp.kristdemokraterna.se\\\/vg2\\\/#\\\/schema\\\/person\\\/0f6c60ed4a56428733155da1d4f48e25\",\"name\":\"vg2\",\"image\":{\"@type\":\"ImageObject\",\"inLanguage\":\"sv-SE\",\"@id\":\"https:\\\/\\\/secure.gravatar.com\\\/avatar\\\/78e997e768071bc2ed8711b6fa8797041ee2af3c6c40e45683f3ff6396d16f92?s=96&d=mm&r=g\",\"url\":\"https:\\\/\\\/secure.gravatar.com\\\/avatar\\\/78e997e768071bc2ed8711b6fa8797041ee2af3c6c40e45683f3ff6396d16f92?s=96&d=mm&r=g\",\"contentUrl\":\"https:\\\/\\\/secure.gravatar.com\\\/avatar\\\/78e997e768071bc2ed8711b6fa8797041ee2af3c6c40e45683f3ff6396d16f92?s=96&d=mm&r=g\",\"caption\":\"vg2\"},\"url\":\"https:\\\/\\\/wp.kristdemokraterna.se\\\/vg2\\\/author\\\/vg2\\\/\"}]}<\/script>\n<!-- \/ Yoast SEO plugin. -->","yoast_head_json":{"title":"Kultursamverkansmodellen h\u00e5ller p\u00e5 att skjutas i sank - Kristdemokraterna | V\u00e4stra G\u00f6taland","robots":{"index":"index","follow":"follow","max-snippet":"max-snippet:-1","max-image-preview":"max-image-preview:large","max-video-preview":"max-video-preview:-1"},"canonical":"https:\/\/wp.kristdemokraterna.se\/vg2\/kultursamverkansmodellen-haller-pa-att-skjutas-i-sank\/","og_locale":"sv_SE","og_type":"article","og_title":"Kultursamverkansmodellen h\u00e5ller p\u00e5 att skjutas i sank - Kristdemokraterna | V\u00e4stra G\u00f6taland","og_description":"Debattartikel Dagens samh\u00e4lle &#8211; Conny Br\u00e4nnberg F\u00f6rtroendet f\u00f6r kultursamverkansmodellen \u00e4r i fara. Statens uppr\u00e4kning motsvarar vare sig behoven eller kostnads\u00f6kningarna \u2013 med resultatet att regionerna m\u00e5ste tillf\u00f6ra pengar f\u00f6r att h\u00e5lla institutionerna flytande. Ovanp\u00e5 detta ber\u00f6vas kulturverksamma ett schablonavdrag, vilket ytterligare vattnar ur kulturlivets resurser.","og_url":"https:\/\/wp.kristdemokraterna.se\/vg2\/kultursamverkansmodellen-haller-pa-att-skjutas-i-sank\/","og_site_name":"Kristdemokraterna | V\u00e4stra G\u00f6taland","article_published_time":"2016-10-04T11:31:32+00:00","article_modified_time":"2016-10-04T11:51:00+00:00","og_image":[{"width":640,"height":525,"url":"https:\/\/wp.kristdemokraterna.se\/vg2\/files\/2016\/10\/conny-bild-640-1.jpg","type":"image\/jpeg"}],"author":"vg2","twitter_card":"summary_large_image","twitter_misc":{"Skriven av":"vg2","Ber\u00e4knad l\u00e4stid":"3 minuter"},"schema":{"@context":"https:\/\/schema.org","@graph":[{"@type":"Article","@id":"https:\/\/wp.kristdemokraterna.se\/vg2\/kultursamverkansmodellen-haller-pa-att-skjutas-i-sank\/#article","isPartOf":{"@id":"https:\/\/wp.kristdemokraterna.se\/vg2\/kultursamverkansmodellen-haller-pa-att-skjutas-i-sank\/"},"author":{"name":"vg2","@id":"https:\/\/wp.kristdemokraterna.se\/vg2\/#\/schema\/person\/0f6c60ed4a56428733155da1d4f48e25"},"headline":"Kultursamverkansmodellen h\u00e5ller p\u00e5 att skjutas i sank","datePublished":"2016-10-04T11:31:32+00:00","dateModified":"2016-10-04T11:51:00+00:00","mainEntityOfPage":{"@id":"https:\/\/wp.kristdemokraterna.se\/vg2\/kultursamverkansmodellen-haller-pa-att-skjutas-i-sank\/"},"wordCount":606,"image":{"@id":"https:\/\/wp.kristdemokraterna.se\/vg2\/kultursamverkansmodellen-haller-pa-att-skjutas-i-sank\/#primaryimage"},"thumbnailUrl":"https:\/\/wp.kristdemokraterna.se\/vg2\/files\/2016\/10\/conny-bild-640-1.jpg","keywords":["Kultur","kultursamverkansmodellen"],"articleSection":["Debattartiklar","Kultur"],"inLanguage":"sv-SE"},{"@type":"WebPage","@id":"https:\/\/wp.kristdemokraterna.se\/vg2\/kultursamverkansmodellen-haller-pa-att-skjutas-i-sank\/","url":"https:\/\/wp.kristdemokraterna.se\/vg2\/kultursamverkansmodellen-haller-pa-att-skjutas-i-sank\/","name":"Kultursamverkansmodellen h\u00e5ller p\u00e5 att skjutas i sank - Kristdemokraterna | V\u00e4stra G\u00f6taland","isPartOf":{"@id":"https:\/\/wp.kristdemokraterna.se\/vg2\/#website"},"primaryImageOfPage":{"@id":"https:\/\/wp.kristdemokraterna.se\/vg2\/kultursamverkansmodellen-haller-pa-att-skjutas-i-sank\/#primaryimage"},"image":{"@id":"https:\/\/wp.kristdemokraterna.se\/vg2\/kultursamverkansmodellen-haller-pa-att-skjutas-i-sank\/#primaryimage"},"thumbnailUrl":"https:\/\/wp.kristdemokraterna.se\/vg2\/files\/2016\/10\/conny-bild-640-1.jpg","datePublished":"2016-10-04T11:31:32+00:00","dateModified":"2016-10-04T11:51:00+00:00","author":{"@id":"https:\/\/wp.kristdemokraterna.se\/vg2\/#\/schema\/person\/0f6c60ed4a56428733155da1d4f48e25"},"breadcrumb":{"@id":"https:\/\/wp.kristdemokraterna.se\/vg2\/kultursamverkansmodellen-haller-pa-att-skjutas-i-sank\/#breadcrumb"},"inLanguage":"sv-SE","potentialAction":[{"@type":"ReadAction","target":["https:\/\/wp.kristdemokraterna.se\/vg2\/kultursamverkansmodellen-haller-pa-att-skjutas-i-sank\/"]}]},{"@type":"ImageObject","inLanguage":"sv-SE","@id":"https:\/\/wp.kristdemokraterna.se\/vg2\/kultursamverkansmodellen-haller-pa-att-skjutas-i-sank\/#primaryimage","url":"https:\/\/wp.kristdemokraterna.se\/vg2\/files\/2016\/10\/conny-bild-640-1.jpg","contentUrl":"https:\/\/wp.kristdemokraterna.se\/vg2\/files\/2016\/10\/conny-bild-640-1.jpg","width":640,"height":525},{"@type":"BreadcrumbList","@id":"https:\/\/wp.kristdemokraterna.se\/vg2\/kultursamverkansmodellen-haller-pa-att-skjutas-i-sank\/#breadcrumb","itemListElement":[{"@type":"ListItem","position":1,"name":"Hem","item":"https:\/\/wp.kristdemokraterna.se\/vg2\/"},{"@type":"ListItem","position":2,"name":"Kultursamverkansmodellen h\u00e5ller p\u00e5 att skjutas i sank"}]},{"@type":"WebSite","@id":"https:\/\/wp.kristdemokraterna.se\/vg2\/#website","url":"https:\/\/wp.kristdemokraterna.se\/vg2\/","name":"Kristdemokraterna | V\u00e4stra G\u00f6taland","description":"\u00c4nnu en webbplats hos Kristdemokraterna","inLanguage":"sv-SE"},{"@type":"Person","@id":"https:\/\/wp.kristdemokraterna.se\/vg2\/#\/schema\/person\/0f6c60ed4a56428733155da1d4f48e25","name":"vg2","image":{"@type":"ImageObject","inLanguage":"sv-SE","@id":"https:\/\/secure.gravatar.com\/avatar\/78e997e768071bc2ed8711b6fa8797041ee2af3c6c40e45683f3ff6396d16f92?s=96&d=mm&r=g","url":"https:\/\/secure.gravatar.com\/avatar\/78e997e768071bc2ed8711b6fa8797041ee2af3c6c40e45683f3ff6396d16f92?s=96&d=mm&r=g","contentUrl":"https:\/\/secure.gravatar.com\/avatar\/78e997e768071bc2ed8711b6fa8797041ee2af3c6c40e45683f3ff6396d16f92?s=96&d=mm&r=g","caption":"vg2"},"url":"https:\/\/wp.kristdemokraterna.se\/vg2\/author\/vg2\/"}]}},"_links":{"self":[{"href":"https:\/\/wp.kristdemokraterna.se\/vg2\/wp-json\/wp\/v2\/posts\/382","targetHints":{"allow":["GET"]}}],"collection":[{"href":"https:\/\/wp.kristdemokraterna.se\/vg2\/wp-json\/wp\/v2\/posts"}],"about":[{"href":"https:\/\/wp.kristdemokraterna.se\/vg2\/wp-json\/wp\/v2\/types\/post"}],"author":[{"embeddable":true,"href":"https:\/\/wp.kristdemokraterna.se\/vg2\/wp-json\/wp\/v2\/users\/963"}],"replies":[{"embeddable":true,"href":"https:\/\/wp.kristdemokraterna.se\/vg2\/wp-json\/wp\/v2\/comments?post=382"}],"version-history":[{"count":2,"href":"https:\/\/wp.kristdemokraterna.se\/vg2\/wp-json\/wp\/v2\/posts\/382\/revisions"}],"predecessor-version":[{"id":386,"href":"https:\/\/wp.kristdemokraterna.se\/vg2\/wp-json\/wp\/v2\/posts\/382\/revisions\/386"}],"wp:featuredmedia":[{"embeddable":true,"href":"https:\/\/wp.kristdemokraterna.se\/vg2\/wp-json\/wp\/v2\/media\/385"}],"wp:attachment":[{"href":"https:\/\/wp.kristdemokraterna.se\/vg2\/wp-json\/wp\/v2\/media?parent=382"}],"wp:term":[{"taxonomy":"category","embeddable":true,"href":"https:\/\/wp.kristdemokraterna.se\/vg2\/wp-json\/wp\/v2\/categories?post=382"},{"taxonomy":"post_tag","embeddable":true,"href":"https:\/\/wp.kristdemokraterna.se\/vg2\/wp-json\/wp\/v2\/tags?post=382"}],"curies":[{"name":"wp","href":"https:\/\/api.w.org\/{rel}","templated":true}]}}