{"id":406,"date":"2016-11-02T12:32:18","date_gmt":"2016-11-02T11:32:18","guid":{"rendered":"http:\/\/wp.kristdemokraterna.se\/vg2\/?p=406"},"modified":"2016-11-02T12:33:46","modified_gmt":"2016-11-02T11:33:46","slug":"vi-satsar-pa-biografer","status":"publish","type":"post","link":"https:\/\/wp.kristdemokraterna.se\/vg2\/vi-satsar-pa-biografer\/","title":{"rendered":"Vi satsar p\u00e5 biografer"},"content":{"rendered":"<p><strong>Debattartikel Skaraborgsbygden.se &#8211; Conny Br\u00e4nnberg och Emmyly B\u00f6nfors<\/strong><br \/>\nKulturn\u00e4mnden i V\u00e4stra G\u00f6taland g\u00f6r en stor filmsatsning. I samband med att G\u00f6teborg Film Festival firar 40 \u00e5r ges digitala biografer runt om i regionen ett erbjudande om att ing\u00e5 i ett tekniskt n\u00e4tverk.<br \/>\n<!--more--><\/p>\n<p>Regionfullm\u00e4ktige \u00e4r \u00f6verens om att ett viktigt strategiskt insatsomr\u00e5de f\u00f6r kulturen \u00e4r att \u201dNyttja tekniken\u201d. Det handlar om hur kulturen kan vara en del av den digitalisering som sker. Tillsammans med andra finansi\u00e4rer har vi nu 48 digitala biografer i regionen. Id\u00e9n \u00e4r nu att dessa ska kunna anv\u00e4ndas f\u00f6r sams\u00e4ndning.<\/p>\n<p>Starten f\u00f6r ett nytt gemensamt arbete sker i samband med att filmfestivalen rullar ut r\u00f6da mattan p\u00e5 biografen Draken i G\u00f6teborg. Vid denna galapremi\u00e4r ska sams\u00e4ndning ske till 40 salonger runtom i regionen. F\u00f6r Kulturn\u00e4mnden \u00e4r perspektivet stad och land viktigt att betona och detta m\u00f6jligg\u00f6rs genom den nya tekniken.<\/p>\n<p>Kulturn\u00e4mnden tar en rad olika initiativ f\u00f6r att anv\u00e4nda modern teknik och d\u00e4rmed ocks\u00e5 skapa ett attraktivt utbud utanf\u00f6r de st\u00f6rre st\u00e4derna. V\u00e5rt m\u00e5l \u00e4r att hela regionen ska kunna utvecklas och med modern teknik kan den som bor p\u00e5 landsbygden ta del av utbudet. I f\u00f6rsta hand handlar v\u00e5r satsning p\u00e5 de digitaliserade biograferna, men streaming kan ocks\u00e5 ske till datorer, mobiler och l\u00e4splattor.<\/p>\n<p>Den moderna tekniken kan aldrig ers\u00e4tta det personliga m\u00f6tet eller den direkta upplevelsen i salongen men en satsning p\u00e5 digitalisering blir ett gott komplement. Vi kallar satsningen f\u00f6r biolyft och vill med detta betona betydelsen att biografen finns kvar i hela regionen.<\/p>\n<p><strong>Conny Br\u00e4nnberg (kd)<\/strong><br \/>\n<strong>Emmyly B\u00f6nfors (c)<\/strong><br \/>\nkulturpolitiker i V\u00e4stra G\u00f6talandsregionen<\/p>\n","protected":false},"excerpt":{"rendered":"<p>Debattartikel Skaraborgsbygden.se &#8211; Conny Br\u00e4nnberg och Emmyly B\u00f6nfors Kulturn\u00e4mnden i V\u00e4stra G\u00f6taland g\u00f6r en stor filmsatsning. I samband med att G\u00f6teborg Film Festival firar 40 \u00e5r ges digitala biografer runt om i regionen ett erbjudande om att ing\u00e5 i ett tekniskt n\u00e4tverk.<\/p>\n","protected":false},"author":963,"featured_media":385,"comment_status":"closed","ping_status":"closed","sticky":false,"template":"","format":"standard","meta":{"_acf_changed":false,"footnotes":""},"categories":[7,10],"tags":[28,59,14],"class_list":["post-406","post","type-post","status-publish","format-standard","hentry","category-debattartiklar","category-kultur","tag-conny-brannberg","tag-dans","tag-kultur"],"acf":[],"yoast_head":"<!-- This site is optimized with the Yoast SEO plugin v27.4 - https:\/\/yoast.com\/product\/yoast-seo-wordpress\/ -->\n<title>Vi satsar p\u00e5 biografer - Kristdemokraterna | V\u00e4stra G\u00f6taland<\/title>\n<meta name=\"robots\" content=\"index, follow, max-snippet:-1, max-image-preview:large, max-video-preview:-1\" \/>\n<link rel=\"canonical\" href=\"https:\/\/wp.kristdemokraterna.se\/vg2\/vi-satsar-pa-biografer\/\" \/>\n<meta property=\"og:locale\" content=\"sv_SE\" \/>\n<meta property=\"og:type\" content=\"article\" \/>\n<meta property=\"og:title\" content=\"Vi satsar p\u00e5 biografer - Kristdemokraterna | V\u00e4stra G\u00f6taland\" \/>\n<meta property=\"og:description\" content=\"Debattartikel Skaraborgsbygden.se &#8211; Conny Br\u00e4nnberg och Emmyly B\u00f6nfors Kulturn\u00e4mnden i V\u00e4stra G\u00f6taland g\u00f6r en stor filmsatsning. I samband med att G\u00f6teborg Film Festival firar 40 \u00e5r ges digitala biografer runt om i regionen ett erbjudande om att ing\u00e5 i ett tekniskt n\u00e4tverk.\" \/>\n<meta property=\"og:url\" content=\"https:\/\/wp.kristdemokraterna.se\/vg2\/vi-satsar-pa-biografer\/\" \/>\n<meta property=\"og:site_name\" content=\"Kristdemokraterna | V\u00e4stra G\u00f6taland\" \/>\n<meta property=\"article:published_time\" content=\"2016-11-02T11:32:18+00:00\" \/>\n<meta property=\"article:modified_time\" content=\"2016-11-02T11:33:46+00:00\" \/>\n<meta property=\"og:image\" content=\"https:\/\/wp.kristdemokraterna.se\/vg2\/files\/2016\/10\/conny-bild-640-1.jpg\" \/>\n\t<meta property=\"og:image:width\" content=\"640\" \/>\n\t<meta property=\"og:image:height\" content=\"525\" \/>\n\t<meta property=\"og:image:type\" content=\"image\/jpeg\" \/>\n<meta name=\"author\" content=\"vg2\" \/>\n<meta name=\"twitter:card\" content=\"summary_large_image\" \/>\n<meta name=\"twitter:label1\" content=\"Skriven av\" \/>\n\t<meta name=\"twitter:data1\" content=\"vg2\" \/>\n\t<meta name=\"twitter:label2\" content=\"Ber\u00e4knad l\u00e4stid\" \/>\n\t<meta name=\"twitter:data2\" content=\"2 minuter\" \/>\n<script type=\"application\/ld+json\" class=\"yoast-schema-graph\">{\"@context\":\"https:\\\/\\\/schema.org\",\"@graph\":[{\"@type\":\"Article\",\"@id\":\"https:\\\/\\\/wp.kristdemokraterna.se\\\/vg2\\\/vi-satsar-pa-biografer\\\/#article\",\"isPartOf\":{\"@id\":\"https:\\\/\\\/wp.kristdemokraterna.se\\\/vg2\\\/vi-satsar-pa-biografer\\\/\"},\"author\":{\"name\":\"vg2\",\"@id\":\"https:\\\/\\\/wp.kristdemokraterna.se\\\/vg2\\\/#\\\/schema\\\/person\\\/0f6c60ed4a56428733155da1d4f48e25\"},\"headline\":\"Vi satsar p\u00e5 biografer\",\"datePublished\":\"2016-11-02T11:32:18+00:00\",\"dateModified\":\"2016-11-02T11:33:46+00:00\",\"mainEntityOfPage\":{\"@id\":\"https:\\\/\\\/wp.kristdemokraterna.se\\\/vg2\\\/vi-satsar-pa-biografer\\\/\"},\"wordCount\":306,\"image\":{\"@id\":\"https:\\\/\\\/wp.kristdemokraterna.se\\\/vg2\\\/vi-satsar-pa-biografer\\\/#primaryimage\"},\"thumbnailUrl\":\"https:\\\/\\\/wp.kristdemokraterna.se\\\/vg2\\\/files\\\/2016\\\/10\\\/conny-bild-640-1.jpg\",\"keywords\":[\"conny br\u00e4nnberg\",\"dans\",\"Kultur\"],\"articleSection\":[\"Debattartiklar\",\"Kultur\"],\"inLanguage\":\"sv-SE\"},{\"@type\":\"WebPage\",\"@id\":\"https:\\\/\\\/wp.kristdemokraterna.se\\\/vg2\\\/vi-satsar-pa-biografer\\\/\",\"url\":\"https:\\\/\\\/wp.kristdemokraterna.se\\\/vg2\\\/vi-satsar-pa-biografer\\\/\",\"name\":\"Vi satsar p\u00e5 biografer - Kristdemokraterna | V\u00e4stra G\u00f6taland\",\"isPartOf\":{\"@id\":\"https:\\\/\\\/wp.kristdemokraterna.se\\\/vg2\\\/#website\"},\"primaryImageOfPage\":{\"@id\":\"https:\\\/\\\/wp.kristdemokraterna.se\\\/vg2\\\/vi-satsar-pa-biografer\\\/#primaryimage\"},\"image\":{\"@id\":\"https:\\\/\\\/wp.kristdemokraterna.se\\\/vg2\\\/vi-satsar-pa-biografer\\\/#primaryimage\"},\"thumbnailUrl\":\"https:\\\/\\\/wp.kristdemokraterna.se\\\/vg2\\\/files\\\/2016\\\/10\\\/conny-bild-640-1.jpg\",\"datePublished\":\"2016-11-02T11:32:18+00:00\",\"dateModified\":\"2016-11-02T11:33:46+00:00\",\"author\":{\"@id\":\"https:\\\/\\\/wp.kristdemokraterna.se\\\/vg2\\\/#\\\/schema\\\/person\\\/0f6c60ed4a56428733155da1d4f48e25\"},\"breadcrumb\":{\"@id\":\"https:\\\/\\\/wp.kristdemokraterna.se\\\/vg2\\\/vi-satsar-pa-biografer\\\/#breadcrumb\"},\"inLanguage\":\"sv-SE\",\"potentialAction\":[{\"@type\":\"ReadAction\",\"target\":[\"https:\\\/\\\/wp.kristdemokraterna.se\\\/vg2\\\/vi-satsar-pa-biografer\\\/\"]}]},{\"@type\":\"ImageObject\",\"inLanguage\":\"sv-SE\",\"@id\":\"https:\\\/\\\/wp.kristdemokraterna.se\\\/vg2\\\/vi-satsar-pa-biografer\\\/#primaryimage\",\"url\":\"https:\\\/\\\/wp.kristdemokraterna.se\\\/vg2\\\/files\\\/2016\\\/10\\\/conny-bild-640-1.jpg\",\"contentUrl\":\"https:\\\/\\\/wp.kristdemokraterna.se\\\/vg2\\\/files\\\/2016\\\/10\\\/conny-bild-640-1.jpg\",\"width\":640,\"height\":525},{\"@type\":\"BreadcrumbList\",\"@id\":\"https:\\\/\\\/wp.kristdemokraterna.se\\\/vg2\\\/vi-satsar-pa-biografer\\\/#breadcrumb\",\"itemListElement\":[{\"@type\":\"ListItem\",\"position\":1,\"name\":\"Hem\",\"item\":\"https:\\\/\\\/wp.kristdemokraterna.se\\\/vg2\\\/\"},{\"@type\":\"ListItem\",\"position\":2,\"name\":\"Vi satsar p\u00e5 biografer\"}]},{\"@type\":\"WebSite\",\"@id\":\"https:\\\/\\\/wp.kristdemokraterna.se\\\/vg2\\\/#website\",\"url\":\"https:\\\/\\\/wp.kristdemokraterna.se\\\/vg2\\\/\",\"name\":\"Kristdemokraterna | V\u00e4stra G\u00f6taland\",\"description\":\"\u00c4nnu en webbplats hos Kristdemokraterna\",\"inLanguage\":\"sv-SE\"},{\"@type\":\"Person\",\"@id\":\"https:\\\/\\\/wp.kristdemokraterna.se\\\/vg2\\\/#\\\/schema\\\/person\\\/0f6c60ed4a56428733155da1d4f48e25\",\"name\":\"vg2\",\"image\":{\"@type\":\"ImageObject\",\"inLanguage\":\"sv-SE\",\"@id\":\"https:\\\/\\\/secure.gravatar.com\\\/avatar\\\/78e997e768071bc2ed8711b6fa8797041ee2af3c6c40e45683f3ff6396d16f92?s=96&d=mm&r=g\",\"url\":\"https:\\\/\\\/secure.gravatar.com\\\/avatar\\\/78e997e768071bc2ed8711b6fa8797041ee2af3c6c40e45683f3ff6396d16f92?s=96&d=mm&r=g\",\"contentUrl\":\"https:\\\/\\\/secure.gravatar.com\\\/avatar\\\/78e997e768071bc2ed8711b6fa8797041ee2af3c6c40e45683f3ff6396d16f92?s=96&d=mm&r=g\",\"caption\":\"vg2\"},\"url\":\"https:\\\/\\\/wp.kristdemokraterna.se\\\/vg2\\\/author\\\/vg2\\\/\"}]}<\/script>\n<!-- \/ Yoast SEO plugin. -->","yoast_head_json":{"title":"Vi satsar p\u00e5 biografer - Kristdemokraterna | V\u00e4stra G\u00f6taland","robots":{"index":"index","follow":"follow","max-snippet":"max-snippet:-1","max-image-preview":"max-image-preview:large","max-video-preview":"max-video-preview:-1"},"canonical":"https:\/\/wp.kristdemokraterna.se\/vg2\/vi-satsar-pa-biografer\/","og_locale":"sv_SE","og_type":"article","og_title":"Vi satsar p\u00e5 biografer - Kristdemokraterna | V\u00e4stra G\u00f6taland","og_description":"Debattartikel Skaraborgsbygden.se &#8211; Conny Br\u00e4nnberg och Emmyly B\u00f6nfors Kulturn\u00e4mnden i V\u00e4stra G\u00f6taland g\u00f6r en stor filmsatsning. I samband med att G\u00f6teborg Film Festival firar 40 \u00e5r ges digitala biografer runt om i regionen ett erbjudande om att ing\u00e5 i ett tekniskt n\u00e4tverk.","og_url":"https:\/\/wp.kristdemokraterna.se\/vg2\/vi-satsar-pa-biografer\/","og_site_name":"Kristdemokraterna | V\u00e4stra G\u00f6taland","article_published_time":"2016-11-02T11:32:18+00:00","article_modified_time":"2016-11-02T11:33:46+00:00","og_image":[{"width":640,"height":525,"url":"https:\/\/wp.kristdemokraterna.se\/vg2\/files\/2016\/10\/conny-bild-640-1.jpg","type":"image\/jpeg"}],"author":"vg2","twitter_card":"summary_large_image","twitter_misc":{"Skriven av":"vg2","Ber\u00e4knad l\u00e4stid":"2 minuter"},"schema":{"@context":"https:\/\/schema.org","@graph":[{"@type":"Article","@id":"https:\/\/wp.kristdemokraterna.se\/vg2\/vi-satsar-pa-biografer\/#article","isPartOf":{"@id":"https:\/\/wp.kristdemokraterna.se\/vg2\/vi-satsar-pa-biografer\/"},"author":{"name":"vg2","@id":"https:\/\/wp.kristdemokraterna.se\/vg2\/#\/schema\/person\/0f6c60ed4a56428733155da1d4f48e25"},"headline":"Vi satsar p\u00e5 biografer","datePublished":"2016-11-02T11:32:18+00:00","dateModified":"2016-11-02T11:33:46+00:00","mainEntityOfPage":{"@id":"https:\/\/wp.kristdemokraterna.se\/vg2\/vi-satsar-pa-biografer\/"},"wordCount":306,"image":{"@id":"https:\/\/wp.kristdemokraterna.se\/vg2\/vi-satsar-pa-biografer\/#primaryimage"},"thumbnailUrl":"https:\/\/wp.kristdemokraterna.se\/vg2\/files\/2016\/10\/conny-bild-640-1.jpg","keywords":["conny br\u00e4nnberg","dans","Kultur"],"articleSection":["Debattartiklar","Kultur"],"inLanguage":"sv-SE"},{"@type":"WebPage","@id":"https:\/\/wp.kristdemokraterna.se\/vg2\/vi-satsar-pa-biografer\/","url":"https:\/\/wp.kristdemokraterna.se\/vg2\/vi-satsar-pa-biografer\/","name":"Vi satsar p\u00e5 biografer - Kristdemokraterna | V\u00e4stra G\u00f6taland","isPartOf":{"@id":"https:\/\/wp.kristdemokraterna.se\/vg2\/#website"},"primaryImageOfPage":{"@id":"https:\/\/wp.kristdemokraterna.se\/vg2\/vi-satsar-pa-biografer\/#primaryimage"},"image":{"@id":"https:\/\/wp.kristdemokraterna.se\/vg2\/vi-satsar-pa-biografer\/#primaryimage"},"thumbnailUrl":"https:\/\/wp.kristdemokraterna.se\/vg2\/files\/2016\/10\/conny-bild-640-1.jpg","datePublished":"2016-11-02T11:32:18+00:00","dateModified":"2016-11-02T11:33:46+00:00","author":{"@id":"https:\/\/wp.kristdemokraterna.se\/vg2\/#\/schema\/person\/0f6c60ed4a56428733155da1d4f48e25"},"breadcrumb":{"@id":"https:\/\/wp.kristdemokraterna.se\/vg2\/vi-satsar-pa-biografer\/#breadcrumb"},"inLanguage":"sv-SE","potentialAction":[{"@type":"ReadAction","target":["https:\/\/wp.kristdemokraterna.se\/vg2\/vi-satsar-pa-biografer\/"]}]},{"@type":"ImageObject","inLanguage":"sv-SE","@id":"https:\/\/wp.kristdemokraterna.se\/vg2\/vi-satsar-pa-biografer\/#primaryimage","url":"https:\/\/wp.kristdemokraterna.se\/vg2\/files\/2016\/10\/conny-bild-640-1.jpg","contentUrl":"https:\/\/wp.kristdemokraterna.se\/vg2\/files\/2016\/10\/conny-bild-640-1.jpg","width":640,"height":525},{"@type":"BreadcrumbList","@id":"https:\/\/wp.kristdemokraterna.se\/vg2\/vi-satsar-pa-biografer\/#breadcrumb","itemListElement":[{"@type":"ListItem","position":1,"name":"Hem","item":"https:\/\/wp.kristdemokraterna.se\/vg2\/"},{"@type":"ListItem","position":2,"name":"Vi satsar p\u00e5 biografer"}]},{"@type":"WebSite","@id":"https:\/\/wp.kristdemokraterna.se\/vg2\/#website","url":"https:\/\/wp.kristdemokraterna.se\/vg2\/","name":"Kristdemokraterna | V\u00e4stra G\u00f6taland","description":"\u00c4nnu en webbplats hos Kristdemokraterna","inLanguage":"sv-SE"},{"@type":"Person","@id":"https:\/\/wp.kristdemokraterna.se\/vg2\/#\/schema\/person\/0f6c60ed4a56428733155da1d4f48e25","name":"vg2","image":{"@type":"ImageObject","inLanguage":"sv-SE","@id":"https:\/\/secure.gravatar.com\/avatar\/78e997e768071bc2ed8711b6fa8797041ee2af3c6c40e45683f3ff6396d16f92?s=96&d=mm&r=g","url":"https:\/\/secure.gravatar.com\/avatar\/78e997e768071bc2ed8711b6fa8797041ee2af3c6c40e45683f3ff6396d16f92?s=96&d=mm&r=g","contentUrl":"https:\/\/secure.gravatar.com\/avatar\/78e997e768071bc2ed8711b6fa8797041ee2af3c6c40e45683f3ff6396d16f92?s=96&d=mm&r=g","caption":"vg2"},"url":"https:\/\/wp.kristdemokraterna.se\/vg2\/author\/vg2\/"}]}},"_links":{"self":[{"href":"https:\/\/wp.kristdemokraterna.se\/vg2\/wp-json\/wp\/v2\/posts\/406","targetHints":{"allow":["GET"]}}],"collection":[{"href":"https:\/\/wp.kristdemokraterna.se\/vg2\/wp-json\/wp\/v2\/posts"}],"about":[{"href":"https:\/\/wp.kristdemokraterna.se\/vg2\/wp-json\/wp\/v2\/types\/post"}],"author":[{"embeddable":true,"href":"https:\/\/wp.kristdemokraterna.se\/vg2\/wp-json\/wp\/v2\/users\/963"}],"replies":[{"embeddable":true,"href":"https:\/\/wp.kristdemokraterna.se\/vg2\/wp-json\/wp\/v2\/comments?post=406"}],"version-history":[{"count":2,"href":"https:\/\/wp.kristdemokraterna.se\/vg2\/wp-json\/wp\/v2\/posts\/406\/revisions"}],"predecessor-version":[{"id":408,"href":"https:\/\/wp.kristdemokraterna.se\/vg2\/wp-json\/wp\/v2\/posts\/406\/revisions\/408"}],"wp:featuredmedia":[{"embeddable":true,"href":"https:\/\/wp.kristdemokraterna.se\/vg2\/wp-json\/wp\/v2\/media\/385"}],"wp:attachment":[{"href":"https:\/\/wp.kristdemokraterna.se\/vg2\/wp-json\/wp\/v2\/media?parent=406"}],"wp:term":[{"taxonomy":"category","embeddable":true,"href":"https:\/\/wp.kristdemokraterna.se\/vg2\/wp-json\/wp\/v2\/categories?post=406"},{"taxonomy":"post_tag","embeddable":true,"href":"https:\/\/wp.kristdemokraterna.se\/vg2\/wp-json\/wp\/v2\/tags?post=406"}],"curies":[{"name":"wp","href":"https:\/\/api.w.org\/{rel}","templated":true}]}}