{"id":438,"date":"2017-01-30T08:42:51","date_gmt":"2017-01-30T07:42:51","guid":{"rendered":"http:\/\/wp.kristdemokraterna.se\/vg2\/?p=438"},"modified":"2017-01-30T08:42:51","modified_gmt":"2017-01-30T07:42:51","slug":"infor-vardteam-i-hemmet","status":"publish","type":"post","link":"https:\/\/wp.kristdemokraterna.se\/vg2\/infor-vardteam-i-hemmet\/","title":{"rendered":"Inf\u00f6r v\u00e5rdteam i hemmet"},"content":{"rendered":"<p><strong>Debattartikel GP &#8211; David Lega och Kalle B\u00e4ck<\/strong><br \/>\nHemtagningsteam kan fungera som en brygga mellan sjukhuset och hemmet. P\u00e5 s\u00e5 s\u00e4tt kan f\u00e4rdigbehandlade patienter skickas hem och v\u00e5rdplatser frig\u00f6ras p\u00e5 sjukhusen.<br \/>\n<!--more--><\/p>\n<p>G\u00f6teborg har ett stort antal utskrivningsklara patienter, framf\u00f6r allt \u00e4ldre, som tvingas ligga kvar p\u00e5 sjukhuset. Marita Tenggren, V\u00e5rdf\u00f6rbundet, p\u00e5pekar helt riktigt i sin debattartikel att kommunerna \u00e4r en propp f\u00f6r sjukhusv\u00e5rden.<\/p>\n<p>Bristen p\u00e5 \u00e4ldreboendeplatser och korttidsplatser n\u00e4mns som orsaker till att G\u00f6teborg l\u00e5ter utskrivningsklara patienter ligga kvar flera dygn p\u00e5 Sahlgrenska. En del beh\u00f6ver mycket st\u00f6d och hj\u00e4lp av kompetent v\u00e5rdpersonal efter sin vistelse p\u00e5 sjukhuset, och d\u00e5 ses korttidsboende eller \u00e4ldreboende ofta som den b\u00e4sta l\u00f6sningen. I G\u00f6teborg kan v\u00e4ntan p\u00e5 \u00e4ldreboende bli l\u00e5ng. I dag har vi en snittid p\u00e5 94 dagar f\u00f6r den som bed\u00f6mts ha behov av \u00e4ldreboende.<\/p>\n<p>Andra ligger kvar l\u00e4nge p\u00e5 Sahlgrenska f\u00f6r att sedan skickas hem till sin egen l\u00e4genhet d\u00e4r de riskerar att k\u00e4nna sig ensamma och otrygga. Kontrasten mot sjukhuset med st\u00e4ndigt n\u00e4rvarande v\u00e5rdpersonal \u00e4r f\u00f6r stor och \u00e4ven om anh\u00f6riga hj\u00e4lper till kan ensamheten upplevas skr\u00e4mmande.<\/p>\n<p>Kristdemokraterna l\u00e4mnade d\u00e4rf\u00f6r i torsdags in ett f\u00f6rslag till kommunfullm\u00e4ktige att staden ska inr\u00e4tta hemtagningsteam i alla stadsdelar. Det inneb\u00e4r att personal finns med hela v\u00e4gen, fr\u00e5n att hemg\u00e5ngen planeras, vid behov f\u00f6ljer med i transporten hem, hj\u00e4lper till vid ankomsten till bostaden, s\u00e4kerst\u00e4ller att det finns mat, ordnar med l\u00e4kemedel f\u00f6r de f\u00f6rsta dagarna och kanske g\u00f6r en f\u00f6rsta anpassning av boendet.<\/p>\n<p><strong>\u00d6kar tryggheten<\/strong><br \/>\nHemtagningsteamet ansvarar ocks\u00e5 f\u00f6r \u00f6verl\u00e4mning till hemtj\u00e4nsten eller \u00f6verg\u00e5ngen till egenv\u00e5rd med st\u00f6d av prim\u00e4rv\u00e5rden. De ska \u00e4ven kunna ge st\u00f6d den f\u00f6rsta tiden till dess att v\u00e5rd och omsorg i hemmet fungerar bra. Genom att underl\u00e4tta hemg\u00e5ngen fr\u00e5n sjukhuset \u00f6kas tryggheten samtidigt som det minskar risken f\u00f6r snar \u00e5terinl\u00e4ggning.<\/p>\n<p>Det blir dessutom en begr\u00e4nsad m\u00e4ngd personal som m\u00f6ter den v\u00e5rdbeh\u00f6vande de f\u00f6rsta veckorna efter sjukhusvistelsen. Personen beh\u00f6ver inte ta st\u00e4llning p\u00e5 sjukhuset till vilken hj\u00e4lp som kommer att beh\u00f6vas i hemmet, utan kan i lugn och ro k\u00e4nna efter hemma vad den beh\u00f6ver.<\/p>\n<p>Det finns stora vinster i att inf\u00f6ra hemtagningsteam. Samh\u00e4llsekonomiskt \u00e4r vinsten minskat behov av ytterligare sjukhusv\u00e5rd och mer omv\u00e5rdnadsinsatser. F\u00f6r den v\u00e5rdbeh\u00f6vande och anh\u00f6riga \u00e4r vinsten en \u00f6kad trygghet, b\u00e4ttre h\u00e4lsa, minskad stress och \u00f6kad v\u00e4rdighet.<\/p>\n<p><strong>David Lega (KD)<\/strong><br \/>\nkommunalr\u00e5d<br \/>\n<strong>Kalle B\u00e4ck (KD)<\/strong><br \/>\nledamot kommunfullm\u00e4ktige<\/p>\n","protected":false},"excerpt":{"rendered":"<p>Debattartikel GP &#8211; David Lega och Kalle B\u00e4ck Hemtagningsteam kan fungera som en brygga mellan sjukhuset och hemmet. P\u00e5 s\u00e5 s\u00e4tt kan f\u00e4rdigbehandlade patienter skickas hem och v\u00e5rdplatser frig\u00f6ras p\u00e5 sjukhusen.<\/p>\n","protected":false},"author":963,"featured_media":255,"comment_status":"closed","ping_status":"closed","sticky":false,"template":"","format":"standard","meta":{"_acf_changed":false,"footnotes":""},"categories":[7,9],"tags":[51,12,63],"class_list":["post-438","post","type-post","status-publish","format-standard","hentry","category-debattartiklar","category-halso-och-sjukvard","tag-goteborg","tag-halso-och-sjukvard","tag-vardteam"],"acf":[],"yoast_head":"<!-- This site is optimized with the Yoast SEO plugin v27.4 - https:\/\/yoast.com\/product\/yoast-seo-wordpress\/ -->\n<title>Inf\u00f6r v\u00e5rdteam i hemmet - Kristdemokraterna | V\u00e4stra G\u00f6taland<\/title>\n<meta name=\"robots\" content=\"index, follow, max-snippet:-1, max-image-preview:large, max-video-preview:-1\" \/>\n<link rel=\"canonical\" href=\"https:\/\/wp.kristdemokraterna.se\/vg2\/infor-vardteam-i-hemmet\/\" \/>\n<meta property=\"og:locale\" content=\"sv_SE\" \/>\n<meta property=\"og:type\" content=\"article\" \/>\n<meta property=\"og:title\" content=\"Inf\u00f6r v\u00e5rdteam i hemmet - Kristdemokraterna | V\u00e4stra G\u00f6taland\" \/>\n<meta property=\"og:description\" content=\"Debattartikel GP &#8211; David Lega och Kalle B\u00e4ck Hemtagningsteam kan fungera som en brygga mellan sjukhuset och hemmet. P\u00e5 s\u00e5 s\u00e4tt kan f\u00e4rdigbehandlade patienter skickas hem och v\u00e5rdplatser frig\u00f6ras p\u00e5 sjukhusen.\" \/>\n<meta property=\"og:url\" content=\"https:\/\/wp.kristdemokraterna.se\/vg2\/infor-vardteam-i-hemmet\/\" \/>\n<meta property=\"og:site_name\" content=\"Kristdemokraterna | V\u00e4stra G\u00f6taland\" \/>\n<meta property=\"article:published_time\" content=\"2017-01-30T07:42:51+00:00\" \/>\n<meta property=\"og:image\" content=\"https:\/\/wp.kristdemokraterna.se\/vg2\/files\/2016\/05\/vard-bild-e1582966956642.jpg\" \/>\n\t<meta property=\"og:image:width\" content=\"471\" \/>\n\t<meta property=\"og:image:height\" content=\"262\" \/>\n\t<meta property=\"og:image:type\" content=\"image\/jpeg\" \/>\n<meta name=\"author\" content=\"vg2\" \/>\n<meta name=\"twitter:card\" content=\"summary_large_image\" \/>\n<meta name=\"twitter:label1\" content=\"Skriven av\" \/>\n\t<meta name=\"twitter:data1\" content=\"vg2\" \/>\n\t<meta name=\"twitter:label2\" content=\"Ber\u00e4knad l\u00e4stid\" \/>\n\t<meta name=\"twitter:data2\" content=\"2 minuter\" \/>\n<script type=\"application\/ld+json\" class=\"yoast-schema-graph\">{\"@context\":\"https:\\\/\\\/schema.org\",\"@graph\":[{\"@type\":\"Article\",\"@id\":\"https:\\\/\\\/wp.kristdemokraterna.se\\\/vg2\\\/infor-vardteam-i-hemmet\\\/#article\",\"isPartOf\":{\"@id\":\"https:\\\/\\\/wp.kristdemokraterna.se\\\/vg2\\\/infor-vardteam-i-hemmet\\\/\"},\"author\":{\"name\":\"vg2\",\"@id\":\"https:\\\/\\\/wp.kristdemokraterna.se\\\/vg2\\\/#\\\/schema\\\/person\\\/0f6c60ed4a56428733155da1d4f48e25\"},\"headline\":\"Inf\u00f6r v\u00e5rdteam i hemmet\",\"datePublished\":\"2017-01-30T07:42:51+00:00\",\"mainEntityOfPage\":{\"@id\":\"https:\\\/\\\/wp.kristdemokraterna.se\\\/vg2\\\/infor-vardteam-i-hemmet\\\/\"},\"wordCount\":486,\"image\":{\"@id\":\"https:\\\/\\\/wp.kristdemokraterna.se\\\/vg2\\\/infor-vardteam-i-hemmet\\\/#primaryimage\"},\"thumbnailUrl\":\"https:\\\/\\\/wp.kristdemokraterna.se\\\/vg2\\\/files\\\/2016\\\/05\\\/vard-bild-e1582966956642.jpg\",\"keywords\":[\"G\u00f6teborg\",\"H\u00e4lso- och sjukv\u00e5rd\",\"v\u00e5rdteam\"],\"articleSection\":[\"Debattartiklar\",\"H\u00e4lso- och sjukv\u00e5rd\"],\"inLanguage\":\"sv-SE\"},{\"@type\":\"WebPage\",\"@id\":\"https:\\\/\\\/wp.kristdemokraterna.se\\\/vg2\\\/infor-vardteam-i-hemmet\\\/\",\"url\":\"https:\\\/\\\/wp.kristdemokraterna.se\\\/vg2\\\/infor-vardteam-i-hemmet\\\/\",\"name\":\"Inf\u00f6r v\u00e5rdteam i hemmet - Kristdemokraterna | V\u00e4stra G\u00f6taland\",\"isPartOf\":{\"@id\":\"https:\\\/\\\/wp.kristdemokraterna.se\\\/vg2\\\/#website\"},\"primaryImageOfPage\":{\"@id\":\"https:\\\/\\\/wp.kristdemokraterna.se\\\/vg2\\\/infor-vardteam-i-hemmet\\\/#primaryimage\"},\"image\":{\"@id\":\"https:\\\/\\\/wp.kristdemokraterna.se\\\/vg2\\\/infor-vardteam-i-hemmet\\\/#primaryimage\"},\"thumbnailUrl\":\"https:\\\/\\\/wp.kristdemokraterna.se\\\/vg2\\\/files\\\/2016\\\/05\\\/vard-bild-e1582966956642.jpg\",\"datePublished\":\"2017-01-30T07:42:51+00:00\",\"author\":{\"@id\":\"https:\\\/\\\/wp.kristdemokraterna.se\\\/vg2\\\/#\\\/schema\\\/person\\\/0f6c60ed4a56428733155da1d4f48e25\"},\"breadcrumb\":{\"@id\":\"https:\\\/\\\/wp.kristdemokraterna.se\\\/vg2\\\/infor-vardteam-i-hemmet\\\/#breadcrumb\"},\"inLanguage\":\"sv-SE\",\"potentialAction\":[{\"@type\":\"ReadAction\",\"target\":[\"https:\\\/\\\/wp.kristdemokraterna.se\\\/vg2\\\/infor-vardteam-i-hemmet\\\/\"]}]},{\"@type\":\"ImageObject\",\"inLanguage\":\"sv-SE\",\"@id\":\"https:\\\/\\\/wp.kristdemokraterna.se\\\/vg2\\\/infor-vardteam-i-hemmet\\\/#primaryimage\",\"url\":\"https:\\\/\\\/wp.kristdemokraterna.se\\\/vg2\\\/files\\\/2016\\\/05\\\/vard-bild-e1582966956642.jpg\",\"contentUrl\":\"https:\\\/\\\/wp.kristdemokraterna.se\\\/vg2\\\/files\\\/2016\\\/05\\\/vard-bild-e1582966956642.jpg\",\"width\":471,\"height\":262},{\"@type\":\"BreadcrumbList\",\"@id\":\"https:\\\/\\\/wp.kristdemokraterna.se\\\/vg2\\\/infor-vardteam-i-hemmet\\\/#breadcrumb\",\"itemListElement\":[{\"@type\":\"ListItem\",\"position\":1,\"name\":\"Hem\",\"item\":\"https:\\\/\\\/wp.kristdemokraterna.se\\\/vg2\\\/\"},{\"@type\":\"ListItem\",\"position\":2,\"name\":\"Inf\u00f6r v\u00e5rdteam i hemmet\"}]},{\"@type\":\"WebSite\",\"@id\":\"https:\\\/\\\/wp.kristdemokraterna.se\\\/vg2\\\/#website\",\"url\":\"https:\\\/\\\/wp.kristdemokraterna.se\\\/vg2\\\/\",\"name\":\"Kristdemokraterna | V\u00e4stra G\u00f6taland\",\"description\":\"\u00c4nnu en webbplats hos Kristdemokraterna\",\"inLanguage\":\"sv-SE\"},{\"@type\":\"Person\",\"@id\":\"https:\\\/\\\/wp.kristdemokraterna.se\\\/vg2\\\/#\\\/schema\\\/person\\\/0f6c60ed4a56428733155da1d4f48e25\",\"name\":\"vg2\",\"image\":{\"@type\":\"ImageObject\",\"inLanguage\":\"sv-SE\",\"@id\":\"https:\\\/\\\/secure.gravatar.com\\\/avatar\\\/78e997e768071bc2ed8711b6fa8797041ee2af3c6c40e45683f3ff6396d16f92?s=96&d=mm&r=g\",\"url\":\"https:\\\/\\\/secure.gravatar.com\\\/avatar\\\/78e997e768071bc2ed8711b6fa8797041ee2af3c6c40e45683f3ff6396d16f92?s=96&d=mm&r=g\",\"contentUrl\":\"https:\\\/\\\/secure.gravatar.com\\\/avatar\\\/78e997e768071bc2ed8711b6fa8797041ee2af3c6c40e45683f3ff6396d16f92?s=96&d=mm&r=g\",\"caption\":\"vg2\"},\"url\":\"https:\\\/\\\/wp.kristdemokraterna.se\\\/vg2\\\/author\\\/vg2\\\/\"}]}<\/script>\n<!-- \/ Yoast SEO plugin. -->","yoast_head_json":{"title":"Inf\u00f6r v\u00e5rdteam i hemmet - Kristdemokraterna | V\u00e4stra G\u00f6taland","robots":{"index":"index","follow":"follow","max-snippet":"max-snippet:-1","max-image-preview":"max-image-preview:large","max-video-preview":"max-video-preview:-1"},"canonical":"https:\/\/wp.kristdemokraterna.se\/vg2\/infor-vardteam-i-hemmet\/","og_locale":"sv_SE","og_type":"article","og_title":"Inf\u00f6r v\u00e5rdteam i hemmet - Kristdemokraterna | V\u00e4stra G\u00f6taland","og_description":"Debattartikel GP &#8211; David Lega och Kalle B\u00e4ck Hemtagningsteam kan fungera som en brygga mellan sjukhuset och hemmet. P\u00e5 s\u00e5 s\u00e4tt kan f\u00e4rdigbehandlade patienter skickas hem och v\u00e5rdplatser frig\u00f6ras p\u00e5 sjukhusen.","og_url":"https:\/\/wp.kristdemokraterna.se\/vg2\/infor-vardteam-i-hemmet\/","og_site_name":"Kristdemokraterna | V\u00e4stra G\u00f6taland","article_published_time":"2017-01-30T07:42:51+00:00","og_image":[{"width":471,"height":262,"url":"https:\/\/wp.kristdemokraterna.se\/vg2\/files\/2016\/05\/vard-bild-e1582966956642.jpg","type":"image\/jpeg"}],"author":"vg2","twitter_card":"summary_large_image","twitter_misc":{"Skriven av":"vg2","Ber\u00e4knad l\u00e4stid":"2 minuter"},"schema":{"@context":"https:\/\/schema.org","@graph":[{"@type":"Article","@id":"https:\/\/wp.kristdemokraterna.se\/vg2\/infor-vardteam-i-hemmet\/#article","isPartOf":{"@id":"https:\/\/wp.kristdemokraterna.se\/vg2\/infor-vardteam-i-hemmet\/"},"author":{"name":"vg2","@id":"https:\/\/wp.kristdemokraterna.se\/vg2\/#\/schema\/person\/0f6c60ed4a56428733155da1d4f48e25"},"headline":"Inf\u00f6r v\u00e5rdteam i hemmet","datePublished":"2017-01-30T07:42:51+00:00","mainEntityOfPage":{"@id":"https:\/\/wp.kristdemokraterna.se\/vg2\/infor-vardteam-i-hemmet\/"},"wordCount":486,"image":{"@id":"https:\/\/wp.kristdemokraterna.se\/vg2\/infor-vardteam-i-hemmet\/#primaryimage"},"thumbnailUrl":"https:\/\/wp.kristdemokraterna.se\/vg2\/files\/2016\/05\/vard-bild-e1582966956642.jpg","keywords":["G\u00f6teborg","H\u00e4lso- och sjukv\u00e5rd","v\u00e5rdteam"],"articleSection":["Debattartiklar","H\u00e4lso- och sjukv\u00e5rd"],"inLanguage":"sv-SE"},{"@type":"WebPage","@id":"https:\/\/wp.kristdemokraterna.se\/vg2\/infor-vardteam-i-hemmet\/","url":"https:\/\/wp.kristdemokraterna.se\/vg2\/infor-vardteam-i-hemmet\/","name":"Inf\u00f6r v\u00e5rdteam i hemmet - Kristdemokraterna | V\u00e4stra G\u00f6taland","isPartOf":{"@id":"https:\/\/wp.kristdemokraterna.se\/vg2\/#website"},"primaryImageOfPage":{"@id":"https:\/\/wp.kristdemokraterna.se\/vg2\/infor-vardteam-i-hemmet\/#primaryimage"},"image":{"@id":"https:\/\/wp.kristdemokraterna.se\/vg2\/infor-vardteam-i-hemmet\/#primaryimage"},"thumbnailUrl":"https:\/\/wp.kristdemokraterna.se\/vg2\/files\/2016\/05\/vard-bild-e1582966956642.jpg","datePublished":"2017-01-30T07:42:51+00:00","author":{"@id":"https:\/\/wp.kristdemokraterna.se\/vg2\/#\/schema\/person\/0f6c60ed4a56428733155da1d4f48e25"},"breadcrumb":{"@id":"https:\/\/wp.kristdemokraterna.se\/vg2\/infor-vardteam-i-hemmet\/#breadcrumb"},"inLanguage":"sv-SE","potentialAction":[{"@type":"ReadAction","target":["https:\/\/wp.kristdemokraterna.se\/vg2\/infor-vardteam-i-hemmet\/"]}]},{"@type":"ImageObject","inLanguage":"sv-SE","@id":"https:\/\/wp.kristdemokraterna.se\/vg2\/infor-vardteam-i-hemmet\/#primaryimage","url":"https:\/\/wp.kristdemokraterna.se\/vg2\/files\/2016\/05\/vard-bild-e1582966956642.jpg","contentUrl":"https:\/\/wp.kristdemokraterna.se\/vg2\/files\/2016\/05\/vard-bild-e1582966956642.jpg","width":471,"height":262},{"@type":"BreadcrumbList","@id":"https:\/\/wp.kristdemokraterna.se\/vg2\/infor-vardteam-i-hemmet\/#breadcrumb","itemListElement":[{"@type":"ListItem","position":1,"name":"Hem","item":"https:\/\/wp.kristdemokraterna.se\/vg2\/"},{"@type":"ListItem","position":2,"name":"Inf\u00f6r v\u00e5rdteam i hemmet"}]},{"@type":"WebSite","@id":"https:\/\/wp.kristdemokraterna.se\/vg2\/#website","url":"https:\/\/wp.kristdemokraterna.se\/vg2\/","name":"Kristdemokraterna | V\u00e4stra G\u00f6taland","description":"\u00c4nnu en webbplats hos Kristdemokraterna","inLanguage":"sv-SE"},{"@type":"Person","@id":"https:\/\/wp.kristdemokraterna.se\/vg2\/#\/schema\/person\/0f6c60ed4a56428733155da1d4f48e25","name":"vg2","image":{"@type":"ImageObject","inLanguage":"sv-SE","@id":"https:\/\/secure.gravatar.com\/avatar\/78e997e768071bc2ed8711b6fa8797041ee2af3c6c40e45683f3ff6396d16f92?s=96&d=mm&r=g","url":"https:\/\/secure.gravatar.com\/avatar\/78e997e768071bc2ed8711b6fa8797041ee2af3c6c40e45683f3ff6396d16f92?s=96&d=mm&r=g","contentUrl":"https:\/\/secure.gravatar.com\/avatar\/78e997e768071bc2ed8711b6fa8797041ee2af3c6c40e45683f3ff6396d16f92?s=96&d=mm&r=g","caption":"vg2"},"url":"https:\/\/wp.kristdemokraterna.se\/vg2\/author\/vg2\/"}]}},"_links":{"self":[{"href":"https:\/\/wp.kristdemokraterna.se\/vg2\/wp-json\/wp\/v2\/posts\/438","targetHints":{"allow":["GET"]}}],"collection":[{"href":"https:\/\/wp.kristdemokraterna.se\/vg2\/wp-json\/wp\/v2\/posts"}],"about":[{"href":"https:\/\/wp.kristdemokraterna.se\/vg2\/wp-json\/wp\/v2\/types\/post"}],"author":[{"embeddable":true,"href":"https:\/\/wp.kristdemokraterna.se\/vg2\/wp-json\/wp\/v2\/users\/963"}],"replies":[{"embeddable":true,"href":"https:\/\/wp.kristdemokraterna.se\/vg2\/wp-json\/wp\/v2\/comments?post=438"}],"version-history":[{"count":1,"href":"https:\/\/wp.kristdemokraterna.se\/vg2\/wp-json\/wp\/v2\/posts\/438\/revisions"}],"predecessor-version":[{"id":439,"href":"https:\/\/wp.kristdemokraterna.se\/vg2\/wp-json\/wp\/v2\/posts\/438\/revisions\/439"}],"wp:featuredmedia":[{"embeddable":true,"href":"https:\/\/wp.kristdemokraterna.se\/vg2\/wp-json\/wp\/v2\/media\/255"}],"wp:attachment":[{"href":"https:\/\/wp.kristdemokraterna.se\/vg2\/wp-json\/wp\/v2\/media?parent=438"}],"wp:term":[{"taxonomy":"category","embeddable":true,"href":"https:\/\/wp.kristdemokraterna.se\/vg2\/wp-json\/wp\/v2\/categories?post=438"},{"taxonomy":"post_tag","embeddable":true,"href":"https:\/\/wp.kristdemokraterna.se\/vg2\/wp-json\/wp\/v2\/tags?post=438"}],"curies":[{"name":"wp","href":"https:\/\/api.w.org\/{rel}","templated":true}]}}