{"id":467,"date":"2017-02-08T15:14:53","date_gmt":"2017-02-08T14:14:53","guid":{"rendered":"http:\/\/wp.kristdemokraterna.se\/vg2\/?p=467"},"modified":"2017-02-08T15:14:53","modified_gmt":"2017-02-08T14:14:53","slug":"gronbla-samverkan-lamnar-remissvar-pa-utredningen-ordning-och-reda-i-valfarden","status":"publish","type":"post","link":"https:\/\/wp.kristdemokraterna.se\/vg2\/gronbla-samverkan-lamnar-remissvar-pa-utredningen-ordning-och-reda-i-valfarden\/","title":{"rendered":"Gr\u00f6nBl\u00e5 Samverkan l\u00e4mnar remissvar p\u00e5 utredningen Ordning och reda i v\u00e4lf\u00e4rden"},"content":{"rendered":"<p><strong>Pressmeddelande<\/strong><br \/>\nGr\u00f6nBl\u00e5 Samverkan har beslutat sig f\u00f6r att ta fram ett remissvar p\u00e5 den statliga utredningen Ordning och reda i v\u00e4lf\u00e4rden. V\u00e4stra G\u00f6talandsregionen utg\u00f6r egentligen inte remissinstans, men d\u00e5 den politiska majoriteten i regionen anser att utredningen ber\u00f6r ett omr\u00e5de som V\u00e4stra G\u00f6talandsregionen ansvarar f\u00f6r, h\u00e4lso- och sjukv\u00e5rd, s\u00e5 finner man det \u00e4nd\u00e5 viktigt att ta fram ett remissvar.<\/p>\n<p>I nuvarande stadie \u00e4r remissvaret ett utkast som kommer att tas upp som ett yrkande fr\u00e5n Gr\u00f6nBl\u00e5 Samverkan p\u00e5 n\u00e4stkommande sammantr\u00e4de i regionstyrelsen den 21 februari.<br \/>\n<!--more--><\/p>\n<p><strong>Utkast till remissvar<\/strong><br \/>\nSom h\u00e4lso- och sjukv\u00e5rdshuvudman fokuserar V\u00e4stra G\u00f6talandsregionen p\u00e5 \u00f6kad tillg\u00e4nglighet, b\u00e4ttre kvalitet och ett gott bem\u00f6tande. Det \u00e4r d\u00e4r som v\u00e5rdens fr\u00e4msta utmaningar ligger &#8211; inte i att det finns privata v\u00e5rdgivare som tar ut vinst. Vinster och budget\u00f6verskott som genereras genom avvikelser i kvalitet och tillg\u00e4nglighet \u00e4r dock l\u00e5ngsiktigt oacceptabelt, oavsett v\u00e5rdgivare.<\/p>\n<p>V\u00e4stra G\u00f6talandsregionen vill betona den samh\u00e4llsekonomiska vikten av att arbeta med aktiv kvalitetsutveckling och med att f\u00f6lja upp utfallsm\u00e5tt som m\u00e4ter kvalitet och det v\u00e4rde som v\u00e5rden skapar f\u00f6r patienten Detta g\u00e4ller oavsett om v\u00e5rden drivs i privat eller offentlig regi. Ett st\u00e4rkt kvalitetsfokus \u00e4r en b\u00e4ttre metod att minska osk\u00e4liga vinstuttag \u00e4n att inf\u00f6ra fasta vinsttak.<\/p>\n<p>V\u00e4stra G\u00f6talandsregionen har inga ambitioner att l\u00e5ngsiktigt f\u00f6r\u00e4ndra dagens struktur pr\u00e4glad av ett utbud av s\u00e5v\u00e4l offentliga som privata v\u00e5rdutf\u00f6rare. V\u00e4stra G\u00f6talandsregionens m\u00e5l \u00e4r att skapa en personcentrerad v\u00e5rd, driven i s\u00e5v\u00e4l offentlig som privat regi, som skapar v\u00e4rde f\u00f6r patienten. Erfarenheterna fr\u00e5n v\u00e5rdvalet inom prim\u00e4rv\u00e5rden \u00e4r mycket goda liksom erfarenheterna av att upphandla v\u00e5rd p\u00e5 Lundby sjukhus och p\u00e5 de tre lokala specialistsjukhusen i Norra Bohusl\u00e4n och Dalsland. Mixen av s\u00e5v\u00e4l offentliga som privata utf\u00f6rare har skapat utvecklingskraft och framtidstro f\u00f6r b\u00e5de de privata och offentliga v\u00e5rdgivarna i omr\u00e5det.<\/p>\n<p>V\u00e4stra G\u00f6talandsregionen fr\u00e4mjar g\u00e4rna id\u00e9burna verksamheter genom s\u00e5v\u00e4l LOV, LOU som IOP- l\u00f6sningar.<br \/>\nDen prim\u00e4ra utmaningen f\u00f6r V\u00e4stra G\u00f6talandsregionen de n\u00e4rmaste \u00e5ren \u00e4r att l\u00f6sa problem med tillg\u00e4nglighet, liksom brister i kvalitet och bem\u00f6tande. V\u00e4stra G\u00f6talandsregionen konstaterar att det kommer att kr\u00e4vas avtal med privata v\u00e5rdgivare f\u00f6r att klara utmaningar om tillg\u00e4nglighet och innovation kring ett personcentrerat f\u00f6rh\u00e5llningss\u00e4tt. Det \u00e4r ett s\u00e5dant arbetss\u00e4tt som i slut\u00e4ndan skapar v\u00e4rde f\u00f6r den enskilda patienten.<\/p>\n<p>F\u00f6rslagen i utredningen riskerar att direkt drabba patienter och brukare i V\u00e4stra G\u00f6talandsregionen. Den begr\u00e4nsning av vinstuttag som f\u00f6resl\u00e5s riskerar att skapa en minskad tillg\u00e5ng till alternativa v\u00e5rdgivare och d\u00e4rmed en f\u00f6rs\u00e4mrad tillg\u00e4nglighet. Det skulle \u00e4ven negativt p\u00e5verka V\u00e4stra G\u00f6talandsregionens m\u00f6jligheter att n\u00e5 framg\u00e5ng i det aktiva och m\u00e5lmedvetna omst\u00e4llningsarbete som bedrivs, fr\u00e5n en alltf\u00f6r sjukhusfokuserad h\u00e4lso- och sjukv\u00e5rd till en mer n\u00e4ra v\u00e5rd, i m\u00e5nga fall utf\u00f6rd i patientens hem.<\/p>\n<p>V\u00e4stra G\u00f6talandsregionen konstaterar avslutningsvis att utredningen inte fullt ut belyser konsekvenserna av de framlagda f\u00f6rslagen avseende tak f\u00f6r vinstutdelning, till exempel risken att sm\u00e5 f\u00f6retag drabbas h\u00e5rdare \u00e4n stora sjukv\u00e5rdskoncerner.<\/p>\n<p>Sjukv\u00e5rdens organisering och finansiering \u00e4r en mycket strategisk fr\u00e5ga sett i f\u00f6rh\u00e5llande till de utmaningar som sjukv\u00e5rden st\u00e5r inf\u00f6r. Stora strukturella f\u00f6r\u00e4ndringar s\u00e5v\u00e4l inom sjukv\u00e5rden, som i samh\u00e4llet i stort och den demografiska utvecklingen i Sverige kommer sammantaget utmana de offentliga resurserna. Samtidigt finns inte s\u00e4llan ett samband mellan god kvalit\u00e9 och l\u00e5ga kostnader. Att d\u00e5 initiera en lagstiftning som syftar till att tvinga upp kostnadsl\u00e4get inom v\u00e4lfungerande verksamheter f\u00f6refaller ogenomt\u00e4nkt med tanke p\u00e5 de utmaningar v\u00e4lf\u00e4rden och sjukv\u00e5rden st\u00e5r inf\u00f6r.<\/p>\n","protected":false},"excerpt":{"rendered":"<p>Pressmeddelande Gr\u00f6nBl\u00e5 Samverkan har beslutat sig f\u00f6r att ta fram ett remissvar p\u00e5 den statliga utredningen Ordning och reda i v\u00e4lf\u00e4rden. V\u00e4stra G\u00f6talandsregionen utg\u00f6r egentligen inte remissinstans, men d\u00e5 den politiska majoriteten i regionen anser att utredningen ber\u00f6r ett omr\u00e5de som V\u00e4stra G\u00f6talandsregionen ansvarar f\u00f6r, h\u00e4lso- och sjukv\u00e5rd, s\u00e5 finner man det \u00e4nd\u00e5 viktigt att <a class=\"read-more-link\" href=\"https:\/\/wp.kristdemokraterna.se\/vg2\/gronbla-samverkan-lamnar-remissvar-pa-utredningen-ordning-och-reda-i-valfarden\/\">L\u00e4s mer<\/a><\/p>\n","protected":false},"author":963,"featured_media":255,"comment_status":"closed","ping_status":"closed","sticky":false,"template":"","format":"standard","meta":{"_acf_changed":false,"footnotes":""},"categories":[9,6],"tags":[12,67],"class_list":["post-467","post","type-post","status-publish","format-standard","hentry","category-halso-och-sjukvard","category-http-wp-kristdemokraterna-se-vg-pressmeddelanden","tag-halso-och-sjukvard","tag-utredning"],"acf":[],"yoast_head":"<!-- This site is optimized with the Yoast SEO plugin v27.4 - https:\/\/yoast.com\/product\/yoast-seo-wordpress\/ -->\n<title>Gr\u00f6nBl\u00e5 Samverkan l\u00e4mnar remissvar p\u00e5 utredningen Ordning och reda i v\u00e4lf\u00e4rden - Kristdemokraterna | V\u00e4stra G\u00f6taland<\/title>\n<meta name=\"robots\" content=\"index, follow, max-snippet:-1, max-image-preview:large, max-video-preview:-1\" \/>\n<link rel=\"canonical\" href=\"https:\/\/wp.kristdemokraterna.se\/vg2\/gronbla-samverkan-lamnar-remissvar-pa-utredningen-ordning-och-reda-i-valfarden\/\" \/>\n<meta property=\"og:locale\" content=\"sv_SE\" \/>\n<meta property=\"og:type\" content=\"article\" \/>\n<meta property=\"og:title\" content=\"Gr\u00f6nBl\u00e5 Samverkan l\u00e4mnar remissvar p\u00e5 utredningen Ordning och reda i v\u00e4lf\u00e4rden - Kristdemokraterna | V\u00e4stra G\u00f6taland\" \/>\n<meta property=\"og:description\" content=\"Pressmeddelande Gr\u00f6nBl\u00e5 Samverkan har beslutat sig f\u00f6r att ta fram ett remissvar p\u00e5 den statliga utredningen Ordning och reda i v\u00e4lf\u00e4rden. V\u00e4stra G\u00f6talandsregionen utg\u00f6r egentligen inte remissinstans, men d\u00e5 den politiska majoriteten i regionen anser att utredningen ber\u00f6r ett omr\u00e5de som V\u00e4stra G\u00f6talandsregionen ansvarar f\u00f6r, h\u00e4lso- och sjukv\u00e5rd, s\u00e5 finner man det \u00e4nd\u00e5 viktigt att L\u00e4s mer\" \/>\n<meta property=\"og:url\" content=\"https:\/\/wp.kristdemokraterna.se\/vg2\/gronbla-samverkan-lamnar-remissvar-pa-utredningen-ordning-och-reda-i-valfarden\/\" \/>\n<meta property=\"og:site_name\" content=\"Kristdemokraterna | V\u00e4stra G\u00f6taland\" \/>\n<meta property=\"article:published_time\" content=\"2017-02-08T14:14:53+00:00\" \/>\n<meta property=\"og:image\" content=\"https:\/\/wp.kristdemokraterna.se\/vg2\/files\/2016\/05\/vard-bild-e1582966956642.jpg\" \/>\n\t<meta property=\"og:image:width\" content=\"471\" \/>\n\t<meta property=\"og:image:height\" content=\"262\" \/>\n\t<meta property=\"og:image:type\" content=\"image\/jpeg\" \/>\n<meta name=\"author\" content=\"vg2\" \/>\n<meta name=\"twitter:card\" content=\"summary_large_image\" \/>\n<meta name=\"twitter:label1\" content=\"Skriven av\" \/>\n\t<meta name=\"twitter:data1\" content=\"vg2\" \/>\n\t<meta name=\"twitter:label2\" content=\"Ber\u00e4knad l\u00e4stid\" \/>\n\t<meta name=\"twitter:data2\" content=\"4 minuter\" \/>\n<script type=\"application\/ld+json\" class=\"yoast-schema-graph\">{\"@context\":\"https:\\\/\\\/schema.org\",\"@graph\":[{\"@type\":\"Article\",\"@id\":\"https:\\\/\\\/wp.kristdemokraterna.se\\\/vg2\\\/gronbla-samverkan-lamnar-remissvar-pa-utredningen-ordning-och-reda-i-valfarden\\\/#article\",\"isPartOf\":{\"@id\":\"https:\\\/\\\/wp.kristdemokraterna.se\\\/vg2\\\/gronbla-samverkan-lamnar-remissvar-pa-utredningen-ordning-och-reda-i-valfarden\\\/\"},\"author\":{\"name\":\"vg2\",\"@id\":\"https:\\\/\\\/wp.kristdemokraterna.se\\\/vg2\\\/#\\\/schema\\\/person\\\/0f6c60ed4a56428733155da1d4f48e25\"},\"headline\":\"Gr\u00f6nBl\u00e5 Samverkan l\u00e4mnar remissvar p\u00e5 utredningen Ordning och reda i v\u00e4lf\u00e4rden\",\"datePublished\":\"2017-02-08T14:14:53+00:00\",\"mainEntityOfPage\":{\"@id\":\"https:\\\/\\\/wp.kristdemokraterna.se\\\/vg2\\\/gronbla-samverkan-lamnar-remissvar-pa-utredningen-ordning-och-reda-i-valfarden\\\/\"},\"wordCount\":723,\"image\":{\"@id\":\"https:\\\/\\\/wp.kristdemokraterna.se\\\/vg2\\\/gronbla-samverkan-lamnar-remissvar-pa-utredningen-ordning-och-reda-i-valfarden\\\/#primaryimage\"},\"thumbnailUrl\":\"https:\\\/\\\/wp.kristdemokraterna.se\\\/vg2\\\/files\\\/2016\\\/05\\\/vard-bild-e1582966956642.jpg\",\"keywords\":[\"H\u00e4lso- och sjukv\u00e5rd\",\"utredning\"],\"articleSection\":[\"H\u00e4lso- och sjukv\u00e5rd\",\"Pressmeddelanden\"],\"inLanguage\":\"sv-SE\"},{\"@type\":\"WebPage\",\"@id\":\"https:\\\/\\\/wp.kristdemokraterna.se\\\/vg2\\\/gronbla-samverkan-lamnar-remissvar-pa-utredningen-ordning-och-reda-i-valfarden\\\/\",\"url\":\"https:\\\/\\\/wp.kristdemokraterna.se\\\/vg2\\\/gronbla-samverkan-lamnar-remissvar-pa-utredningen-ordning-och-reda-i-valfarden\\\/\",\"name\":\"Gr\u00f6nBl\u00e5 Samverkan l\u00e4mnar remissvar p\u00e5 utredningen Ordning och reda i v\u00e4lf\u00e4rden - Kristdemokraterna | V\u00e4stra G\u00f6taland\",\"isPartOf\":{\"@id\":\"https:\\\/\\\/wp.kristdemokraterna.se\\\/vg2\\\/#website\"},\"primaryImageOfPage\":{\"@id\":\"https:\\\/\\\/wp.kristdemokraterna.se\\\/vg2\\\/gronbla-samverkan-lamnar-remissvar-pa-utredningen-ordning-och-reda-i-valfarden\\\/#primaryimage\"},\"image\":{\"@id\":\"https:\\\/\\\/wp.kristdemokraterna.se\\\/vg2\\\/gronbla-samverkan-lamnar-remissvar-pa-utredningen-ordning-och-reda-i-valfarden\\\/#primaryimage\"},\"thumbnailUrl\":\"https:\\\/\\\/wp.kristdemokraterna.se\\\/vg2\\\/files\\\/2016\\\/05\\\/vard-bild-e1582966956642.jpg\",\"datePublished\":\"2017-02-08T14:14:53+00:00\",\"author\":{\"@id\":\"https:\\\/\\\/wp.kristdemokraterna.se\\\/vg2\\\/#\\\/schema\\\/person\\\/0f6c60ed4a56428733155da1d4f48e25\"},\"breadcrumb\":{\"@id\":\"https:\\\/\\\/wp.kristdemokraterna.se\\\/vg2\\\/gronbla-samverkan-lamnar-remissvar-pa-utredningen-ordning-och-reda-i-valfarden\\\/#breadcrumb\"},\"inLanguage\":\"sv-SE\",\"potentialAction\":[{\"@type\":\"ReadAction\",\"target\":[\"https:\\\/\\\/wp.kristdemokraterna.se\\\/vg2\\\/gronbla-samverkan-lamnar-remissvar-pa-utredningen-ordning-och-reda-i-valfarden\\\/\"]}]},{\"@type\":\"ImageObject\",\"inLanguage\":\"sv-SE\",\"@id\":\"https:\\\/\\\/wp.kristdemokraterna.se\\\/vg2\\\/gronbla-samverkan-lamnar-remissvar-pa-utredningen-ordning-och-reda-i-valfarden\\\/#primaryimage\",\"url\":\"https:\\\/\\\/wp.kristdemokraterna.se\\\/vg2\\\/files\\\/2016\\\/05\\\/vard-bild-e1582966956642.jpg\",\"contentUrl\":\"https:\\\/\\\/wp.kristdemokraterna.se\\\/vg2\\\/files\\\/2016\\\/05\\\/vard-bild-e1582966956642.jpg\",\"width\":471,\"height\":262},{\"@type\":\"BreadcrumbList\",\"@id\":\"https:\\\/\\\/wp.kristdemokraterna.se\\\/vg2\\\/gronbla-samverkan-lamnar-remissvar-pa-utredningen-ordning-och-reda-i-valfarden\\\/#breadcrumb\",\"itemListElement\":[{\"@type\":\"ListItem\",\"position\":1,\"name\":\"Hem\",\"item\":\"https:\\\/\\\/wp.kristdemokraterna.se\\\/vg2\\\/\"},{\"@type\":\"ListItem\",\"position\":2,\"name\":\"Gr\u00f6nBl\u00e5 Samverkan l\u00e4mnar remissvar p\u00e5 utredningen Ordning och reda i v\u00e4lf\u00e4rden\"}]},{\"@type\":\"WebSite\",\"@id\":\"https:\\\/\\\/wp.kristdemokraterna.se\\\/vg2\\\/#website\",\"url\":\"https:\\\/\\\/wp.kristdemokraterna.se\\\/vg2\\\/\",\"name\":\"Kristdemokraterna | V\u00e4stra G\u00f6taland\",\"description\":\"\u00c4nnu en webbplats hos Kristdemokraterna\",\"inLanguage\":\"sv-SE\"},{\"@type\":\"Person\",\"@id\":\"https:\\\/\\\/wp.kristdemokraterna.se\\\/vg2\\\/#\\\/schema\\\/person\\\/0f6c60ed4a56428733155da1d4f48e25\",\"name\":\"vg2\",\"image\":{\"@type\":\"ImageObject\",\"inLanguage\":\"sv-SE\",\"@id\":\"https:\\\/\\\/secure.gravatar.com\\\/avatar\\\/78e997e768071bc2ed8711b6fa8797041ee2af3c6c40e45683f3ff6396d16f92?s=96&d=mm&r=g\",\"url\":\"https:\\\/\\\/secure.gravatar.com\\\/avatar\\\/78e997e768071bc2ed8711b6fa8797041ee2af3c6c40e45683f3ff6396d16f92?s=96&d=mm&r=g\",\"contentUrl\":\"https:\\\/\\\/secure.gravatar.com\\\/avatar\\\/78e997e768071bc2ed8711b6fa8797041ee2af3c6c40e45683f3ff6396d16f92?s=96&d=mm&r=g\",\"caption\":\"vg2\"},\"url\":\"https:\\\/\\\/wp.kristdemokraterna.se\\\/vg2\\\/author\\\/vg2\\\/\"}]}<\/script>\n<!-- \/ Yoast SEO plugin. -->","yoast_head_json":{"title":"Gr\u00f6nBl\u00e5 Samverkan l\u00e4mnar remissvar p\u00e5 utredningen Ordning och reda i v\u00e4lf\u00e4rden - Kristdemokraterna | V\u00e4stra G\u00f6taland","robots":{"index":"index","follow":"follow","max-snippet":"max-snippet:-1","max-image-preview":"max-image-preview:large","max-video-preview":"max-video-preview:-1"},"canonical":"https:\/\/wp.kristdemokraterna.se\/vg2\/gronbla-samverkan-lamnar-remissvar-pa-utredningen-ordning-och-reda-i-valfarden\/","og_locale":"sv_SE","og_type":"article","og_title":"Gr\u00f6nBl\u00e5 Samverkan l\u00e4mnar remissvar p\u00e5 utredningen Ordning och reda i v\u00e4lf\u00e4rden - Kristdemokraterna | V\u00e4stra G\u00f6taland","og_description":"Pressmeddelande Gr\u00f6nBl\u00e5 Samverkan har beslutat sig f\u00f6r att ta fram ett remissvar p\u00e5 den statliga utredningen Ordning och reda i v\u00e4lf\u00e4rden. V\u00e4stra G\u00f6talandsregionen utg\u00f6r egentligen inte remissinstans, men d\u00e5 den politiska majoriteten i regionen anser att utredningen ber\u00f6r ett omr\u00e5de som V\u00e4stra G\u00f6talandsregionen ansvarar f\u00f6r, h\u00e4lso- och sjukv\u00e5rd, s\u00e5 finner man det \u00e4nd\u00e5 viktigt att L\u00e4s mer","og_url":"https:\/\/wp.kristdemokraterna.se\/vg2\/gronbla-samverkan-lamnar-remissvar-pa-utredningen-ordning-och-reda-i-valfarden\/","og_site_name":"Kristdemokraterna | V\u00e4stra G\u00f6taland","article_published_time":"2017-02-08T14:14:53+00:00","og_image":[{"width":471,"height":262,"url":"https:\/\/wp.kristdemokraterna.se\/vg2\/files\/2016\/05\/vard-bild-e1582966956642.jpg","type":"image\/jpeg"}],"author":"vg2","twitter_card":"summary_large_image","twitter_misc":{"Skriven av":"vg2","Ber\u00e4knad l\u00e4stid":"4 minuter"},"schema":{"@context":"https:\/\/schema.org","@graph":[{"@type":"Article","@id":"https:\/\/wp.kristdemokraterna.se\/vg2\/gronbla-samverkan-lamnar-remissvar-pa-utredningen-ordning-och-reda-i-valfarden\/#article","isPartOf":{"@id":"https:\/\/wp.kristdemokraterna.se\/vg2\/gronbla-samverkan-lamnar-remissvar-pa-utredningen-ordning-och-reda-i-valfarden\/"},"author":{"name":"vg2","@id":"https:\/\/wp.kristdemokraterna.se\/vg2\/#\/schema\/person\/0f6c60ed4a56428733155da1d4f48e25"},"headline":"Gr\u00f6nBl\u00e5 Samverkan l\u00e4mnar remissvar p\u00e5 utredningen Ordning och reda i v\u00e4lf\u00e4rden","datePublished":"2017-02-08T14:14:53+00:00","mainEntityOfPage":{"@id":"https:\/\/wp.kristdemokraterna.se\/vg2\/gronbla-samverkan-lamnar-remissvar-pa-utredningen-ordning-och-reda-i-valfarden\/"},"wordCount":723,"image":{"@id":"https:\/\/wp.kristdemokraterna.se\/vg2\/gronbla-samverkan-lamnar-remissvar-pa-utredningen-ordning-och-reda-i-valfarden\/#primaryimage"},"thumbnailUrl":"https:\/\/wp.kristdemokraterna.se\/vg2\/files\/2016\/05\/vard-bild-e1582966956642.jpg","keywords":["H\u00e4lso- och sjukv\u00e5rd","utredning"],"articleSection":["H\u00e4lso- och sjukv\u00e5rd","Pressmeddelanden"],"inLanguage":"sv-SE"},{"@type":"WebPage","@id":"https:\/\/wp.kristdemokraterna.se\/vg2\/gronbla-samverkan-lamnar-remissvar-pa-utredningen-ordning-och-reda-i-valfarden\/","url":"https:\/\/wp.kristdemokraterna.se\/vg2\/gronbla-samverkan-lamnar-remissvar-pa-utredningen-ordning-och-reda-i-valfarden\/","name":"Gr\u00f6nBl\u00e5 Samverkan l\u00e4mnar remissvar p\u00e5 utredningen Ordning och reda i v\u00e4lf\u00e4rden - Kristdemokraterna | V\u00e4stra G\u00f6taland","isPartOf":{"@id":"https:\/\/wp.kristdemokraterna.se\/vg2\/#website"},"primaryImageOfPage":{"@id":"https:\/\/wp.kristdemokraterna.se\/vg2\/gronbla-samverkan-lamnar-remissvar-pa-utredningen-ordning-och-reda-i-valfarden\/#primaryimage"},"image":{"@id":"https:\/\/wp.kristdemokraterna.se\/vg2\/gronbla-samverkan-lamnar-remissvar-pa-utredningen-ordning-och-reda-i-valfarden\/#primaryimage"},"thumbnailUrl":"https:\/\/wp.kristdemokraterna.se\/vg2\/files\/2016\/05\/vard-bild-e1582966956642.jpg","datePublished":"2017-02-08T14:14:53+00:00","author":{"@id":"https:\/\/wp.kristdemokraterna.se\/vg2\/#\/schema\/person\/0f6c60ed4a56428733155da1d4f48e25"},"breadcrumb":{"@id":"https:\/\/wp.kristdemokraterna.se\/vg2\/gronbla-samverkan-lamnar-remissvar-pa-utredningen-ordning-och-reda-i-valfarden\/#breadcrumb"},"inLanguage":"sv-SE","potentialAction":[{"@type":"ReadAction","target":["https:\/\/wp.kristdemokraterna.se\/vg2\/gronbla-samverkan-lamnar-remissvar-pa-utredningen-ordning-och-reda-i-valfarden\/"]}]},{"@type":"ImageObject","inLanguage":"sv-SE","@id":"https:\/\/wp.kristdemokraterna.se\/vg2\/gronbla-samverkan-lamnar-remissvar-pa-utredningen-ordning-och-reda-i-valfarden\/#primaryimage","url":"https:\/\/wp.kristdemokraterna.se\/vg2\/files\/2016\/05\/vard-bild-e1582966956642.jpg","contentUrl":"https:\/\/wp.kristdemokraterna.se\/vg2\/files\/2016\/05\/vard-bild-e1582966956642.jpg","width":471,"height":262},{"@type":"BreadcrumbList","@id":"https:\/\/wp.kristdemokraterna.se\/vg2\/gronbla-samverkan-lamnar-remissvar-pa-utredningen-ordning-och-reda-i-valfarden\/#breadcrumb","itemListElement":[{"@type":"ListItem","position":1,"name":"Hem","item":"https:\/\/wp.kristdemokraterna.se\/vg2\/"},{"@type":"ListItem","position":2,"name":"Gr\u00f6nBl\u00e5 Samverkan l\u00e4mnar remissvar p\u00e5 utredningen Ordning och reda i v\u00e4lf\u00e4rden"}]},{"@type":"WebSite","@id":"https:\/\/wp.kristdemokraterna.se\/vg2\/#website","url":"https:\/\/wp.kristdemokraterna.se\/vg2\/","name":"Kristdemokraterna | V\u00e4stra G\u00f6taland","description":"\u00c4nnu en webbplats hos Kristdemokraterna","inLanguage":"sv-SE"},{"@type":"Person","@id":"https:\/\/wp.kristdemokraterna.se\/vg2\/#\/schema\/person\/0f6c60ed4a56428733155da1d4f48e25","name":"vg2","image":{"@type":"ImageObject","inLanguage":"sv-SE","@id":"https:\/\/secure.gravatar.com\/avatar\/78e997e768071bc2ed8711b6fa8797041ee2af3c6c40e45683f3ff6396d16f92?s=96&d=mm&r=g","url":"https:\/\/secure.gravatar.com\/avatar\/78e997e768071bc2ed8711b6fa8797041ee2af3c6c40e45683f3ff6396d16f92?s=96&d=mm&r=g","contentUrl":"https:\/\/secure.gravatar.com\/avatar\/78e997e768071bc2ed8711b6fa8797041ee2af3c6c40e45683f3ff6396d16f92?s=96&d=mm&r=g","caption":"vg2"},"url":"https:\/\/wp.kristdemokraterna.se\/vg2\/author\/vg2\/"}]}},"_links":{"self":[{"href":"https:\/\/wp.kristdemokraterna.se\/vg2\/wp-json\/wp\/v2\/posts\/467","targetHints":{"allow":["GET"]}}],"collection":[{"href":"https:\/\/wp.kristdemokraterna.se\/vg2\/wp-json\/wp\/v2\/posts"}],"about":[{"href":"https:\/\/wp.kristdemokraterna.se\/vg2\/wp-json\/wp\/v2\/types\/post"}],"author":[{"embeddable":true,"href":"https:\/\/wp.kristdemokraterna.se\/vg2\/wp-json\/wp\/v2\/users\/963"}],"replies":[{"embeddable":true,"href":"https:\/\/wp.kristdemokraterna.se\/vg2\/wp-json\/wp\/v2\/comments?post=467"}],"version-history":[{"count":2,"href":"https:\/\/wp.kristdemokraterna.se\/vg2\/wp-json\/wp\/v2\/posts\/467\/revisions"}],"predecessor-version":[{"id":469,"href":"https:\/\/wp.kristdemokraterna.se\/vg2\/wp-json\/wp\/v2\/posts\/467\/revisions\/469"}],"wp:featuredmedia":[{"embeddable":true,"href":"https:\/\/wp.kristdemokraterna.se\/vg2\/wp-json\/wp\/v2\/media\/255"}],"wp:attachment":[{"href":"https:\/\/wp.kristdemokraterna.se\/vg2\/wp-json\/wp\/v2\/media?parent=467"}],"wp:term":[{"taxonomy":"category","embeddable":true,"href":"https:\/\/wp.kristdemokraterna.se\/vg2\/wp-json\/wp\/v2\/categories?post=467"},{"taxonomy":"post_tag","embeddable":true,"href":"https:\/\/wp.kristdemokraterna.se\/vg2\/wp-json\/wp\/v2\/tags?post=467"}],"curies":[{"name":"wp","href":"https:\/\/api.w.org\/{rel}","templated":true}]}}