{"id":530,"date":"2017-05-09T10:17:06","date_gmt":"2017-05-09T08:17:06","guid":{"rendered":"http:\/\/wp.kristdemokraterna.se\/vg2\/?p=530"},"modified":"2017-05-09T10:17:06","modified_gmt":"2017-05-09T08:17:06","slug":"bojkott-en-populistisk-ide-som-sar-split","status":"publish","type":"post","link":"https:\/\/wp.kristdemokraterna.se\/vg2\/bojkott-en-populistisk-ide-som-sar-split\/","title":{"rendered":"Bojkott en populistisk id\u00e9 som s\u00e5r split"},"content":{"rendered":"<p><strong>Debattartikel GP &#8211; Conny Br\u00e4nnberg (KD) och Lars Nordstr\u00f6m (L)<\/strong><br \/>\nAlex Bergstr\u00f6m (S) vill att V\u00e4stra G\u00f6talandsregionen ska avst\u00e5 fr\u00e5n att delta p\u00e5 Bokm\u00e4ssan. Men att politisera m\u00e4ssan och splittra partiernas h\u00e5llning att st\u00e4ndigt arbeta med att f\u00f6rsvara och bef\u00e4sta demokratin leder s\u00e4llan till n\u00e5got fruktbart.<br \/>\n<!--more--><\/p>\n<p>Bok- och biblioteksm\u00e4ssan \u00e4r en av regionens st\u00f6rsta och viktigaste p\u00e5verkansarenor. Vi som ansvarar f\u00f6r V\u00e4stra G\u00f6talandsregionens kulturpolitik har god erfarenhet av m\u00e4ssans betydelse inte bara f\u00f6r litteraturens roll och st\u00e4llning, utan ocks\u00e5 vikten av att v\u00e4rna de grundl\u00e4ggande demokratiska v\u00e4rderingarna.<\/p>\n<p>Att regionen \u00e4r en synlig och aktiv part i samtal och debatter \u00e4r f\u00f6r oss en sj\u00e4lvklarhet. Ledningen f\u00f6r Bok- och biblioteksm\u00e4ssan avg\u00f6r vilka de bjuder in och de g\u00f6r en noggrann pr\u00f6vning av de som medverkar. Vi f\u00f6ruts\u00e4tter att inga olagliga uttryck f\u00f6rekommer.<\/p>\n<p>Alex Bergstr\u00f6m (S), en av de tyngsta socialdemokratiska politikerna i V\u00e4stsverige, vill att regionen ska avst\u00e5 fr\u00e5n att delta i \u00e5rets utst\u00e4llning, seminarier och arrangemang. Detta \u00e4r ett f\u00f6rs\u00f6k att politisera m\u00e4ssan och en ambition att splittra partiernas h\u00e5llning. Vi menar att vi st\u00e4ndigt m\u00e5ste arbeta med att f\u00f6rsvara och bef\u00e4sta demokratin. Menar socialdemokraterna att det b\u00e4sta samtalet f\u00f6rs i olika hus i st\u00e4llet f\u00f6r att vi deltar i det gemensamma samtalet p\u00e5 m\u00e4ssan? \u00c4r det d\u00e5 inte en uppenbar risk att vi snarare sitter i olika hus och talar om varandra, i st\u00e4llet f\u00f6r att m\u00f6tas och prata med varandra?<\/p>\n<p>Vi \u00e4r oroade f\u00f6r populistiska id\u00e9er och utspel. De leder s\u00e4llan till n\u00e5got fruktbart, men orsakar ofta splittring.<\/p>\n<p>Vi har uppfattat att Socialdemokraterna i regionen har delat v\u00e5r uppfattning att vi ska v\u00e4rna yttrandefriheten och aktivt delta i olika samtal. Denna nya h\u00e5llning, att helt avst\u00e5 fr\u00e5n deltagande, \u00e4r ett stort steg i en helt annan riktning \u00e4n vi f\u00f6rv\u00e4ntade oss av regionr\u00e5det.<\/p>\n<p>Det socialdemokratiska partiet har bokat plats p\u00e5 Bok- och biblioteksm\u00e4ssan. Hade det inte varit b\u00e4ttre att Alex Bergstr\u00f6m kritiserat sina egna led? Vi kan inte f\u00f6rst\u00e5 varf\u00f6r partiet ska vara d\u00e4r, men samtidigt anse att vi andra inte ska delta.<\/p>\n<p>Som f\u00f6retr\u00e4dare f\u00f6r kulturn\u00e4mndens ledning vill vi klarg\u00f6ra att vi har f\u00f6rtroende f\u00f6r de f\u00f6rtroendevalda, tj\u00e4nstepersoner och olika regionala organisationer som vill delta p\u00e5 Bok- och biblioteksm\u00e4ssan. N\u00e5gon rekommendation att avst\u00e5 har vi inte f\u00f6r avsikt att uttala. Snarare tv\u00e4rtom. Mot denna bakgrund \u00f6nskar vi f\u00e5 vi veta om detta \u00e4r Socialdemokraternas inst\u00e4llning eller enbart en personlig rekommendation fr\u00e5n regionr\u00e5det Alex Bergstr\u00f6m (S).<\/p>\n<p><strong>Conny Br\u00e4nnberg (KD)<\/strong><br \/>\nordf\u00f6rande kulturn\u00e4mnden V\u00e4stra G\u00f6talandsregionen<\/p>\n<p><strong>Lars Nordstr\u00f6m (L)<\/strong><br \/>\n1:e vice ordf kulturn\u00e4mnden V\u00e4stra G\u00f6talandsregionen<\/p>\n","protected":false},"excerpt":{"rendered":"<p>Debattartikel GP &#8211; Conny Br\u00e4nnberg (KD) och Lars Nordstr\u00f6m (L) Alex Bergstr\u00f6m (S) vill att V\u00e4stra G\u00f6talandsregionen ska avst\u00e5 fr\u00e5n att delta p\u00e5 Bokm\u00e4ssan. Men att politisera m\u00e4ssan och splittra partiernas h\u00e5llning att st\u00e4ndigt arbeta med att f\u00f6rsvara och bef\u00e4sta demokratin leder s\u00e4llan till n\u00e5got fruktbart.<\/p>\n","protected":false},"author":963,"featured_media":385,"comment_status":"closed","ping_status":"closed","sticky":false,"template":"","format":"standard","meta":{"_acf_changed":false,"footnotes":""},"categories":[10],"tags":[28,14,81],"class_list":["post-530","post","type-post","status-publish","format-standard","hentry","category-kultur","tag-conny-brannberg","tag-kultur","tag-yttrandefrihet"],"acf":[],"yoast_head":"<!-- This site is optimized with the Yoast SEO plugin v27.4 - https:\/\/yoast.com\/product\/yoast-seo-wordpress\/ -->\n<title>Bojkott en populistisk id\u00e9 som s\u00e5r split - Kristdemokraterna | V\u00e4stra G\u00f6taland<\/title>\n<meta name=\"robots\" content=\"index, follow, max-snippet:-1, max-image-preview:large, max-video-preview:-1\" \/>\n<link rel=\"canonical\" href=\"https:\/\/wp.kristdemokraterna.se\/vg2\/bojkott-en-populistisk-ide-som-sar-split\/\" \/>\n<meta property=\"og:locale\" content=\"sv_SE\" \/>\n<meta property=\"og:type\" content=\"article\" \/>\n<meta property=\"og:title\" content=\"Bojkott en populistisk id\u00e9 som s\u00e5r split - Kristdemokraterna | V\u00e4stra G\u00f6taland\" \/>\n<meta property=\"og:description\" content=\"Debattartikel GP &#8211; Conny Br\u00e4nnberg (KD) och Lars Nordstr\u00f6m (L) Alex Bergstr\u00f6m (S) vill att V\u00e4stra G\u00f6talandsregionen ska avst\u00e5 fr\u00e5n att delta p\u00e5 Bokm\u00e4ssan. Men att politisera m\u00e4ssan och splittra partiernas h\u00e5llning att st\u00e4ndigt arbeta med att f\u00f6rsvara och bef\u00e4sta demokratin leder s\u00e4llan till n\u00e5got fruktbart.\" \/>\n<meta property=\"og:url\" content=\"https:\/\/wp.kristdemokraterna.se\/vg2\/bojkott-en-populistisk-ide-som-sar-split\/\" \/>\n<meta property=\"og:site_name\" content=\"Kristdemokraterna | V\u00e4stra G\u00f6taland\" \/>\n<meta property=\"article:published_time\" content=\"2017-05-09T08:17:06+00:00\" \/>\n<meta property=\"og:image\" content=\"https:\/\/wp.kristdemokraterna.se\/vg2\/files\/2016\/10\/conny-bild-640-1.jpg\" \/>\n\t<meta property=\"og:image:width\" content=\"640\" \/>\n\t<meta property=\"og:image:height\" content=\"525\" \/>\n\t<meta property=\"og:image:type\" content=\"image\/jpeg\" \/>\n<meta name=\"author\" content=\"vg2\" \/>\n<meta name=\"twitter:card\" content=\"summary_large_image\" \/>\n<meta name=\"twitter:label1\" content=\"Skriven av\" \/>\n\t<meta name=\"twitter:data1\" content=\"vg2\" \/>\n\t<meta name=\"twitter:label2\" content=\"Ber\u00e4knad l\u00e4stid\" \/>\n\t<meta name=\"twitter:data2\" content=\"3 minuter\" \/>\n<script type=\"application\/ld+json\" class=\"yoast-schema-graph\">{\"@context\":\"https:\\\/\\\/schema.org\",\"@graph\":[{\"@type\":\"Article\",\"@id\":\"https:\\\/\\\/wp.kristdemokraterna.se\\\/vg2\\\/bojkott-en-populistisk-ide-som-sar-split\\\/#article\",\"isPartOf\":{\"@id\":\"https:\\\/\\\/wp.kristdemokraterna.se\\\/vg2\\\/bojkott-en-populistisk-ide-som-sar-split\\\/\"},\"author\":{\"name\":\"vg2\",\"@id\":\"https:\\\/\\\/wp.kristdemokraterna.se\\\/vg2\\\/#\\\/schema\\\/person\\\/0f6c60ed4a56428733155da1d4f48e25\"},\"headline\":\"Bojkott en populistisk id\u00e9 som s\u00e5r split\",\"datePublished\":\"2017-05-09T08:17:06+00:00\",\"mainEntityOfPage\":{\"@id\":\"https:\\\/\\\/wp.kristdemokraterna.se\\\/vg2\\\/bojkott-en-populistisk-ide-som-sar-split\\\/\"},\"wordCount\":521,\"image\":{\"@id\":\"https:\\\/\\\/wp.kristdemokraterna.se\\\/vg2\\\/bojkott-en-populistisk-ide-som-sar-split\\\/#primaryimage\"},\"thumbnailUrl\":\"https:\\\/\\\/wp.kristdemokraterna.se\\\/vg2\\\/files\\\/2016\\\/10\\\/conny-bild-640-1.jpg\",\"keywords\":[\"conny br\u00e4nnberg\",\"Kultur\",\"yttrandefrihet\"],\"articleSection\":[\"Kultur\"],\"inLanguage\":\"sv-SE\"},{\"@type\":\"WebPage\",\"@id\":\"https:\\\/\\\/wp.kristdemokraterna.se\\\/vg2\\\/bojkott-en-populistisk-ide-som-sar-split\\\/\",\"url\":\"https:\\\/\\\/wp.kristdemokraterna.se\\\/vg2\\\/bojkott-en-populistisk-ide-som-sar-split\\\/\",\"name\":\"Bojkott en populistisk id\u00e9 som s\u00e5r split - Kristdemokraterna | V\u00e4stra G\u00f6taland\",\"isPartOf\":{\"@id\":\"https:\\\/\\\/wp.kristdemokraterna.se\\\/vg2\\\/#website\"},\"primaryImageOfPage\":{\"@id\":\"https:\\\/\\\/wp.kristdemokraterna.se\\\/vg2\\\/bojkott-en-populistisk-ide-som-sar-split\\\/#primaryimage\"},\"image\":{\"@id\":\"https:\\\/\\\/wp.kristdemokraterna.se\\\/vg2\\\/bojkott-en-populistisk-ide-som-sar-split\\\/#primaryimage\"},\"thumbnailUrl\":\"https:\\\/\\\/wp.kristdemokraterna.se\\\/vg2\\\/files\\\/2016\\\/10\\\/conny-bild-640-1.jpg\",\"datePublished\":\"2017-05-09T08:17:06+00:00\",\"author\":{\"@id\":\"https:\\\/\\\/wp.kristdemokraterna.se\\\/vg2\\\/#\\\/schema\\\/person\\\/0f6c60ed4a56428733155da1d4f48e25\"},\"breadcrumb\":{\"@id\":\"https:\\\/\\\/wp.kristdemokraterna.se\\\/vg2\\\/bojkott-en-populistisk-ide-som-sar-split\\\/#breadcrumb\"},\"inLanguage\":\"sv-SE\",\"potentialAction\":[{\"@type\":\"ReadAction\",\"target\":[\"https:\\\/\\\/wp.kristdemokraterna.se\\\/vg2\\\/bojkott-en-populistisk-ide-som-sar-split\\\/\"]}]},{\"@type\":\"ImageObject\",\"inLanguage\":\"sv-SE\",\"@id\":\"https:\\\/\\\/wp.kristdemokraterna.se\\\/vg2\\\/bojkott-en-populistisk-ide-som-sar-split\\\/#primaryimage\",\"url\":\"https:\\\/\\\/wp.kristdemokraterna.se\\\/vg2\\\/files\\\/2016\\\/10\\\/conny-bild-640-1.jpg\",\"contentUrl\":\"https:\\\/\\\/wp.kristdemokraterna.se\\\/vg2\\\/files\\\/2016\\\/10\\\/conny-bild-640-1.jpg\",\"width\":640,\"height\":525},{\"@type\":\"BreadcrumbList\",\"@id\":\"https:\\\/\\\/wp.kristdemokraterna.se\\\/vg2\\\/bojkott-en-populistisk-ide-som-sar-split\\\/#breadcrumb\",\"itemListElement\":[{\"@type\":\"ListItem\",\"position\":1,\"name\":\"Hem\",\"item\":\"https:\\\/\\\/wp.kristdemokraterna.se\\\/vg2\\\/\"},{\"@type\":\"ListItem\",\"position\":2,\"name\":\"Bojkott en populistisk id\u00e9 som s\u00e5r split\"}]},{\"@type\":\"WebSite\",\"@id\":\"https:\\\/\\\/wp.kristdemokraterna.se\\\/vg2\\\/#website\",\"url\":\"https:\\\/\\\/wp.kristdemokraterna.se\\\/vg2\\\/\",\"name\":\"Kristdemokraterna | V\u00e4stra G\u00f6taland\",\"description\":\"\u00c4nnu en webbplats hos Kristdemokraterna\",\"inLanguage\":\"sv-SE\"},{\"@type\":\"Person\",\"@id\":\"https:\\\/\\\/wp.kristdemokraterna.se\\\/vg2\\\/#\\\/schema\\\/person\\\/0f6c60ed4a56428733155da1d4f48e25\",\"name\":\"vg2\",\"image\":{\"@type\":\"ImageObject\",\"inLanguage\":\"sv-SE\",\"@id\":\"https:\\\/\\\/secure.gravatar.com\\\/avatar\\\/78e997e768071bc2ed8711b6fa8797041ee2af3c6c40e45683f3ff6396d16f92?s=96&d=mm&r=g\",\"url\":\"https:\\\/\\\/secure.gravatar.com\\\/avatar\\\/78e997e768071bc2ed8711b6fa8797041ee2af3c6c40e45683f3ff6396d16f92?s=96&d=mm&r=g\",\"contentUrl\":\"https:\\\/\\\/secure.gravatar.com\\\/avatar\\\/78e997e768071bc2ed8711b6fa8797041ee2af3c6c40e45683f3ff6396d16f92?s=96&d=mm&r=g\",\"caption\":\"vg2\"},\"url\":\"https:\\\/\\\/wp.kristdemokraterna.se\\\/vg2\\\/author\\\/vg2\\\/\"}]}<\/script>\n<!-- \/ Yoast SEO plugin. -->","yoast_head_json":{"title":"Bojkott en populistisk id\u00e9 som s\u00e5r split - Kristdemokraterna | V\u00e4stra G\u00f6taland","robots":{"index":"index","follow":"follow","max-snippet":"max-snippet:-1","max-image-preview":"max-image-preview:large","max-video-preview":"max-video-preview:-1"},"canonical":"https:\/\/wp.kristdemokraterna.se\/vg2\/bojkott-en-populistisk-ide-som-sar-split\/","og_locale":"sv_SE","og_type":"article","og_title":"Bojkott en populistisk id\u00e9 som s\u00e5r split - Kristdemokraterna | V\u00e4stra G\u00f6taland","og_description":"Debattartikel GP &#8211; Conny Br\u00e4nnberg (KD) och Lars Nordstr\u00f6m (L) Alex Bergstr\u00f6m (S) vill att V\u00e4stra G\u00f6talandsregionen ska avst\u00e5 fr\u00e5n att delta p\u00e5 Bokm\u00e4ssan. Men att politisera m\u00e4ssan och splittra partiernas h\u00e5llning att st\u00e4ndigt arbeta med att f\u00f6rsvara och bef\u00e4sta demokratin leder s\u00e4llan till n\u00e5got fruktbart.","og_url":"https:\/\/wp.kristdemokraterna.se\/vg2\/bojkott-en-populistisk-ide-som-sar-split\/","og_site_name":"Kristdemokraterna | V\u00e4stra G\u00f6taland","article_published_time":"2017-05-09T08:17:06+00:00","og_image":[{"width":640,"height":525,"url":"https:\/\/wp.kristdemokraterna.se\/vg2\/files\/2016\/10\/conny-bild-640-1.jpg","type":"image\/jpeg"}],"author":"vg2","twitter_card":"summary_large_image","twitter_misc":{"Skriven av":"vg2","Ber\u00e4knad l\u00e4stid":"3 minuter"},"schema":{"@context":"https:\/\/schema.org","@graph":[{"@type":"Article","@id":"https:\/\/wp.kristdemokraterna.se\/vg2\/bojkott-en-populistisk-ide-som-sar-split\/#article","isPartOf":{"@id":"https:\/\/wp.kristdemokraterna.se\/vg2\/bojkott-en-populistisk-ide-som-sar-split\/"},"author":{"name":"vg2","@id":"https:\/\/wp.kristdemokraterna.se\/vg2\/#\/schema\/person\/0f6c60ed4a56428733155da1d4f48e25"},"headline":"Bojkott en populistisk id\u00e9 som s\u00e5r split","datePublished":"2017-05-09T08:17:06+00:00","mainEntityOfPage":{"@id":"https:\/\/wp.kristdemokraterna.se\/vg2\/bojkott-en-populistisk-ide-som-sar-split\/"},"wordCount":521,"image":{"@id":"https:\/\/wp.kristdemokraterna.se\/vg2\/bojkott-en-populistisk-ide-som-sar-split\/#primaryimage"},"thumbnailUrl":"https:\/\/wp.kristdemokraterna.se\/vg2\/files\/2016\/10\/conny-bild-640-1.jpg","keywords":["conny br\u00e4nnberg","Kultur","yttrandefrihet"],"articleSection":["Kultur"],"inLanguage":"sv-SE"},{"@type":"WebPage","@id":"https:\/\/wp.kristdemokraterna.se\/vg2\/bojkott-en-populistisk-ide-som-sar-split\/","url":"https:\/\/wp.kristdemokraterna.se\/vg2\/bojkott-en-populistisk-ide-som-sar-split\/","name":"Bojkott en populistisk id\u00e9 som s\u00e5r split - Kristdemokraterna | V\u00e4stra G\u00f6taland","isPartOf":{"@id":"https:\/\/wp.kristdemokraterna.se\/vg2\/#website"},"primaryImageOfPage":{"@id":"https:\/\/wp.kristdemokraterna.se\/vg2\/bojkott-en-populistisk-ide-som-sar-split\/#primaryimage"},"image":{"@id":"https:\/\/wp.kristdemokraterna.se\/vg2\/bojkott-en-populistisk-ide-som-sar-split\/#primaryimage"},"thumbnailUrl":"https:\/\/wp.kristdemokraterna.se\/vg2\/files\/2016\/10\/conny-bild-640-1.jpg","datePublished":"2017-05-09T08:17:06+00:00","author":{"@id":"https:\/\/wp.kristdemokraterna.se\/vg2\/#\/schema\/person\/0f6c60ed4a56428733155da1d4f48e25"},"breadcrumb":{"@id":"https:\/\/wp.kristdemokraterna.se\/vg2\/bojkott-en-populistisk-ide-som-sar-split\/#breadcrumb"},"inLanguage":"sv-SE","potentialAction":[{"@type":"ReadAction","target":["https:\/\/wp.kristdemokraterna.se\/vg2\/bojkott-en-populistisk-ide-som-sar-split\/"]}]},{"@type":"ImageObject","inLanguage":"sv-SE","@id":"https:\/\/wp.kristdemokraterna.se\/vg2\/bojkott-en-populistisk-ide-som-sar-split\/#primaryimage","url":"https:\/\/wp.kristdemokraterna.se\/vg2\/files\/2016\/10\/conny-bild-640-1.jpg","contentUrl":"https:\/\/wp.kristdemokraterna.se\/vg2\/files\/2016\/10\/conny-bild-640-1.jpg","width":640,"height":525},{"@type":"BreadcrumbList","@id":"https:\/\/wp.kristdemokraterna.se\/vg2\/bojkott-en-populistisk-ide-som-sar-split\/#breadcrumb","itemListElement":[{"@type":"ListItem","position":1,"name":"Hem","item":"https:\/\/wp.kristdemokraterna.se\/vg2\/"},{"@type":"ListItem","position":2,"name":"Bojkott en populistisk id\u00e9 som s\u00e5r split"}]},{"@type":"WebSite","@id":"https:\/\/wp.kristdemokraterna.se\/vg2\/#website","url":"https:\/\/wp.kristdemokraterna.se\/vg2\/","name":"Kristdemokraterna | V\u00e4stra G\u00f6taland","description":"\u00c4nnu en webbplats hos Kristdemokraterna","inLanguage":"sv-SE"},{"@type":"Person","@id":"https:\/\/wp.kristdemokraterna.se\/vg2\/#\/schema\/person\/0f6c60ed4a56428733155da1d4f48e25","name":"vg2","image":{"@type":"ImageObject","inLanguage":"sv-SE","@id":"https:\/\/secure.gravatar.com\/avatar\/78e997e768071bc2ed8711b6fa8797041ee2af3c6c40e45683f3ff6396d16f92?s=96&d=mm&r=g","url":"https:\/\/secure.gravatar.com\/avatar\/78e997e768071bc2ed8711b6fa8797041ee2af3c6c40e45683f3ff6396d16f92?s=96&d=mm&r=g","contentUrl":"https:\/\/secure.gravatar.com\/avatar\/78e997e768071bc2ed8711b6fa8797041ee2af3c6c40e45683f3ff6396d16f92?s=96&d=mm&r=g","caption":"vg2"},"url":"https:\/\/wp.kristdemokraterna.se\/vg2\/author\/vg2\/"}]}},"_links":{"self":[{"href":"https:\/\/wp.kristdemokraterna.se\/vg2\/wp-json\/wp\/v2\/posts\/530","targetHints":{"allow":["GET"]}}],"collection":[{"href":"https:\/\/wp.kristdemokraterna.se\/vg2\/wp-json\/wp\/v2\/posts"}],"about":[{"href":"https:\/\/wp.kristdemokraterna.se\/vg2\/wp-json\/wp\/v2\/types\/post"}],"author":[{"embeddable":true,"href":"https:\/\/wp.kristdemokraterna.se\/vg2\/wp-json\/wp\/v2\/users\/963"}],"replies":[{"embeddable":true,"href":"https:\/\/wp.kristdemokraterna.se\/vg2\/wp-json\/wp\/v2\/comments?post=530"}],"version-history":[{"count":1,"href":"https:\/\/wp.kristdemokraterna.se\/vg2\/wp-json\/wp\/v2\/posts\/530\/revisions"}],"predecessor-version":[{"id":531,"href":"https:\/\/wp.kristdemokraterna.se\/vg2\/wp-json\/wp\/v2\/posts\/530\/revisions\/531"}],"wp:featuredmedia":[{"embeddable":true,"href":"https:\/\/wp.kristdemokraterna.se\/vg2\/wp-json\/wp\/v2\/media\/385"}],"wp:attachment":[{"href":"https:\/\/wp.kristdemokraterna.se\/vg2\/wp-json\/wp\/v2\/media?parent=530"}],"wp:term":[{"taxonomy":"category","embeddable":true,"href":"https:\/\/wp.kristdemokraterna.se\/vg2\/wp-json\/wp\/v2\/categories?post=530"},{"taxonomy":"post_tag","embeddable":true,"href":"https:\/\/wp.kristdemokraterna.se\/vg2\/wp-json\/wp\/v2\/tags?post=530"}],"curies":[{"name":"wp","href":"https:\/\/api.w.org\/{rel}","templated":true}]}}