{"id":563,"date":"2017-07-03T10:37:48","date_gmt":"2017-07-03T08:37:48","guid":{"rendered":"http:\/\/wp.kristdemokraterna.se\/vg2\/?p=563"},"modified":"2017-07-03T10:37:48","modified_gmt":"2017-07-03T08:37:48","slug":"langsiktig-satsning-pa-barnsjukhuset","status":"publish","type":"post","link":"https:\/\/wp.kristdemokraterna.se\/vg2\/langsiktig-satsning-pa-barnsjukhuset\/","title":{"rendered":"L\u00e5ngsiktig satsning p\u00e5 barnsjukhuset"},"content":{"rendered":"<p>Under v\u00e5ren har den politiska ledningen i V\u00e4stra G\u00f6talandsregionen f\u00f6rt diskussioner med Sahlgrenska universitetssjukhuset (SU) om situationen p\u00e5 Drottning Silvias Barn- och ungdomssjukhus (DSBUS) i G\u00f6teborg. Som ett resultat av dessa diskussioner kommer H\u00e4lso- och sjukv\u00e5rdsstyrelsen att under 2017 tillf\u00f6ra ytterligare medel till DSBUS f\u00f6r att fr\u00e4mst finansiera f\u00f6rst\u00e4rkningar p\u00e5 barnintensivv\u00e5rdsavdelningen (BIVA) och vid behandling av barncancer. Fr\u00e5n och med 2018 kommer f\u00f6rst\u00e4rkningen att ing\u00e5 i den v\u00e5rd\u00f6verenskommelse som sjukhuset tecknar med den ansvariga h\u00e4lso- och sjukv\u00e5rdsn\u00e4mnden i G\u00f6teborg.<br \/>\n<!--more--><\/p>\n<p>Just nu p\u00e5g\u00e5r arbetet med att ta fram en utvecklingsplan f\u00f6r barnsjukv\u00e5rden i hela V\u00e4stra G\u00f6talandsregionen. Ambitionen \u00e4r att m\u00f6jligg\u00f6ra f\u00f6r DSBUS att fortsatt vara det fr\u00e4msta barnsjukhuset i Sverige. Detta f\u00e5r d\u00e4rf\u00f6r ses som enbart ett f\u00f6rsta steg f\u00f6r att st\u00e4rka regionens h\u00e4lso- och sjukv\u00e5rd f\u00f6r barn och unga.<\/p>\n<p>Huvuddelen av verksamheten p\u00e5 DSBUS fungerar mycket v\u00e4l, men att det finns utmaningar inom sjukhuset som beh\u00f6ver en l\u00e5ngsiktig l\u00f6sning. Redan i samband med att de akuten problemen p\u00e5 DSBUS blev k\u00e4nda i h\u00f6stas genomf\u00f6rde den politiska ledningen en s\u00e4rskild ekonomisk satsning p\u00e5 sjukhuset, en satsning som nu permanentas och g\u00f6rs l\u00e5ngsiktig.<\/p>\n<p>I f\u00f6rsta hand kr\u00e4vs fortsatta insatser p\u00e5 barnintensivv\u00e5rdsavdelningen (BIVA) och inom barnmedicin, inklusive behandling av barncancer. 2017 avs\u00e4tts d\u00e4rf\u00f6r 30 mnkr f\u00f6r att f\u00f6rst\u00e4rka BIVA och barncancercentrum. 2018 ut\u00f6kas satsningen med ytterligare 10 mnkr. Syftet \u00e4r att st\u00e4rka bemanningen p\u00e5 sjukhuset f\u00f6r att inom tre \u00e5r kunna ut\u00f6ka antalet BIVA-platser till 16 fr\u00e5n dagens 12 platser samt att kunna ut\u00f6ka antalet tillg\u00e4ngliga v\u00e5rdplatser f\u00f6r behandling av barncancer till 16 under alla veckans dagar. L\u00e5ngsiktigt ska antalet platser f\u00f6r behandling av barncancer ut\u00f6kas till 24.<\/p>\n<p>Under 2017 genomf\u00f6rs satsningen med hj\u00e4lp av medel fr\u00e5n h\u00e4lso- och sjukv\u00e5rdsstyrelsen. Fr\u00e5n och med 2018 tas ansvaret f\u00f6r satsningen \u00f6ver av h\u00e4lso- och sjukv\u00e5rdsn\u00e4mnderna och permanentas d\u00e5 genom avs\u00e4ttningar i v\u00e5rd\u00f6verenskommelsen mellan n\u00e4mnderna och Sahlgrenska universitetssjukhuset.<br \/>\nDatsningen \u00e4r fokuserad p\u00e5 de delar d\u00e4r behoven \u00e4r som st\u00f6rst, men framf\u00f6r allt att satsningen \u00e4r l\u00e5ngsiktig. Nu skapar vi f\u00f6ruts\u00e4ttningar f\u00f6r kontinuitet och framtidstro p\u00e5 sjukhuset, s\u00e4ger Johan F\u00e4lt (M), ordf\u00f6rande h\u00e4lso- och sjukv\u00e5rdsn\u00e4mnden G\u00f6teborg.<\/p>\n<p>Beslutet om satsningen p\u00e5 barn- och ungdomssjukhuset f\u00f6rv\u00e4ntas fattas vid h\u00e4lso- och sjukv\u00e5rdsstyrelsens sammantr\u00e4de i augusti, men sjukhuset har f\u00e5tt klartecken att redan nu inleda sitt arbete med att st\u00e4rka enheterna, bland annat genom att rekrytera fler medarbetare.<\/p>\n","protected":false},"excerpt":{"rendered":"<p>Under v\u00e5ren har den politiska ledningen i V\u00e4stra G\u00f6talandsregionen f\u00f6rt diskussioner med Sahlgrenska universitetssjukhuset (SU) om situationen p\u00e5 Drottning Silvias Barn- och ungdomssjukhus (DSBUS) i G\u00f6teborg. Som ett resultat av dessa diskussioner kommer H\u00e4lso- och sjukv\u00e5rdsstyrelsen att under 2017 tillf\u00f6ra ytterligare medel till DSBUS f\u00f6r att fr\u00e4mst finansiera f\u00f6rst\u00e4rkningar p\u00e5 barnintensivv\u00e5rdsavdelningen (BIVA) och vid behandling <a class=\"read-more-link\" href=\"https:\/\/wp.kristdemokraterna.se\/vg2\/langsiktig-satsning-pa-barnsjukhuset\/\">L\u00e4s mer<\/a><\/p>\n","protected":false},"author":963,"featured_media":236,"comment_status":"closed","ping_status":"closed","sticky":false,"template":"","format":"standard","meta":{"_acf_changed":false,"footnotes":""},"categories":[9],"tags":[33,82,12],"class_list":["post-563","post","type-post","status-publish","format-standard","hentry","category-halso-och-sjukvard","tag-barn","tag-cancer","tag-halso-och-sjukvard"],"acf":[],"yoast_head":"<!-- This site is optimized with the Yoast SEO plugin v27.4 - https:\/\/yoast.com\/product\/yoast-seo-wordpress\/ -->\n<title>L\u00e5ngsiktig satsning p\u00e5 barnsjukhuset - Kristdemokraterna | V\u00e4stra G\u00f6taland<\/title>\n<meta name=\"robots\" content=\"index, follow, max-snippet:-1, max-image-preview:large, max-video-preview:-1\" \/>\n<link rel=\"canonical\" href=\"https:\/\/wp.kristdemokraterna.se\/vg2\/langsiktig-satsning-pa-barnsjukhuset\/\" \/>\n<meta property=\"og:locale\" content=\"sv_SE\" \/>\n<meta property=\"og:type\" content=\"article\" \/>\n<meta property=\"og:title\" content=\"L\u00e5ngsiktig satsning p\u00e5 barnsjukhuset - Kristdemokraterna | V\u00e4stra G\u00f6taland\" \/>\n<meta property=\"og:description\" content=\"Under v\u00e5ren har den politiska ledningen i V\u00e4stra G\u00f6talandsregionen f\u00f6rt diskussioner med Sahlgrenska universitetssjukhuset (SU) om situationen p\u00e5 Drottning Silvias Barn- och ungdomssjukhus (DSBUS) i G\u00f6teborg. Som ett resultat av dessa diskussioner kommer H\u00e4lso- och sjukv\u00e5rdsstyrelsen att under 2017 tillf\u00f6ra ytterligare medel till DSBUS f\u00f6r att fr\u00e4mst finansiera f\u00f6rst\u00e4rkningar p\u00e5 barnintensivv\u00e5rdsavdelningen (BIVA) och vid behandling L\u00e4s mer\" \/>\n<meta property=\"og:url\" content=\"https:\/\/wp.kristdemokraterna.se\/vg2\/langsiktig-satsning-pa-barnsjukhuset\/\" \/>\n<meta property=\"og:site_name\" content=\"Kristdemokraterna | V\u00e4stra G\u00f6taland\" \/>\n<meta property=\"article:published_time\" content=\"2017-07-03T08:37:48+00:00\" \/>\n<meta property=\"og:image\" content=\"https:\/\/wp.kristdemokraterna.se\/vg2\/files\/2016\/05\/doktor-barn.jpg\" \/>\n\t<meta property=\"og:image:width\" content=\"640\" \/>\n\t<meta property=\"og:image:height\" content=\"426\" \/>\n\t<meta property=\"og:image:type\" content=\"image\/jpeg\" \/>\n<meta name=\"author\" content=\"vg2\" \/>\n<meta name=\"twitter:card\" content=\"summary_large_image\" \/>\n<meta name=\"twitter:label1\" content=\"Skriven av\" \/>\n\t<meta name=\"twitter:data1\" content=\"vg2\" \/>\n\t<meta name=\"twitter:label2\" content=\"Ber\u00e4knad l\u00e4stid\" \/>\n\t<meta name=\"twitter:data2\" content=\"2 minuter\" \/>\n<script type=\"application\/ld+json\" class=\"yoast-schema-graph\">{\"@context\":\"https:\\\/\\\/schema.org\",\"@graph\":[{\"@type\":\"Article\",\"@id\":\"https:\\\/\\\/wp.kristdemokraterna.se\\\/vg2\\\/langsiktig-satsning-pa-barnsjukhuset\\\/#article\",\"isPartOf\":{\"@id\":\"https:\\\/\\\/wp.kristdemokraterna.se\\\/vg2\\\/langsiktig-satsning-pa-barnsjukhuset\\\/\"},\"author\":{\"name\":\"vg2\",\"@id\":\"https:\\\/\\\/wp.kristdemokraterna.se\\\/vg2\\\/#\\\/schema\\\/person\\\/0f6c60ed4a56428733155da1d4f48e25\"},\"headline\":\"L\u00e5ngsiktig satsning p\u00e5 barnsjukhuset\",\"datePublished\":\"2017-07-03T08:37:48+00:00\",\"mainEntityOfPage\":{\"@id\":\"https:\\\/\\\/wp.kristdemokraterna.se\\\/vg2\\\/langsiktig-satsning-pa-barnsjukhuset\\\/\"},\"wordCount\":477,\"image\":{\"@id\":\"https:\\\/\\\/wp.kristdemokraterna.se\\\/vg2\\\/langsiktig-satsning-pa-barnsjukhuset\\\/#primaryimage\"},\"thumbnailUrl\":\"https:\\\/\\\/wp.kristdemokraterna.se\\\/vg2\\\/files\\\/2016\\\/05\\\/doktor-barn.jpg\",\"keywords\":[\"barn\",\"cancer\",\"H\u00e4lso- och sjukv\u00e5rd\"],\"articleSection\":[\"H\u00e4lso- och sjukv\u00e5rd\"],\"inLanguage\":\"sv-SE\"},{\"@type\":\"WebPage\",\"@id\":\"https:\\\/\\\/wp.kristdemokraterna.se\\\/vg2\\\/langsiktig-satsning-pa-barnsjukhuset\\\/\",\"url\":\"https:\\\/\\\/wp.kristdemokraterna.se\\\/vg2\\\/langsiktig-satsning-pa-barnsjukhuset\\\/\",\"name\":\"L\u00e5ngsiktig satsning p\u00e5 barnsjukhuset - Kristdemokraterna | V\u00e4stra G\u00f6taland\",\"isPartOf\":{\"@id\":\"https:\\\/\\\/wp.kristdemokraterna.se\\\/vg2\\\/#website\"},\"primaryImageOfPage\":{\"@id\":\"https:\\\/\\\/wp.kristdemokraterna.se\\\/vg2\\\/langsiktig-satsning-pa-barnsjukhuset\\\/#primaryimage\"},\"image\":{\"@id\":\"https:\\\/\\\/wp.kristdemokraterna.se\\\/vg2\\\/langsiktig-satsning-pa-barnsjukhuset\\\/#primaryimage\"},\"thumbnailUrl\":\"https:\\\/\\\/wp.kristdemokraterna.se\\\/vg2\\\/files\\\/2016\\\/05\\\/doktor-barn.jpg\",\"datePublished\":\"2017-07-03T08:37:48+00:00\",\"author\":{\"@id\":\"https:\\\/\\\/wp.kristdemokraterna.se\\\/vg2\\\/#\\\/schema\\\/person\\\/0f6c60ed4a56428733155da1d4f48e25\"},\"breadcrumb\":{\"@id\":\"https:\\\/\\\/wp.kristdemokraterna.se\\\/vg2\\\/langsiktig-satsning-pa-barnsjukhuset\\\/#breadcrumb\"},\"inLanguage\":\"sv-SE\",\"potentialAction\":[{\"@type\":\"ReadAction\",\"target\":[\"https:\\\/\\\/wp.kristdemokraterna.se\\\/vg2\\\/langsiktig-satsning-pa-barnsjukhuset\\\/\"]}]},{\"@type\":\"ImageObject\",\"inLanguage\":\"sv-SE\",\"@id\":\"https:\\\/\\\/wp.kristdemokraterna.se\\\/vg2\\\/langsiktig-satsning-pa-barnsjukhuset\\\/#primaryimage\",\"url\":\"https:\\\/\\\/wp.kristdemokraterna.se\\\/vg2\\\/files\\\/2016\\\/05\\\/doktor-barn.jpg\",\"contentUrl\":\"https:\\\/\\\/wp.kristdemokraterna.se\\\/vg2\\\/files\\\/2016\\\/05\\\/doktor-barn.jpg\",\"width\":640,\"height\":426},{\"@type\":\"BreadcrumbList\",\"@id\":\"https:\\\/\\\/wp.kristdemokraterna.se\\\/vg2\\\/langsiktig-satsning-pa-barnsjukhuset\\\/#breadcrumb\",\"itemListElement\":[{\"@type\":\"ListItem\",\"position\":1,\"name\":\"Hem\",\"item\":\"https:\\\/\\\/wp.kristdemokraterna.se\\\/vg2\\\/\"},{\"@type\":\"ListItem\",\"position\":2,\"name\":\"L\u00e5ngsiktig satsning p\u00e5 barnsjukhuset\"}]},{\"@type\":\"WebSite\",\"@id\":\"https:\\\/\\\/wp.kristdemokraterna.se\\\/vg2\\\/#website\",\"url\":\"https:\\\/\\\/wp.kristdemokraterna.se\\\/vg2\\\/\",\"name\":\"Kristdemokraterna | V\u00e4stra G\u00f6taland\",\"description\":\"\u00c4nnu en webbplats hos Kristdemokraterna\",\"inLanguage\":\"sv-SE\"},{\"@type\":\"Person\",\"@id\":\"https:\\\/\\\/wp.kristdemokraterna.se\\\/vg2\\\/#\\\/schema\\\/person\\\/0f6c60ed4a56428733155da1d4f48e25\",\"name\":\"vg2\",\"image\":{\"@type\":\"ImageObject\",\"inLanguage\":\"sv-SE\",\"@id\":\"https:\\\/\\\/secure.gravatar.com\\\/avatar\\\/78e997e768071bc2ed8711b6fa8797041ee2af3c6c40e45683f3ff6396d16f92?s=96&d=mm&r=g\",\"url\":\"https:\\\/\\\/secure.gravatar.com\\\/avatar\\\/78e997e768071bc2ed8711b6fa8797041ee2af3c6c40e45683f3ff6396d16f92?s=96&d=mm&r=g\",\"contentUrl\":\"https:\\\/\\\/secure.gravatar.com\\\/avatar\\\/78e997e768071bc2ed8711b6fa8797041ee2af3c6c40e45683f3ff6396d16f92?s=96&d=mm&r=g\",\"caption\":\"vg2\"},\"url\":\"https:\\\/\\\/wp.kristdemokraterna.se\\\/vg2\\\/author\\\/vg2\\\/\"}]}<\/script>\n<!-- \/ Yoast SEO plugin. -->","yoast_head_json":{"title":"L\u00e5ngsiktig satsning p\u00e5 barnsjukhuset - Kristdemokraterna | V\u00e4stra G\u00f6taland","robots":{"index":"index","follow":"follow","max-snippet":"max-snippet:-1","max-image-preview":"max-image-preview:large","max-video-preview":"max-video-preview:-1"},"canonical":"https:\/\/wp.kristdemokraterna.se\/vg2\/langsiktig-satsning-pa-barnsjukhuset\/","og_locale":"sv_SE","og_type":"article","og_title":"L\u00e5ngsiktig satsning p\u00e5 barnsjukhuset - Kristdemokraterna | V\u00e4stra G\u00f6taland","og_description":"Under v\u00e5ren har den politiska ledningen i V\u00e4stra G\u00f6talandsregionen f\u00f6rt diskussioner med Sahlgrenska universitetssjukhuset (SU) om situationen p\u00e5 Drottning Silvias Barn- och ungdomssjukhus (DSBUS) i G\u00f6teborg. Som ett resultat av dessa diskussioner kommer H\u00e4lso- och sjukv\u00e5rdsstyrelsen att under 2017 tillf\u00f6ra ytterligare medel till DSBUS f\u00f6r att fr\u00e4mst finansiera f\u00f6rst\u00e4rkningar p\u00e5 barnintensivv\u00e5rdsavdelningen (BIVA) och vid behandling L\u00e4s mer","og_url":"https:\/\/wp.kristdemokraterna.se\/vg2\/langsiktig-satsning-pa-barnsjukhuset\/","og_site_name":"Kristdemokraterna | V\u00e4stra G\u00f6taland","article_published_time":"2017-07-03T08:37:48+00:00","og_image":[{"width":640,"height":426,"url":"https:\/\/wp.kristdemokraterna.se\/vg2\/files\/2016\/05\/doktor-barn.jpg","type":"image\/jpeg"}],"author":"vg2","twitter_card":"summary_large_image","twitter_misc":{"Skriven av":"vg2","Ber\u00e4knad l\u00e4stid":"2 minuter"},"schema":{"@context":"https:\/\/schema.org","@graph":[{"@type":"Article","@id":"https:\/\/wp.kristdemokraterna.se\/vg2\/langsiktig-satsning-pa-barnsjukhuset\/#article","isPartOf":{"@id":"https:\/\/wp.kristdemokraterna.se\/vg2\/langsiktig-satsning-pa-barnsjukhuset\/"},"author":{"name":"vg2","@id":"https:\/\/wp.kristdemokraterna.se\/vg2\/#\/schema\/person\/0f6c60ed4a56428733155da1d4f48e25"},"headline":"L\u00e5ngsiktig satsning p\u00e5 barnsjukhuset","datePublished":"2017-07-03T08:37:48+00:00","mainEntityOfPage":{"@id":"https:\/\/wp.kristdemokraterna.se\/vg2\/langsiktig-satsning-pa-barnsjukhuset\/"},"wordCount":477,"image":{"@id":"https:\/\/wp.kristdemokraterna.se\/vg2\/langsiktig-satsning-pa-barnsjukhuset\/#primaryimage"},"thumbnailUrl":"https:\/\/wp.kristdemokraterna.se\/vg2\/files\/2016\/05\/doktor-barn.jpg","keywords":["barn","cancer","H\u00e4lso- och sjukv\u00e5rd"],"articleSection":["H\u00e4lso- och sjukv\u00e5rd"],"inLanguage":"sv-SE"},{"@type":"WebPage","@id":"https:\/\/wp.kristdemokraterna.se\/vg2\/langsiktig-satsning-pa-barnsjukhuset\/","url":"https:\/\/wp.kristdemokraterna.se\/vg2\/langsiktig-satsning-pa-barnsjukhuset\/","name":"L\u00e5ngsiktig satsning p\u00e5 barnsjukhuset - Kristdemokraterna | V\u00e4stra G\u00f6taland","isPartOf":{"@id":"https:\/\/wp.kristdemokraterna.se\/vg2\/#website"},"primaryImageOfPage":{"@id":"https:\/\/wp.kristdemokraterna.se\/vg2\/langsiktig-satsning-pa-barnsjukhuset\/#primaryimage"},"image":{"@id":"https:\/\/wp.kristdemokraterna.se\/vg2\/langsiktig-satsning-pa-barnsjukhuset\/#primaryimage"},"thumbnailUrl":"https:\/\/wp.kristdemokraterna.se\/vg2\/files\/2016\/05\/doktor-barn.jpg","datePublished":"2017-07-03T08:37:48+00:00","author":{"@id":"https:\/\/wp.kristdemokraterna.se\/vg2\/#\/schema\/person\/0f6c60ed4a56428733155da1d4f48e25"},"breadcrumb":{"@id":"https:\/\/wp.kristdemokraterna.se\/vg2\/langsiktig-satsning-pa-barnsjukhuset\/#breadcrumb"},"inLanguage":"sv-SE","potentialAction":[{"@type":"ReadAction","target":["https:\/\/wp.kristdemokraterna.se\/vg2\/langsiktig-satsning-pa-barnsjukhuset\/"]}]},{"@type":"ImageObject","inLanguage":"sv-SE","@id":"https:\/\/wp.kristdemokraterna.se\/vg2\/langsiktig-satsning-pa-barnsjukhuset\/#primaryimage","url":"https:\/\/wp.kristdemokraterna.se\/vg2\/files\/2016\/05\/doktor-barn.jpg","contentUrl":"https:\/\/wp.kristdemokraterna.se\/vg2\/files\/2016\/05\/doktor-barn.jpg","width":640,"height":426},{"@type":"BreadcrumbList","@id":"https:\/\/wp.kristdemokraterna.se\/vg2\/langsiktig-satsning-pa-barnsjukhuset\/#breadcrumb","itemListElement":[{"@type":"ListItem","position":1,"name":"Hem","item":"https:\/\/wp.kristdemokraterna.se\/vg2\/"},{"@type":"ListItem","position":2,"name":"L\u00e5ngsiktig satsning p\u00e5 barnsjukhuset"}]},{"@type":"WebSite","@id":"https:\/\/wp.kristdemokraterna.se\/vg2\/#website","url":"https:\/\/wp.kristdemokraterna.se\/vg2\/","name":"Kristdemokraterna | V\u00e4stra G\u00f6taland","description":"\u00c4nnu en webbplats hos Kristdemokraterna","inLanguage":"sv-SE"},{"@type":"Person","@id":"https:\/\/wp.kristdemokraterna.se\/vg2\/#\/schema\/person\/0f6c60ed4a56428733155da1d4f48e25","name":"vg2","image":{"@type":"ImageObject","inLanguage":"sv-SE","@id":"https:\/\/secure.gravatar.com\/avatar\/78e997e768071bc2ed8711b6fa8797041ee2af3c6c40e45683f3ff6396d16f92?s=96&d=mm&r=g","url":"https:\/\/secure.gravatar.com\/avatar\/78e997e768071bc2ed8711b6fa8797041ee2af3c6c40e45683f3ff6396d16f92?s=96&d=mm&r=g","contentUrl":"https:\/\/secure.gravatar.com\/avatar\/78e997e768071bc2ed8711b6fa8797041ee2af3c6c40e45683f3ff6396d16f92?s=96&d=mm&r=g","caption":"vg2"},"url":"https:\/\/wp.kristdemokraterna.se\/vg2\/author\/vg2\/"}]}},"_links":{"self":[{"href":"https:\/\/wp.kristdemokraterna.se\/vg2\/wp-json\/wp\/v2\/posts\/563","targetHints":{"allow":["GET"]}}],"collection":[{"href":"https:\/\/wp.kristdemokraterna.se\/vg2\/wp-json\/wp\/v2\/posts"}],"about":[{"href":"https:\/\/wp.kristdemokraterna.se\/vg2\/wp-json\/wp\/v2\/types\/post"}],"author":[{"embeddable":true,"href":"https:\/\/wp.kristdemokraterna.se\/vg2\/wp-json\/wp\/v2\/users\/963"}],"replies":[{"embeddable":true,"href":"https:\/\/wp.kristdemokraterna.se\/vg2\/wp-json\/wp\/v2\/comments?post=563"}],"version-history":[{"count":1,"href":"https:\/\/wp.kristdemokraterna.se\/vg2\/wp-json\/wp\/v2\/posts\/563\/revisions"}],"predecessor-version":[{"id":564,"href":"https:\/\/wp.kristdemokraterna.se\/vg2\/wp-json\/wp\/v2\/posts\/563\/revisions\/564"}],"wp:featuredmedia":[{"embeddable":true,"href":"https:\/\/wp.kristdemokraterna.se\/vg2\/wp-json\/wp\/v2\/media\/236"}],"wp:attachment":[{"href":"https:\/\/wp.kristdemokraterna.se\/vg2\/wp-json\/wp\/v2\/media?parent=563"}],"wp:term":[{"taxonomy":"category","embeddable":true,"href":"https:\/\/wp.kristdemokraterna.se\/vg2\/wp-json\/wp\/v2\/categories?post=563"},{"taxonomy":"post_tag","embeddable":true,"href":"https:\/\/wp.kristdemokraterna.se\/vg2\/wp-json\/wp\/v2\/tags?post=563"}],"curies":[{"name":"wp","href":"https:\/\/api.w.org\/{rel}","templated":true}]}}