{"id":569,"date":"2017-08-25T09:28:56","date_gmt":"2017-08-25T07:28:56","guid":{"rendered":"http:\/\/wp.kristdemokraterna.se\/vg2\/?p=569"},"modified":"2017-08-25T09:28:56","modified_gmt":"2017-08-25T07:28:56","slug":"vi-tar-ansvar-for-var-personal","status":"publish","type":"post","link":"https:\/\/wp.kristdemokraterna.se\/vg2\/vi-tar-ansvar-for-var-personal\/","title":{"rendered":"Vi tar ansvar f\u00f6r v\u00e5r personal"},"content":{"rendered":"<p><strong>Debattartikel Markbladet &#8211; Conny Br\u00e4nnberg och Lars-Inge Andersson\u00a0<\/strong><br \/>\nF\u00f6r oss kristdemokra\u00adter \u00e4r fr\u00e5gor om v\u00e5rd och omsorg mycket angel\u00e4gna. Att inv\u00e5nare har god tillg\u00e5ng till v\u00e5rd d\u00e5 de beh\u00f6ver den \u00e4r en sj\u00e4lvklarhet.<br \/>\n<!--more--><\/p>\n<p>Sjukv\u00e5rdens uppgifter bygger p\u00e5 den hippokratiska eden: aldrig skada, om m\u00f6jligt bota, ofta lindra, alltid tr\u00f6sta. Det \u00e4r v\u00e5r personal som utf\u00f6r dessa uppgifter.<\/p>\n<p><em>Arbetsgivaransvar<\/em><br \/>\nDet viktigaste \u00e4r inte husen eller tekniken utan de som arbetar med att m\u00f6ta de v\u00e5rdbeh\u00f6vande inv\u00e5narna. D\u00e4rf\u00f6r \u00e4r vi oerh\u00f6rt angel\u00e4gna om att ut\u00f6va ett gott arbetsgivarskap.<br \/>\nAtt arbeta p\u00e5 n\u00e4tterna \u00e4r oerh\u00f6rt tufft och p\u00e5frestande p\u00e5 m\u00e5nga s\u00e4tt. Vi har lyssnat till m\u00e5nga av v\u00e5ra medarbetare inom V\u00e4stra G\u00f6talandsregionen. Detta har bland annat resulterat i att vi tagit tag i personalfr\u00e5gorna och har ett stort \u00e5tg\u00e4rdspaket p\u00e5 g\u00e5ng. Ett led i detta \u00e4r att erbjuda betydligt b\u00e4ttre ers\u00e4ttningar f\u00f6r den som jobbar p\u00e5 kv\u00e4llar, n\u00e4tter och helger.<\/p>\n<p><em>Ett f\u00f6rsta steg<\/em><br \/>\nSom ett f\u00f6rsta steg i denna satsning s\u00e5 inf\u00f6r vi fr\u00e5n 1 september i \u00e5r en f\u00f6rdubbling av ob-till\u00e4gget f\u00f6r v\u00e5rdpersonal som arbetar p\u00e5 n\u00e4tter.<\/p>\n<p>V\u00e4stra G\u00f6talandsregionen \u00e4r en av Sveriges st\u00f6rsta organisationer och totalt har vi \u00f6ver 54\u2009000 medarbetare. Vi \u00e4r angel\u00e4gna om att skapa goda arbetsmilj\u00f6er f\u00f6r v\u00e5r personal och l\u00f6nesatsningar \u00e4r ett s\u00e4tt att ta ansvar.<br \/>\nVi tror ocks\u00e5 att v\u00e5rt beslut om ett \u00e5rligt friskv\u00e5rdsbidrag p\u00e5 minst 1\u2009500 kr kommer att uppskattas.<br \/>\nKonkurrensen om goda medarbetare inom v\u00e5rden \u00e4r stor och m\u00e5nga inom v\u00e5rdyrken kan v\u00e4lja mellan olika jobberbjudanden \u00f6ver hela landet. Vi kommer forts\u00e4tta v\u00e5r satsning p\u00e5 personalen och v\u00e5r f\u00f6rhoppning \u00e4r att de som \u00e4r anst\u00e4llda inom V\u00e4stra G\u00f6talandsregionen ska trivas p\u00e5 sina arbetsplatser och medverka till att vi beh\u00e5ller v\u00e5ra medarbetare.<\/p>\n<p>Ett gott arbetsgivarskap \u00e4r en f\u00f6ruts\u00e4ttning att v\u00e5ra anst\u00e4llda ska v\u00e4lja att vara kvar hos oss.<\/p>\n<p><strong>Conny Br\u00e4nnberg<\/strong><br \/>\n<strong>Lars-Inge Andersson<\/strong><br \/>\nKristdemokratiska regionpolitiker<\/p>\n","protected":false},"excerpt":{"rendered":"<p>Debattartikel Markbladet &#8211; Conny Br\u00e4nnberg och Lars-Inge Andersson\u00a0 F\u00f6r oss kristdemokra\u00adter \u00e4r fr\u00e5gor om v\u00e5rd och omsorg mycket angel\u00e4gna. Att inv\u00e5nare har god tillg\u00e5ng till v\u00e5rd d\u00e5 de beh\u00f6ver den \u00e4r en sj\u00e4lvklarhet.<\/p>\n","protected":false},"author":963,"featured_media":0,"comment_status":"closed","ping_status":"closed","sticky":false,"template":"","format":"standard","meta":{"_acf_changed":false,"footnotes":""},"categories":[7,9],"tags":[28,12,46,21],"class_list":["post-569","post","type-post","status-publish","format-standard","hentry","category-debattartiklar","category-halso-och-sjukvard","tag-conny-brannberg","tag-halso-och-sjukvard","tag-lars-inge-andersson","tag-personal"],"acf":[],"yoast_head":"<!-- This site is optimized with the Yoast SEO plugin v27.4 - https:\/\/yoast.com\/product\/yoast-seo-wordpress\/ -->\n<title>Vi tar ansvar f\u00f6r v\u00e5r personal - Kristdemokraterna | V\u00e4stra G\u00f6taland<\/title>\n<meta name=\"robots\" content=\"index, follow, max-snippet:-1, max-image-preview:large, max-video-preview:-1\" \/>\n<link rel=\"canonical\" href=\"https:\/\/wp.kristdemokraterna.se\/vg2\/vi-tar-ansvar-for-var-personal\/\" \/>\n<meta property=\"og:locale\" content=\"sv_SE\" \/>\n<meta property=\"og:type\" content=\"article\" \/>\n<meta property=\"og:title\" content=\"Vi tar ansvar f\u00f6r v\u00e5r personal - Kristdemokraterna | V\u00e4stra G\u00f6taland\" \/>\n<meta property=\"og:description\" content=\"Debattartikel Markbladet &#8211; Conny Br\u00e4nnberg och Lars-Inge Andersson\u00a0 F\u00f6r oss kristdemokra\u00adter \u00e4r fr\u00e5gor om v\u00e5rd och omsorg mycket angel\u00e4gna. Att inv\u00e5nare har god tillg\u00e5ng till v\u00e5rd d\u00e5 de beh\u00f6ver den \u00e4r en sj\u00e4lvklarhet.\" \/>\n<meta property=\"og:url\" content=\"https:\/\/wp.kristdemokraterna.se\/vg2\/vi-tar-ansvar-for-var-personal\/\" \/>\n<meta property=\"og:site_name\" content=\"Kristdemokraterna | V\u00e4stra G\u00f6taland\" \/>\n<meta property=\"article:published_time\" content=\"2017-08-25T07:28:56+00:00\" \/>\n<meta name=\"author\" content=\"vg2\" \/>\n<meta name=\"twitter:card\" content=\"summary_large_image\" \/>\n<meta name=\"twitter:label1\" content=\"Skriven av\" \/>\n\t<meta name=\"twitter:data1\" content=\"vg2\" \/>\n\t<meta name=\"twitter:label2\" content=\"Ber\u00e4knad l\u00e4stid\" \/>\n\t<meta name=\"twitter:data2\" content=\"2 minuter\" \/>\n<script type=\"application\/ld+json\" class=\"yoast-schema-graph\">{\"@context\":\"https:\\\/\\\/schema.org\",\"@graph\":[{\"@type\":\"Article\",\"@id\":\"https:\\\/\\\/wp.kristdemokraterna.se\\\/vg2\\\/vi-tar-ansvar-for-var-personal\\\/#article\",\"isPartOf\":{\"@id\":\"https:\\\/\\\/wp.kristdemokraterna.se\\\/vg2\\\/vi-tar-ansvar-for-var-personal\\\/\"},\"author\":{\"name\":\"vg2\",\"@id\":\"https:\\\/\\\/wp.kristdemokraterna.se\\\/vg2\\\/#\\\/schema\\\/person\\\/0f6c60ed4a56428733155da1d4f48e25\"},\"headline\":\"Vi tar ansvar f\u00f6r v\u00e5r personal\",\"datePublished\":\"2017-08-25T07:28:56+00:00\",\"mainEntityOfPage\":{\"@id\":\"https:\\\/\\\/wp.kristdemokraterna.se\\\/vg2\\\/vi-tar-ansvar-for-var-personal\\\/\"},\"wordCount\":386,\"keywords\":[\"conny br\u00e4nnberg\",\"H\u00e4lso- och sjukv\u00e5rd\",\"Lars-Inge Andersson\",\"Personal\"],\"articleSection\":[\"Debattartiklar\",\"H\u00e4lso- och sjukv\u00e5rd\"],\"inLanguage\":\"sv-SE\"},{\"@type\":\"WebPage\",\"@id\":\"https:\\\/\\\/wp.kristdemokraterna.se\\\/vg2\\\/vi-tar-ansvar-for-var-personal\\\/\",\"url\":\"https:\\\/\\\/wp.kristdemokraterna.se\\\/vg2\\\/vi-tar-ansvar-for-var-personal\\\/\",\"name\":\"Vi tar ansvar f\u00f6r v\u00e5r personal - Kristdemokraterna | V\u00e4stra G\u00f6taland\",\"isPartOf\":{\"@id\":\"https:\\\/\\\/wp.kristdemokraterna.se\\\/vg2\\\/#website\"},\"datePublished\":\"2017-08-25T07:28:56+00:00\",\"author\":{\"@id\":\"https:\\\/\\\/wp.kristdemokraterna.se\\\/vg2\\\/#\\\/schema\\\/person\\\/0f6c60ed4a56428733155da1d4f48e25\"},\"breadcrumb\":{\"@id\":\"https:\\\/\\\/wp.kristdemokraterna.se\\\/vg2\\\/vi-tar-ansvar-for-var-personal\\\/#breadcrumb\"},\"inLanguage\":\"sv-SE\",\"potentialAction\":[{\"@type\":\"ReadAction\",\"target\":[\"https:\\\/\\\/wp.kristdemokraterna.se\\\/vg2\\\/vi-tar-ansvar-for-var-personal\\\/\"]}]},{\"@type\":\"BreadcrumbList\",\"@id\":\"https:\\\/\\\/wp.kristdemokraterna.se\\\/vg2\\\/vi-tar-ansvar-for-var-personal\\\/#breadcrumb\",\"itemListElement\":[{\"@type\":\"ListItem\",\"position\":1,\"name\":\"Hem\",\"item\":\"https:\\\/\\\/wp.kristdemokraterna.se\\\/vg2\\\/\"},{\"@type\":\"ListItem\",\"position\":2,\"name\":\"Vi tar ansvar f\u00f6r v\u00e5r personal\"}]},{\"@type\":\"WebSite\",\"@id\":\"https:\\\/\\\/wp.kristdemokraterna.se\\\/vg2\\\/#website\",\"url\":\"https:\\\/\\\/wp.kristdemokraterna.se\\\/vg2\\\/\",\"name\":\"Kristdemokraterna | V\u00e4stra G\u00f6taland\",\"description\":\"\u00c4nnu en webbplats hos Kristdemokraterna\",\"inLanguage\":\"sv-SE\"},{\"@type\":\"Person\",\"@id\":\"https:\\\/\\\/wp.kristdemokraterna.se\\\/vg2\\\/#\\\/schema\\\/person\\\/0f6c60ed4a56428733155da1d4f48e25\",\"name\":\"vg2\",\"image\":{\"@type\":\"ImageObject\",\"inLanguage\":\"sv-SE\",\"@id\":\"https:\\\/\\\/secure.gravatar.com\\\/avatar\\\/78e997e768071bc2ed8711b6fa8797041ee2af3c6c40e45683f3ff6396d16f92?s=96&d=mm&r=g\",\"url\":\"https:\\\/\\\/secure.gravatar.com\\\/avatar\\\/78e997e768071bc2ed8711b6fa8797041ee2af3c6c40e45683f3ff6396d16f92?s=96&d=mm&r=g\",\"contentUrl\":\"https:\\\/\\\/secure.gravatar.com\\\/avatar\\\/78e997e768071bc2ed8711b6fa8797041ee2af3c6c40e45683f3ff6396d16f92?s=96&d=mm&r=g\",\"caption\":\"vg2\"},\"url\":\"https:\\\/\\\/wp.kristdemokraterna.se\\\/vg2\\\/author\\\/vg2\\\/\"}]}<\/script>\n<!-- \/ Yoast SEO plugin. -->","yoast_head_json":{"title":"Vi tar ansvar f\u00f6r v\u00e5r personal - Kristdemokraterna | V\u00e4stra G\u00f6taland","robots":{"index":"index","follow":"follow","max-snippet":"max-snippet:-1","max-image-preview":"max-image-preview:large","max-video-preview":"max-video-preview:-1"},"canonical":"https:\/\/wp.kristdemokraterna.se\/vg2\/vi-tar-ansvar-for-var-personal\/","og_locale":"sv_SE","og_type":"article","og_title":"Vi tar ansvar f\u00f6r v\u00e5r personal - Kristdemokraterna | V\u00e4stra G\u00f6taland","og_description":"Debattartikel Markbladet &#8211; Conny Br\u00e4nnberg och Lars-Inge Andersson\u00a0 F\u00f6r oss kristdemokra\u00adter \u00e4r fr\u00e5gor om v\u00e5rd och omsorg mycket angel\u00e4gna. Att inv\u00e5nare har god tillg\u00e5ng till v\u00e5rd d\u00e5 de beh\u00f6ver den \u00e4r en sj\u00e4lvklarhet.","og_url":"https:\/\/wp.kristdemokraterna.se\/vg2\/vi-tar-ansvar-for-var-personal\/","og_site_name":"Kristdemokraterna | V\u00e4stra G\u00f6taland","article_published_time":"2017-08-25T07:28:56+00:00","author":"vg2","twitter_card":"summary_large_image","twitter_misc":{"Skriven av":"vg2","Ber\u00e4knad l\u00e4stid":"2 minuter"},"schema":{"@context":"https:\/\/schema.org","@graph":[{"@type":"Article","@id":"https:\/\/wp.kristdemokraterna.se\/vg2\/vi-tar-ansvar-for-var-personal\/#article","isPartOf":{"@id":"https:\/\/wp.kristdemokraterna.se\/vg2\/vi-tar-ansvar-for-var-personal\/"},"author":{"name":"vg2","@id":"https:\/\/wp.kristdemokraterna.se\/vg2\/#\/schema\/person\/0f6c60ed4a56428733155da1d4f48e25"},"headline":"Vi tar ansvar f\u00f6r v\u00e5r personal","datePublished":"2017-08-25T07:28:56+00:00","mainEntityOfPage":{"@id":"https:\/\/wp.kristdemokraterna.se\/vg2\/vi-tar-ansvar-for-var-personal\/"},"wordCount":386,"keywords":["conny br\u00e4nnberg","H\u00e4lso- och sjukv\u00e5rd","Lars-Inge Andersson","Personal"],"articleSection":["Debattartiklar","H\u00e4lso- och sjukv\u00e5rd"],"inLanguage":"sv-SE"},{"@type":"WebPage","@id":"https:\/\/wp.kristdemokraterna.se\/vg2\/vi-tar-ansvar-for-var-personal\/","url":"https:\/\/wp.kristdemokraterna.se\/vg2\/vi-tar-ansvar-for-var-personal\/","name":"Vi tar ansvar f\u00f6r v\u00e5r personal - Kristdemokraterna | V\u00e4stra G\u00f6taland","isPartOf":{"@id":"https:\/\/wp.kristdemokraterna.se\/vg2\/#website"},"datePublished":"2017-08-25T07:28:56+00:00","author":{"@id":"https:\/\/wp.kristdemokraterna.se\/vg2\/#\/schema\/person\/0f6c60ed4a56428733155da1d4f48e25"},"breadcrumb":{"@id":"https:\/\/wp.kristdemokraterna.se\/vg2\/vi-tar-ansvar-for-var-personal\/#breadcrumb"},"inLanguage":"sv-SE","potentialAction":[{"@type":"ReadAction","target":["https:\/\/wp.kristdemokraterna.se\/vg2\/vi-tar-ansvar-for-var-personal\/"]}]},{"@type":"BreadcrumbList","@id":"https:\/\/wp.kristdemokraterna.se\/vg2\/vi-tar-ansvar-for-var-personal\/#breadcrumb","itemListElement":[{"@type":"ListItem","position":1,"name":"Hem","item":"https:\/\/wp.kristdemokraterna.se\/vg2\/"},{"@type":"ListItem","position":2,"name":"Vi tar ansvar f\u00f6r v\u00e5r personal"}]},{"@type":"WebSite","@id":"https:\/\/wp.kristdemokraterna.se\/vg2\/#website","url":"https:\/\/wp.kristdemokraterna.se\/vg2\/","name":"Kristdemokraterna | V\u00e4stra G\u00f6taland","description":"\u00c4nnu en webbplats hos Kristdemokraterna","inLanguage":"sv-SE"},{"@type":"Person","@id":"https:\/\/wp.kristdemokraterna.se\/vg2\/#\/schema\/person\/0f6c60ed4a56428733155da1d4f48e25","name":"vg2","image":{"@type":"ImageObject","inLanguage":"sv-SE","@id":"https:\/\/secure.gravatar.com\/avatar\/78e997e768071bc2ed8711b6fa8797041ee2af3c6c40e45683f3ff6396d16f92?s=96&d=mm&r=g","url":"https:\/\/secure.gravatar.com\/avatar\/78e997e768071bc2ed8711b6fa8797041ee2af3c6c40e45683f3ff6396d16f92?s=96&d=mm&r=g","contentUrl":"https:\/\/secure.gravatar.com\/avatar\/78e997e768071bc2ed8711b6fa8797041ee2af3c6c40e45683f3ff6396d16f92?s=96&d=mm&r=g","caption":"vg2"},"url":"https:\/\/wp.kristdemokraterna.se\/vg2\/author\/vg2\/"}]}},"_links":{"self":[{"href":"https:\/\/wp.kristdemokraterna.se\/vg2\/wp-json\/wp\/v2\/posts\/569","targetHints":{"allow":["GET"]}}],"collection":[{"href":"https:\/\/wp.kristdemokraterna.se\/vg2\/wp-json\/wp\/v2\/posts"}],"about":[{"href":"https:\/\/wp.kristdemokraterna.se\/vg2\/wp-json\/wp\/v2\/types\/post"}],"author":[{"embeddable":true,"href":"https:\/\/wp.kristdemokraterna.se\/vg2\/wp-json\/wp\/v2\/users\/963"}],"replies":[{"embeddable":true,"href":"https:\/\/wp.kristdemokraterna.se\/vg2\/wp-json\/wp\/v2\/comments?post=569"}],"version-history":[{"count":1,"href":"https:\/\/wp.kristdemokraterna.se\/vg2\/wp-json\/wp\/v2\/posts\/569\/revisions"}],"predecessor-version":[{"id":570,"href":"https:\/\/wp.kristdemokraterna.se\/vg2\/wp-json\/wp\/v2\/posts\/569\/revisions\/570"}],"wp:attachment":[{"href":"https:\/\/wp.kristdemokraterna.se\/vg2\/wp-json\/wp\/v2\/media?parent=569"}],"wp:term":[{"taxonomy":"category","embeddable":true,"href":"https:\/\/wp.kristdemokraterna.se\/vg2\/wp-json\/wp\/v2\/categories?post=569"},{"taxonomy":"post_tag","embeddable":true,"href":"https:\/\/wp.kristdemokraterna.se\/vg2\/wp-json\/wp\/v2\/tags?post=569"}],"curies":[{"name":"wp","href":"https:\/\/api.w.org\/{rel}","templated":true}]}}