{"id":611,"date":"2017-11-29T14:48:33","date_gmt":"2017-11-29T13:48:33","guid":{"rendered":"http:\/\/wp.kristdemokraterna.se\/vg2\/?p=611"},"modified":"2017-11-29T14:48:33","modified_gmt":"2017-11-29T13:48:33","slug":"fortsatta-offensiva-satsningar-for-halso-och-sjukvarden","status":"publish","type":"post","link":"https:\/\/wp.kristdemokraterna.se\/vg2\/fortsatta-offensiva-satsningar-for-halso-och-sjukvarden\/","title":{"rendered":"Fortsatta offensiva satsningar f\u00f6r h\u00e4lso- och sjukv\u00e5rden"},"content":{"rendered":"<p><strong>Pressmeddelande-<\/strong><br \/>\nSatsningar p\u00e5 tillg\u00e4nglighet inom akutsjukv\u00e5rden och psykiatrin liksom ett fokus p\u00e5 sjukv\u00e5rdens omst\u00e4llning \u00e4r de b\u00e4rande delarna i den budget som idag fastst\u00e4lldes av h\u00e4lso- och sjukv\u00e5rdsstyrelsen.<br \/>\n<!--more--><\/p>\n<p>&#8211; De stora satsningar vi genomf\u00f6rt p\u00e5 regionens akutsjukv\u00e5rd har b\u00f6rjat att ge resultat. Det \u00e4r d\u00e4rf\u00f6r viktigt att vi h\u00e5ller fast vid v\u00e5r strategi f\u00f6r att l\u00e5ngsiktigt bygga upp en akutverksamhet som m\u00f6ter inv\u00e5narnas f\u00f6rv\u00e4ntningar p\u00e5 tillg\u00e4nglighet och kvalitet, s\u00e4ger Tony Johansson, 1:e vice ordf\u00f6rande i h\u00e4lso- och sjukv\u00e5rdsstyrelsen.<\/p>\n<p>I maj 2017 togs i bred politisk enighet den historiska planen om en omst\u00e4llning av h\u00e4lso- och sjukv\u00e5rden i V\u00e4stra G\u00f6talandsregionen. Centralt i planen \u00e4r att utveckla den v\u00e5rd som regionens inv\u00e5nare beh\u00f6ver ofta och att arbete f\u00f6r \u00f6kad kvalitet och tillg\u00e4nglighet i hela v\u00e5rdkedjan. I h\u00e4lso- och sjukv\u00e5rdsstyrelsen budget st\u00e4rks den tidigare satsningen p\u00e5 v\u00e5rdens omst\u00e4llning med 250 mnkr och totalt satsar styrelsen 350 mnkr p\u00e5 framtidens h\u00e4lso- och sjukv\u00e5rd. I budgeten kvarst\u00e5r ocks\u00e5 2017 \u00e5rs satsning om drygt 140 mnkr p\u00e5 \u00f6kad tillg\u00e4nglighet.<\/p>\n<p>Budgeten inneb\u00e4r ocks\u00e5 att en fortsatt f\u00f6rst\u00e4rkning av den n\u00e4ra v\u00e5rden, psykiatrin och akutsjukv\u00e5rden. Den tidigare satsningen p\u00e5 akutsjukv\u00e5rden med 200 mnkr forts\u00e4tter under 2018, liksom satsningen om 250 mnkr p\u00e5 utveckling inom psykiatrin. F\u00f6r den Gr\u00f6nBl\u00e5 Samverkan har tillg\u00e4ngligheten och kvalit\u00e9n inom psykiatrin varit ett prioriterat omr\u00e5de under mandatperioden vilket allts\u00e5 \u00e4ven syns i h\u00e4lso- och sjukv\u00e5rdsstyrelsens detaljbudget.<\/p>\n<p>&#8211; Vi forts\u00e4tter v\u00e5rt arbete med att erbjuda en j\u00e4mlik och tillg\u00e4nglig psykiatrisk v\u00e5rd i hela regionen med att inf\u00f6ra de tidigare antagna psykiatriplanerna. Genom att vi f\u00f6rst\u00e4rker den n\u00e4ra v\u00e5rden kan vi ocks\u00e5 b\u00e4ttre m\u00f6ta den \u00f6kade psykiska oh\u00e4lsan, s\u00e4ger Monica Selin (KD), ledamot i h\u00e4lso- och sjukv\u00e5rdsstyrelsen och ordf\u00f6rande i psykiatriberedningen.<\/p>\n","protected":false},"excerpt":{"rendered":"<p>Pressmeddelande- Satsningar p\u00e5 tillg\u00e4nglighet inom akutsjukv\u00e5rden och psykiatrin liksom ett fokus p\u00e5 sjukv\u00e5rdens omst\u00e4llning \u00e4r de b\u00e4rande delarna i den budget som idag fastst\u00e4lldes av h\u00e4lso- och sjukv\u00e5rdsstyrelsen.<\/p>\n","protected":false},"author":963,"featured_media":0,"comment_status":"closed","ping_status":"closed","sticky":false,"template":"","format":"standard","meta":{"_acf_changed":false,"footnotes":""},"categories":[9,6],"tags":[12,24,19],"class_list":["post-611","post","type-post","status-publish","format-standard","hentry","category-halso-och-sjukvard","category-http-wp-kristdemokraterna-se-vg-pressmeddelanden","tag-halso-och-sjukvard","tag-monica-selin","tag-psykiatri"],"acf":[],"yoast_head":"<!-- This site is optimized with the Yoast SEO plugin v27.4 - https:\/\/yoast.com\/product\/yoast-seo-wordpress\/ -->\n<title>Fortsatta offensiva satsningar f\u00f6r h\u00e4lso- och sjukv\u00e5rden - Kristdemokraterna | V\u00e4stra G\u00f6taland<\/title>\n<meta name=\"robots\" content=\"index, follow, max-snippet:-1, max-image-preview:large, max-video-preview:-1\" \/>\n<link rel=\"canonical\" href=\"https:\/\/wp.kristdemokraterna.se\/vg2\/fortsatta-offensiva-satsningar-for-halso-och-sjukvarden\/\" \/>\n<meta property=\"og:locale\" content=\"sv_SE\" \/>\n<meta property=\"og:type\" content=\"article\" \/>\n<meta property=\"og:title\" content=\"Fortsatta offensiva satsningar f\u00f6r h\u00e4lso- och sjukv\u00e5rden - Kristdemokraterna | V\u00e4stra G\u00f6taland\" \/>\n<meta property=\"og:description\" content=\"Pressmeddelande- Satsningar p\u00e5 tillg\u00e4nglighet inom akutsjukv\u00e5rden och psykiatrin liksom ett fokus p\u00e5 sjukv\u00e5rdens omst\u00e4llning \u00e4r de b\u00e4rande delarna i den budget som idag fastst\u00e4lldes av h\u00e4lso- och sjukv\u00e5rdsstyrelsen.\" \/>\n<meta property=\"og:url\" content=\"https:\/\/wp.kristdemokraterna.se\/vg2\/fortsatta-offensiva-satsningar-for-halso-och-sjukvarden\/\" \/>\n<meta property=\"og:site_name\" content=\"Kristdemokraterna | V\u00e4stra G\u00f6taland\" \/>\n<meta property=\"article:published_time\" content=\"2017-11-29T13:48:33+00:00\" \/>\n<meta name=\"author\" content=\"vg2\" \/>\n<meta name=\"twitter:card\" content=\"summary_large_image\" \/>\n<meta name=\"twitter:label1\" content=\"Skriven av\" \/>\n\t<meta name=\"twitter:data1\" content=\"vg2\" \/>\n\t<meta name=\"twitter:label2\" content=\"Ber\u00e4knad l\u00e4stid\" \/>\n\t<meta name=\"twitter:data2\" content=\"2 minuter\" \/>\n<script type=\"application\/ld+json\" class=\"yoast-schema-graph\">{\"@context\":\"https:\\\/\\\/schema.org\",\"@graph\":[{\"@type\":\"Article\",\"@id\":\"https:\\\/\\\/wp.kristdemokraterna.se\\\/vg2\\\/fortsatta-offensiva-satsningar-for-halso-och-sjukvarden\\\/#article\",\"isPartOf\":{\"@id\":\"https:\\\/\\\/wp.kristdemokraterna.se\\\/vg2\\\/fortsatta-offensiva-satsningar-for-halso-och-sjukvarden\\\/\"},\"author\":{\"name\":\"vg2\",\"@id\":\"https:\\\/\\\/wp.kristdemokraterna.se\\\/vg2\\\/#\\\/schema\\\/person\\\/0f6c60ed4a56428733155da1d4f48e25\"},\"headline\":\"Fortsatta offensiva satsningar f\u00f6r h\u00e4lso- och sjukv\u00e5rden\",\"datePublished\":\"2017-11-29T13:48:33+00:00\",\"mainEntityOfPage\":{\"@id\":\"https:\\\/\\\/wp.kristdemokraterna.se\\\/vg2\\\/fortsatta-offensiva-satsningar-for-halso-och-sjukvarden\\\/\"},\"wordCount\":355,\"keywords\":[\"H\u00e4lso- och sjukv\u00e5rd\",\"Monica Selin\",\"Psykiatri\"],\"articleSection\":[\"H\u00e4lso- och sjukv\u00e5rd\",\"Pressmeddelanden\"],\"inLanguage\":\"sv-SE\"},{\"@type\":\"WebPage\",\"@id\":\"https:\\\/\\\/wp.kristdemokraterna.se\\\/vg2\\\/fortsatta-offensiva-satsningar-for-halso-och-sjukvarden\\\/\",\"url\":\"https:\\\/\\\/wp.kristdemokraterna.se\\\/vg2\\\/fortsatta-offensiva-satsningar-for-halso-och-sjukvarden\\\/\",\"name\":\"Fortsatta offensiva satsningar f\u00f6r h\u00e4lso- och sjukv\u00e5rden - Kristdemokraterna | V\u00e4stra G\u00f6taland\",\"isPartOf\":{\"@id\":\"https:\\\/\\\/wp.kristdemokraterna.se\\\/vg2\\\/#website\"},\"datePublished\":\"2017-11-29T13:48:33+00:00\",\"author\":{\"@id\":\"https:\\\/\\\/wp.kristdemokraterna.se\\\/vg2\\\/#\\\/schema\\\/person\\\/0f6c60ed4a56428733155da1d4f48e25\"},\"breadcrumb\":{\"@id\":\"https:\\\/\\\/wp.kristdemokraterna.se\\\/vg2\\\/fortsatta-offensiva-satsningar-for-halso-och-sjukvarden\\\/#breadcrumb\"},\"inLanguage\":\"sv-SE\",\"potentialAction\":[{\"@type\":\"ReadAction\",\"target\":[\"https:\\\/\\\/wp.kristdemokraterna.se\\\/vg2\\\/fortsatta-offensiva-satsningar-for-halso-och-sjukvarden\\\/\"]}]},{\"@type\":\"BreadcrumbList\",\"@id\":\"https:\\\/\\\/wp.kristdemokraterna.se\\\/vg2\\\/fortsatta-offensiva-satsningar-for-halso-och-sjukvarden\\\/#breadcrumb\",\"itemListElement\":[{\"@type\":\"ListItem\",\"position\":1,\"name\":\"Hem\",\"item\":\"https:\\\/\\\/wp.kristdemokraterna.se\\\/vg2\\\/\"},{\"@type\":\"ListItem\",\"position\":2,\"name\":\"Fortsatta offensiva satsningar f\u00f6r h\u00e4lso- och sjukv\u00e5rden\"}]},{\"@type\":\"WebSite\",\"@id\":\"https:\\\/\\\/wp.kristdemokraterna.se\\\/vg2\\\/#website\",\"url\":\"https:\\\/\\\/wp.kristdemokraterna.se\\\/vg2\\\/\",\"name\":\"Kristdemokraterna | V\u00e4stra G\u00f6taland\",\"description\":\"\u00c4nnu en webbplats hos Kristdemokraterna\",\"inLanguage\":\"sv-SE\"},{\"@type\":\"Person\",\"@id\":\"https:\\\/\\\/wp.kristdemokraterna.se\\\/vg2\\\/#\\\/schema\\\/person\\\/0f6c60ed4a56428733155da1d4f48e25\",\"name\":\"vg2\",\"image\":{\"@type\":\"ImageObject\",\"inLanguage\":\"sv-SE\",\"@id\":\"https:\\\/\\\/secure.gravatar.com\\\/avatar\\\/78e997e768071bc2ed8711b6fa8797041ee2af3c6c40e45683f3ff6396d16f92?s=96&d=mm&r=g\",\"url\":\"https:\\\/\\\/secure.gravatar.com\\\/avatar\\\/78e997e768071bc2ed8711b6fa8797041ee2af3c6c40e45683f3ff6396d16f92?s=96&d=mm&r=g\",\"contentUrl\":\"https:\\\/\\\/secure.gravatar.com\\\/avatar\\\/78e997e768071bc2ed8711b6fa8797041ee2af3c6c40e45683f3ff6396d16f92?s=96&d=mm&r=g\",\"caption\":\"vg2\"},\"url\":\"https:\\\/\\\/wp.kristdemokraterna.se\\\/vg2\\\/author\\\/vg2\\\/\"}]}<\/script>\n<!-- \/ Yoast SEO plugin. -->","yoast_head_json":{"title":"Fortsatta offensiva satsningar f\u00f6r h\u00e4lso- och sjukv\u00e5rden - Kristdemokraterna | V\u00e4stra G\u00f6taland","robots":{"index":"index","follow":"follow","max-snippet":"max-snippet:-1","max-image-preview":"max-image-preview:large","max-video-preview":"max-video-preview:-1"},"canonical":"https:\/\/wp.kristdemokraterna.se\/vg2\/fortsatta-offensiva-satsningar-for-halso-och-sjukvarden\/","og_locale":"sv_SE","og_type":"article","og_title":"Fortsatta offensiva satsningar f\u00f6r h\u00e4lso- och sjukv\u00e5rden - Kristdemokraterna | V\u00e4stra G\u00f6taland","og_description":"Pressmeddelande- Satsningar p\u00e5 tillg\u00e4nglighet inom akutsjukv\u00e5rden och psykiatrin liksom ett fokus p\u00e5 sjukv\u00e5rdens omst\u00e4llning \u00e4r de b\u00e4rande delarna i den budget som idag fastst\u00e4lldes av h\u00e4lso- och sjukv\u00e5rdsstyrelsen.","og_url":"https:\/\/wp.kristdemokraterna.se\/vg2\/fortsatta-offensiva-satsningar-for-halso-och-sjukvarden\/","og_site_name":"Kristdemokraterna | V\u00e4stra G\u00f6taland","article_published_time":"2017-11-29T13:48:33+00:00","author":"vg2","twitter_card":"summary_large_image","twitter_misc":{"Skriven av":"vg2","Ber\u00e4knad l\u00e4stid":"2 minuter"},"schema":{"@context":"https:\/\/schema.org","@graph":[{"@type":"Article","@id":"https:\/\/wp.kristdemokraterna.se\/vg2\/fortsatta-offensiva-satsningar-for-halso-och-sjukvarden\/#article","isPartOf":{"@id":"https:\/\/wp.kristdemokraterna.se\/vg2\/fortsatta-offensiva-satsningar-for-halso-och-sjukvarden\/"},"author":{"name":"vg2","@id":"https:\/\/wp.kristdemokraterna.se\/vg2\/#\/schema\/person\/0f6c60ed4a56428733155da1d4f48e25"},"headline":"Fortsatta offensiva satsningar f\u00f6r h\u00e4lso- och sjukv\u00e5rden","datePublished":"2017-11-29T13:48:33+00:00","mainEntityOfPage":{"@id":"https:\/\/wp.kristdemokraterna.se\/vg2\/fortsatta-offensiva-satsningar-for-halso-och-sjukvarden\/"},"wordCount":355,"keywords":["H\u00e4lso- och sjukv\u00e5rd","Monica Selin","Psykiatri"],"articleSection":["H\u00e4lso- och sjukv\u00e5rd","Pressmeddelanden"],"inLanguage":"sv-SE"},{"@type":"WebPage","@id":"https:\/\/wp.kristdemokraterna.se\/vg2\/fortsatta-offensiva-satsningar-for-halso-och-sjukvarden\/","url":"https:\/\/wp.kristdemokraterna.se\/vg2\/fortsatta-offensiva-satsningar-for-halso-och-sjukvarden\/","name":"Fortsatta offensiva satsningar f\u00f6r h\u00e4lso- och sjukv\u00e5rden - Kristdemokraterna | V\u00e4stra G\u00f6taland","isPartOf":{"@id":"https:\/\/wp.kristdemokraterna.se\/vg2\/#website"},"datePublished":"2017-11-29T13:48:33+00:00","author":{"@id":"https:\/\/wp.kristdemokraterna.se\/vg2\/#\/schema\/person\/0f6c60ed4a56428733155da1d4f48e25"},"breadcrumb":{"@id":"https:\/\/wp.kristdemokraterna.se\/vg2\/fortsatta-offensiva-satsningar-for-halso-och-sjukvarden\/#breadcrumb"},"inLanguage":"sv-SE","potentialAction":[{"@type":"ReadAction","target":["https:\/\/wp.kristdemokraterna.se\/vg2\/fortsatta-offensiva-satsningar-for-halso-och-sjukvarden\/"]}]},{"@type":"BreadcrumbList","@id":"https:\/\/wp.kristdemokraterna.se\/vg2\/fortsatta-offensiva-satsningar-for-halso-och-sjukvarden\/#breadcrumb","itemListElement":[{"@type":"ListItem","position":1,"name":"Hem","item":"https:\/\/wp.kristdemokraterna.se\/vg2\/"},{"@type":"ListItem","position":2,"name":"Fortsatta offensiva satsningar f\u00f6r h\u00e4lso- och sjukv\u00e5rden"}]},{"@type":"WebSite","@id":"https:\/\/wp.kristdemokraterna.se\/vg2\/#website","url":"https:\/\/wp.kristdemokraterna.se\/vg2\/","name":"Kristdemokraterna | V\u00e4stra G\u00f6taland","description":"\u00c4nnu en webbplats hos Kristdemokraterna","inLanguage":"sv-SE"},{"@type":"Person","@id":"https:\/\/wp.kristdemokraterna.se\/vg2\/#\/schema\/person\/0f6c60ed4a56428733155da1d4f48e25","name":"vg2","image":{"@type":"ImageObject","inLanguage":"sv-SE","@id":"https:\/\/secure.gravatar.com\/avatar\/78e997e768071bc2ed8711b6fa8797041ee2af3c6c40e45683f3ff6396d16f92?s=96&d=mm&r=g","url":"https:\/\/secure.gravatar.com\/avatar\/78e997e768071bc2ed8711b6fa8797041ee2af3c6c40e45683f3ff6396d16f92?s=96&d=mm&r=g","contentUrl":"https:\/\/secure.gravatar.com\/avatar\/78e997e768071bc2ed8711b6fa8797041ee2af3c6c40e45683f3ff6396d16f92?s=96&d=mm&r=g","caption":"vg2"},"url":"https:\/\/wp.kristdemokraterna.se\/vg2\/author\/vg2\/"}]}},"_links":{"self":[{"href":"https:\/\/wp.kristdemokraterna.se\/vg2\/wp-json\/wp\/v2\/posts\/611","targetHints":{"allow":["GET"]}}],"collection":[{"href":"https:\/\/wp.kristdemokraterna.se\/vg2\/wp-json\/wp\/v2\/posts"}],"about":[{"href":"https:\/\/wp.kristdemokraterna.se\/vg2\/wp-json\/wp\/v2\/types\/post"}],"author":[{"embeddable":true,"href":"https:\/\/wp.kristdemokraterna.se\/vg2\/wp-json\/wp\/v2\/users\/963"}],"replies":[{"embeddable":true,"href":"https:\/\/wp.kristdemokraterna.se\/vg2\/wp-json\/wp\/v2\/comments?post=611"}],"version-history":[{"count":2,"href":"https:\/\/wp.kristdemokraterna.se\/vg2\/wp-json\/wp\/v2\/posts\/611\/revisions"}],"predecessor-version":[{"id":614,"href":"https:\/\/wp.kristdemokraterna.se\/vg2\/wp-json\/wp\/v2\/posts\/611\/revisions\/614"}],"wp:attachment":[{"href":"https:\/\/wp.kristdemokraterna.se\/vg2\/wp-json\/wp\/v2\/media?parent=611"}],"wp:term":[{"taxonomy":"category","embeddable":true,"href":"https:\/\/wp.kristdemokraterna.se\/vg2\/wp-json\/wp\/v2\/categories?post=611"},{"taxonomy":"post_tag","embeddable":true,"href":"https:\/\/wp.kristdemokraterna.se\/vg2\/wp-json\/wp\/v2\/tags?post=611"}],"curies":[{"name":"wp","href":"https:\/\/api.w.org\/{rel}","templated":true}]}}