{"id":837,"date":"2019-05-06T08:34:36","date_gmt":"2019-05-06T06:34:36","guid":{"rendered":"http:\/\/wp.kristdemokraterna.se\/vg2\/?p=837"},"modified":"2019-05-06T09:53:39","modified_gmt":"2019-05-06T07:53:39","slug":"vi-satsar-pa-mer-vard-per-skattekrona-och-fast-lakarkontakt","status":"publish","type":"post","link":"https:\/\/wp.kristdemokraterna.se\/vg2\/vi-satsar-pa-mer-vard-per-skattekrona-och-fast-lakarkontakt\/","title":{"rendered":"Vi satsar p\u00e5 mer v\u00e5rd per skattekrona och fast l\u00e4karkontakt"},"content":{"rendered":"<p><strong>Debattartikel GP &#8211; Conny Br\u00e4nnberg m.fl.<\/strong><br \/>\nVi \u00e4r \u00f6vertygade om att sjukv\u00e5rdens problem inte fr\u00e4mst \u00e4r ekonomiska, utan organisatoriska. Vi tror att l\u00f6sningarna finns p\u00e5 varje sjukhus, i varje verksamhet och p\u00e5 varje enskild v\u00e5rdavdelning. D\u00e4rf\u00f6r vill vi minska den detaljstyrning som sker i dag.<br \/>\n<!--more--><br \/>\nSedan 2014 har Moderaterna, Centerpartiet, Kristdemokraterna, Liberalerna och Milj\u00f6partiet tillsammans i Gr\u00f6nbl\u00e5 samverkan utgjort den politiska ledningen f\u00f6r V\u00e4stra G\u00f6talandsregionen. Det har varit en period av stark tillv\u00e4xt d\u00e5 stora satsningar kunnat g\u00f6ras p\u00e5 bland annat akutsjukv\u00e5rden, psykiatrin och v\u00e5rdens medarbetare. Vi har inlett en omst\u00e4llning av sjukv\u00e5rden som ska leda till att den patientn\u00e4ra och vardagliga v\u00e5rden utvecklas och f\u00f6rst\u00e4rks. Vi har p\u00e5b\u00f6rjat inf\u00f6randet av framtidens v\u00e5rdinformationsmilj\u00f6, som ska tillvarata de m\u00f6jligheter som digitaliseringen medger f\u00f6r h\u00e4lso- och sjukv\u00e5rden. Det \u00e4r satsningar som \u00e4r l\u00e5ngsiktiga och v\u00e4rdefulla f\u00f6r att patienterna i V\u00e4stra G\u00f6taland, nu och i framtiden, ska \u00e5tnjuta en kvalitativ, trygg och kostnadseffektiv h\u00e4lso- och sjukv\u00e5rd.<\/p>\n<p><strong>Ekonomiskt ansvarstagande<\/strong><br \/>\nL\u00e5ngsiktighet och kontinuitet pr\u00e4glar \u00e4ven v\u00e5r budget f\u00f6r \u00e5r 2020. Tidigare gjorda satsningar ligger kvar och utvecklingen fortg\u00e5r. Men de ekonomiska f\u00f6ruts\u00e4ttningarna har f\u00f6r\u00e4ndrats. Prognoserna f\u00f6r de n\u00e4rmast kommande \u00e5ren indikerar vikande tillv\u00e4xt och minskande skatteunderlag f\u00f6r Sveriges kommuner och regioner. Det finns d\u00e4rf\u00f6r inte n\u00e5got ekonomiskt utrymme f\u00f6r nya satsningar. Nu kr\u00e4vs det i st\u00e4llet att politiken f\u00f6rm\u00e5r att uppvisa ekonomiskt ansvarstagande och \u00e5terh\u00e5llsamhet.<\/p>\n<p>Medborgarna m\u00e5ste helt enkelt f\u00e5 ut mer v\u00e5rd per satsad skattekrona. Resurser beh\u00f6ver d\u00e4rf\u00f6r omf\u00f6rdelas fr\u00e5n de stora sjukhusen till den n\u00e4ra v\u00e5rden som m\u00e4nniskor beh\u00f6ver ofta.<br \/>\nH\u00e4lso- och sjukv\u00e5rden i V\u00e4stra G\u00f6talandsregionen h\u00e5ller h\u00f6g kvalitet. Men kostnaderna f\u00f6r sjukv\u00e5rden har \u00f6kat och \u00f6kar i en avsev\u00e4rt h\u00f6gre takt \u00e4n vad int\u00e4kterna fr\u00e5n skatter och statsbidrag g\u00f6r. Det \u00e4r en oh\u00e5llbar utveckling som m\u00e5ste h\u00e4vas och v\u00e4ndas om vi l\u00e5ngsiktigt ska f\u00f6rm\u00e5 att tillhandah\u00e5lla god v\u00e5rd utifr\u00e5n ett rimligt skatteuttag. Medborgarna m\u00e5ste helt enkelt f\u00e5 ut mer v\u00e5rd per satsad skattekrona. Resurser beh\u00f6ver d\u00e4rf\u00f6r omf\u00f6rdelas fr\u00e5n de stora sjukhusen till den n\u00e4ra v\u00e5rden som m\u00e4nniskor beh\u00f6ver ofta. Detta g\u00f6r vi genom att bygga ut bland annat mobil hemsjukv\u00e5rd och v\u00e5rdcentraler, samtidigt som vi koncentrerar den h\u00f6gspecialiserade v\u00e5rden till f\u00e4rre sjukhus.<\/p>\n<p>Under de g\u00e5ngna fyra \u00e5ren har vi tillf\u00f6rt avsev\u00e4rda belopp till h\u00e4lso- och sjukv\u00e5rden i V\u00e4stra G\u00f6taland. Men kostnaderna har dessv\u00e4rre \u00f6kat i avsev\u00e4rt h\u00f6gre grad \u00e4n produktiviteten. Vi \u00e4r \u00f6vertygade om att sjukv\u00e5rdens problem inte fr\u00e4mst \u00e4r ekonomiska, utan organisatoriska. Medvetna reformer beh\u00f6vs f\u00f6r att l\u00f6sa de systemfel som drabbar patienter i form av l\u00e5nga k\u00f6er och medarbetare i form av d\u00e5lig och stressig arbetsmilj\u00f6.<\/p>\n<p>Vi tror att l\u00f6sningarna i stor utstr\u00e4ckning finns p\u00e5 varje sjukhus, i varje verksamhet och p\u00e5 varje enskild v\u00e5rdavdelning. D\u00e4rf\u00f6r vill vi minska den detaljstyrning som sker utifr\u00e5n ett organisatoriskt ovanifr\u00e5nperspektiv. Vi vill bana v\u00e4g f\u00f6r en tillitsstyrning, d\u00e4r ansvar, makt och befogenheter att n\u00e5 ekonomiska och verksamhetsm\u00e4ssiga m\u00e5l decentraliseras till regionens chefer och medarbetare.<\/p>\n<p><strong>On\u00f6dig byr\u00e5krati ska bort<\/strong><br \/>\nSom ett led i denna kulturf\u00f6r\u00e4ndring vill vi inf\u00f6ra det vi kallar f\u00f6r administrativ pr\u00f6vningsr\u00e4tt. Det inneb\u00e4r att medarbetarna ska kunna ifr\u00e5gas\u00e4tta on\u00f6dig och omst\u00e4ndlig administration som g\u00f6r arbetet omst\u00e4ndligt och ineffektivt. On\u00f6dig byr\u00e5krati och tyngande rutiner ska tas bort eller f\u00f6renklas.<\/p>\n<p>V\u00e5rt m\u00e5l \u00e4r att alla v\u00e5rdcentraler i V\u00e4stra G\u00f6talandsregionen inom fem \u00e5r ska kunna erbjuda alla inv\u00e5nare en fast l\u00e4karkontakt.<\/p>\n<p>Att m\u00e4nniskor k\u00e4nner n\u00e4rhet till och f\u00f6rtroende f\u00f6r den f\u00f6rsta linjens prim\u00e4rv\u00e5rd \u00e4r v\u00e4sentligt. V\u00e5rt m\u00e5l \u00e4r att alla v\u00e5rdcentraler i V\u00e4stra G\u00f6talandsregionen inom fem \u00e5r ska kunna erbjuda alla inv\u00e5nare en fast l\u00e4karkontakt. Det \u00e4r fr\u00e5ga om trygghet f\u00f6r patienten, men ocks\u00e5 om kvalitet och effektivitet att den behandlande l\u00e4karen k\u00e4nner patienten och \u00e4r f\u00f6rtrogen med dess sjukdomshistorik. D\u00e4rf\u00f6r f\u00f6resl\u00e5r vi att de v\u00e5rdcentraler som f\u00f6rm\u00e5r att tillhandah\u00e5lla fast l\u00e4karkontakt ska premieras.<\/p>\n<p>Redan nu och i h\u00f6gre grad i framtiden kommer det att r\u00e5da h\u00e5rd konkurrens om utbildad personal. Med m\u00e5let att bli och vara Sveriges b\u00e4sta offentliga arbetsgivare siktar V\u00e4stra G\u00f6talandsregionen p\u00e5 att rekrytera, beh\u00e5lla och utveckla skickliga medarbetare inom de olika yrkeskategorier som gemensamt \u00e4r f\u00f6ruts\u00e4ttningen f\u00f6r en god, trygg och m\u00e4nsklig sjukv\u00e5rd.<br \/>\nGr\u00f6nbl\u00e5 samverkan forts\u00e4tter satsningen p\u00e5 v\u00e5rdens medarbetare och p\u00e5 en f\u00f6rb\u00e4ttrad arbetsmilj\u00f6. Vi utvecklar tilliten och f\u00f6rb\u00e4ttrar medarbetarnas m\u00f6jlighet att p\u00e5verka sitt arbete i vardagen. Regionen ska vara en arbetsgivare som tillhandah\u00e5ller en konkurrenskraftig l\u00f6n och till\u00e5ter l\u00f6nespridning f\u00f6r att premiera de medarbetare som visar s\u00e4rskild skicklighet och anstr\u00e4nger sig lite extra i sin yrkesut\u00f6vning.<\/p>\n<p><strong>Tuffa arbetspass ska l\u00f6na sig<\/strong><br \/>\nDet ska ocks\u00e5 l\u00f6na sig att ta de lite tuffare och mer obekv\u00e4ma arbetspassen. Den f\u00f6rdubbling av OB-ers\u00e4ttningen nattetid och h\u00f6jningen med 50 procent f\u00f6r helgtj\u00e4nstg\u00f6ring, som Gr\u00f6nbl\u00e5 samverkan tidigare har inf\u00f6rt, har gett goda resultat f\u00f6r bemanningen. Denna satsning ligger fast \u00e4ven f\u00f6r kommande \u00e5r.<\/p>\n<p>Ordning och reda i ekonomin st\u00e5r inte mot utveckling och f\u00f6rb\u00e4ttring av sjukv\u00e5rden. De \u00e4r varandras f\u00f6ruts\u00e4ttningar. Med f\u00f6rslaget till budget tar Gr\u00f6nbl\u00e5 samverkan ansvar f\u00f6r b\u00e5da.<\/p>\n<p><strong>Johnny Magnusson (M)<\/strong><br \/>\nordf\u00f6rande, regionstyrelsen<br \/>\n<strong>Kristina Jon\u00e4ng (C)<\/strong><br \/>\nregionr\u00e5d<br \/>\n<strong>Conny Br\u00e4nnberg (KD)<\/strong><br \/>\nregionr\u00e5d<br \/>\n<strong>Jonas Andersson (L)<\/strong><br \/>\nregionr\u00e5d<br \/>\n<strong>Ulrika Frick (MP)<\/strong><br \/>\nregionr\u00e5d<\/p>\n","protected":false},"excerpt":{"rendered":"<p>Debattartikel GP &#8211; Conny Br\u00e4nnberg m.fl. Vi \u00e4r \u00f6vertygade om att sjukv\u00e5rdens problem inte fr\u00e4mst \u00e4r ekonomiska, utan organisatoriska. Vi tror att l\u00f6sningarna finns p\u00e5 varje sjukhus, i varje verksamhet och p\u00e5 varje enskild v\u00e5rdavdelning. D\u00e4rf\u00f6r vill vi minska den detaljstyrning som sker i dag.<\/p>\n","protected":false},"author":963,"featured_media":729,"comment_status":"closed","ping_status":"closed","sticky":false,"template":"","format":"standard","meta":{"_acf_changed":false,"footnotes":""},"categories":[7,9],"tags":[40,28,29,12,21],"class_list":["post-837","post","type-post","status-publish","format-standard","hentry","category-debattartiklar","category-halso-och-sjukvard","tag-budget","tag-conny-brannberg","tag-ekonomi","tag-halso-och-sjukvard","tag-personal"],"acf":[],"yoast_head":"<!-- This site is optimized with the Yoast SEO plugin v27.4 - https:\/\/yoast.com\/product\/yoast-seo-wordpress\/ -->\n<title>Vi satsar p\u00e5 mer v\u00e5rd per skattekrona och fast l\u00e4karkontakt - Kristdemokraterna | V\u00e4stra G\u00f6taland<\/title>\n<meta name=\"robots\" content=\"index, follow, max-snippet:-1, max-image-preview:large, max-video-preview:-1\" \/>\n<link rel=\"canonical\" href=\"https:\/\/wp.kristdemokraterna.se\/vg2\/vi-satsar-pa-mer-vard-per-skattekrona-och-fast-lakarkontakt\/\" \/>\n<meta property=\"og:locale\" content=\"sv_SE\" \/>\n<meta property=\"og:type\" content=\"article\" \/>\n<meta property=\"og:title\" content=\"Vi satsar p\u00e5 mer v\u00e5rd per skattekrona och fast l\u00e4karkontakt - Kristdemokraterna | V\u00e4stra G\u00f6taland\" \/>\n<meta property=\"og:description\" content=\"Debattartikel GP &#8211; Conny Br\u00e4nnberg m.fl. Vi \u00e4r \u00f6vertygade om att sjukv\u00e5rdens problem inte fr\u00e4mst \u00e4r ekonomiska, utan organisatoriska. Vi tror att l\u00f6sningarna finns p\u00e5 varje sjukhus, i varje verksamhet och p\u00e5 varje enskild v\u00e5rdavdelning. D\u00e4rf\u00f6r vill vi minska den detaljstyrning som sker i dag.\" \/>\n<meta property=\"og:url\" content=\"https:\/\/wp.kristdemokraterna.se\/vg2\/vi-satsar-pa-mer-vard-per-skattekrona-och-fast-lakarkontakt\/\" \/>\n<meta property=\"og:site_name\" content=\"Kristdemokraterna | V\u00e4stra G\u00f6taland\" \/>\n<meta property=\"article:published_time\" content=\"2019-05-06T06:34:36+00:00\" \/>\n<meta property=\"article:modified_time\" content=\"2019-05-06T07:53:39+00:00\" \/>\n<meta property=\"og:image\" content=\"https:\/\/wp.kristdemokraterna.se\/vg2\/files\/2018\/06\/aldre-man.jpg\" \/>\n\t<meta property=\"og:image:width\" content=\"471\" \/>\n\t<meta property=\"og:image:height\" content=\"262\" \/>\n\t<meta property=\"og:image:type\" content=\"image\/jpeg\" \/>\n<meta name=\"author\" content=\"vg2\" \/>\n<meta name=\"twitter:card\" content=\"summary_large_image\" \/>\n<meta name=\"twitter:label1\" content=\"Skriven av\" \/>\n\t<meta name=\"twitter:data1\" content=\"vg2\" \/>\n\t<meta name=\"twitter:label2\" content=\"Ber\u00e4knad l\u00e4stid\" \/>\n\t<meta name=\"twitter:data2\" content=\"5 minuter\" \/>\n<script type=\"application\/ld+json\" class=\"yoast-schema-graph\">{\"@context\":\"https:\\\/\\\/schema.org\",\"@graph\":[{\"@type\":\"Article\",\"@id\":\"https:\\\/\\\/wp.kristdemokraterna.se\\\/vg2\\\/vi-satsar-pa-mer-vard-per-skattekrona-och-fast-lakarkontakt\\\/#article\",\"isPartOf\":{\"@id\":\"https:\\\/\\\/wp.kristdemokraterna.se\\\/vg2\\\/vi-satsar-pa-mer-vard-per-skattekrona-och-fast-lakarkontakt\\\/\"},\"author\":{\"name\":\"vg2\",\"@id\":\"https:\\\/\\\/wp.kristdemokraterna.se\\\/vg2\\\/#\\\/schema\\\/person\\\/0f6c60ed4a56428733155da1d4f48e25\"},\"headline\":\"Vi satsar p\u00e5 mer v\u00e5rd per skattekrona och fast l\u00e4karkontakt\",\"datePublished\":\"2019-05-06T06:34:36+00:00\",\"dateModified\":\"2019-05-06T07:53:39+00:00\",\"mainEntityOfPage\":{\"@id\":\"https:\\\/\\\/wp.kristdemokraterna.se\\\/vg2\\\/vi-satsar-pa-mer-vard-per-skattekrona-och-fast-lakarkontakt\\\/\"},\"wordCount\":1081,\"image\":{\"@id\":\"https:\\\/\\\/wp.kristdemokraterna.se\\\/vg2\\\/vi-satsar-pa-mer-vard-per-skattekrona-och-fast-lakarkontakt\\\/#primaryimage\"},\"thumbnailUrl\":\"https:\\\/\\\/wp.kristdemokraterna.se\\\/vg2\\\/files\\\/2018\\\/06\\\/aldre-man.jpg\",\"keywords\":[\"Budget\",\"conny br\u00e4nnberg\",\"ekonomi\",\"H\u00e4lso- och sjukv\u00e5rd\",\"Personal\"],\"articleSection\":[\"Debattartiklar\",\"H\u00e4lso- och sjukv\u00e5rd\"],\"inLanguage\":\"sv-SE\"},{\"@type\":\"WebPage\",\"@id\":\"https:\\\/\\\/wp.kristdemokraterna.se\\\/vg2\\\/vi-satsar-pa-mer-vard-per-skattekrona-och-fast-lakarkontakt\\\/\",\"url\":\"https:\\\/\\\/wp.kristdemokraterna.se\\\/vg2\\\/vi-satsar-pa-mer-vard-per-skattekrona-och-fast-lakarkontakt\\\/\",\"name\":\"Vi satsar p\u00e5 mer v\u00e5rd per skattekrona och fast l\u00e4karkontakt - Kristdemokraterna | V\u00e4stra G\u00f6taland\",\"isPartOf\":{\"@id\":\"https:\\\/\\\/wp.kristdemokraterna.se\\\/vg2\\\/#website\"},\"primaryImageOfPage\":{\"@id\":\"https:\\\/\\\/wp.kristdemokraterna.se\\\/vg2\\\/vi-satsar-pa-mer-vard-per-skattekrona-och-fast-lakarkontakt\\\/#primaryimage\"},\"image\":{\"@id\":\"https:\\\/\\\/wp.kristdemokraterna.se\\\/vg2\\\/vi-satsar-pa-mer-vard-per-skattekrona-och-fast-lakarkontakt\\\/#primaryimage\"},\"thumbnailUrl\":\"https:\\\/\\\/wp.kristdemokraterna.se\\\/vg2\\\/files\\\/2018\\\/06\\\/aldre-man.jpg\",\"datePublished\":\"2019-05-06T06:34:36+00:00\",\"dateModified\":\"2019-05-06T07:53:39+00:00\",\"author\":{\"@id\":\"https:\\\/\\\/wp.kristdemokraterna.se\\\/vg2\\\/#\\\/schema\\\/person\\\/0f6c60ed4a56428733155da1d4f48e25\"},\"breadcrumb\":{\"@id\":\"https:\\\/\\\/wp.kristdemokraterna.se\\\/vg2\\\/vi-satsar-pa-mer-vard-per-skattekrona-och-fast-lakarkontakt\\\/#breadcrumb\"},\"inLanguage\":\"sv-SE\",\"potentialAction\":[{\"@type\":\"ReadAction\",\"target\":[\"https:\\\/\\\/wp.kristdemokraterna.se\\\/vg2\\\/vi-satsar-pa-mer-vard-per-skattekrona-och-fast-lakarkontakt\\\/\"]}]},{\"@type\":\"ImageObject\",\"inLanguage\":\"sv-SE\",\"@id\":\"https:\\\/\\\/wp.kristdemokraterna.se\\\/vg2\\\/vi-satsar-pa-mer-vard-per-skattekrona-och-fast-lakarkontakt\\\/#primaryimage\",\"url\":\"https:\\\/\\\/wp.kristdemokraterna.se\\\/vg2\\\/files\\\/2018\\\/06\\\/aldre-man.jpg\",\"contentUrl\":\"https:\\\/\\\/wp.kristdemokraterna.se\\\/vg2\\\/files\\\/2018\\\/06\\\/aldre-man.jpg\",\"width\":471,\"height\":262},{\"@type\":\"BreadcrumbList\",\"@id\":\"https:\\\/\\\/wp.kristdemokraterna.se\\\/vg2\\\/vi-satsar-pa-mer-vard-per-skattekrona-och-fast-lakarkontakt\\\/#breadcrumb\",\"itemListElement\":[{\"@type\":\"ListItem\",\"position\":1,\"name\":\"Hem\",\"item\":\"https:\\\/\\\/wp.kristdemokraterna.se\\\/vg2\\\/\"},{\"@type\":\"ListItem\",\"position\":2,\"name\":\"Vi satsar p\u00e5 mer v\u00e5rd per skattekrona och fast l\u00e4karkontakt\"}]},{\"@type\":\"WebSite\",\"@id\":\"https:\\\/\\\/wp.kristdemokraterna.se\\\/vg2\\\/#website\",\"url\":\"https:\\\/\\\/wp.kristdemokraterna.se\\\/vg2\\\/\",\"name\":\"Kristdemokraterna | V\u00e4stra G\u00f6taland\",\"description\":\"\u00c4nnu en webbplats hos Kristdemokraterna\",\"inLanguage\":\"sv-SE\"},{\"@type\":\"Person\",\"@id\":\"https:\\\/\\\/wp.kristdemokraterna.se\\\/vg2\\\/#\\\/schema\\\/person\\\/0f6c60ed4a56428733155da1d4f48e25\",\"name\":\"vg2\",\"image\":{\"@type\":\"ImageObject\",\"inLanguage\":\"sv-SE\",\"@id\":\"https:\\\/\\\/secure.gravatar.com\\\/avatar\\\/78e997e768071bc2ed8711b6fa8797041ee2af3c6c40e45683f3ff6396d16f92?s=96&d=mm&r=g\",\"url\":\"https:\\\/\\\/secure.gravatar.com\\\/avatar\\\/78e997e768071bc2ed8711b6fa8797041ee2af3c6c40e45683f3ff6396d16f92?s=96&d=mm&r=g\",\"contentUrl\":\"https:\\\/\\\/secure.gravatar.com\\\/avatar\\\/78e997e768071bc2ed8711b6fa8797041ee2af3c6c40e45683f3ff6396d16f92?s=96&d=mm&r=g\",\"caption\":\"vg2\"},\"url\":\"https:\\\/\\\/wp.kristdemokraterna.se\\\/vg2\\\/author\\\/vg2\\\/\"}]}<\/script>\n<!-- \/ Yoast SEO plugin. -->","yoast_head_json":{"title":"Vi satsar p\u00e5 mer v\u00e5rd per skattekrona och fast l\u00e4karkontakt - Kristdemokraterna | V\u00e4stra G\u00f6taland","robots":{"index":"index","follow":"follow","max-snippet":"max-snippet:-1","max-image-preview":"max-image-preview:large","max-video-preview":"max-video-preview:-1"},"canonical":"https:\/\/wp.kristdemokraterna.se\/vg2\/vi-satsar-pa-mer-vard-per-skattekrona-och-fast-lakarkontakt\/","og_locale":"sv_SE","og_type":"article","og_title":"Vi satsar p\u00e5 mer v\u00e5rd per skattekrona och fast l\u00e4karkontakt - Kristdemokraterna | V\u00e4stra G\u00f6taland","og_description":"Debattartikel GP &#8211; Conny Br\u00e4nnberg m.fl. Vi \u00e4r \u00f6vertygade om att sjukv\u00e5rdens problem inte fr\u00e4mst \u00e4r ekonomiska, utan organisatoriska. Vi tror att l\u00f6sningarna finns p\u00e5 varje sjukhus, i varje verksamhet och p\u00e5 varje enskild v\u00e5rdavdelning. D\u00e4rf\u00f6r vill vi minska den detaljstyrning som sker i dag.","og_url":"https:\/\/wp.kristdemokraterna.se\/vg2\/vi-satsar-pa-mer-vard-per-skattekrona-och-fast-lakarkontakt\/","og_site_name":"Kristdemokraterna | V\u00e4stra G\u00f6taland","article_published_time":"2019-05-06T06:34:36+00:00","article_modified_time":"2019-05-06T07:53:39+00:00","og_image":[{"width":471,"height":262,"url":"https:\/\/wp.kristdemokraterna.se\/vg2\/files\/2018\/06\/aldre-man.jpg","type":"image\/jpeg"}],"author":"vg2","twitter_card":"summary_large_image","twitter_misc":{"Skriven av":"vg2","Ber\u00e4knad l\u00e4stid":"5 minuter"},"schema":{"@context":"https:\/\/schema.org","@graph":[{"@type":"Article","@id":"https:\/\/wp.kristdemokraterna.se\/vg2\/vi-satsar-pa-mer-vard-per-skattekrona-och-fast-lakarkontakt\/#article","isPartOf":{"@id":"https:\/\/wp.kristdemokraterna.se\/vg2\/vi-satsar-pa-mer-vard-per-skattekrona-och-fast-lakarkontakt\/"},"author":{"name":"vg2","@id":"https:\/\/wp.kristdemokraterna.se\/vg2\/#\/schema\/person\/0f6c60ed4a56428733155da1d4f48e25"},"headline":"Vi satsar p\u00e5 mer v\u00e5rd per skattekrona och fast l\u00e4karkontakt","datePublished":"2019-05-06T06:34:36+00:00","dateModified":"2019-05-06T07:53:39+00:00","mainEntityOfPage":{"@id":"https:\/\/wp.kristdemokraterna.se\/vg2\/vi-satsar-pa-mer-vard-per-skattekrona-och-fast-lakarkontakt\/"},"wordCount":1081,"image":{"@id":"https:\/\/wp.kristdemokraterna.se\/vg2\/vi-satsar-pa-mer-vard-per-skattekrona-och-fast-lakarkontakt\/#primaryimage"},"thumbnailUrl":"https:\/\/wp.kristdemokraterna.se\/vg2\/files\/2018\/06\/aldre-man.jpg","keywords":["Budget","conny br\u00e4nnberg","ekonomi","H\u00e4lso- och sjukv\u00e5rd","Personal"],"articleSection":["Debattartiklar","H\u00e4lso- och sjukv\u00e5rd"],"inLanguage":"sv-SE"},{"@type":"WebPage","@id":"https:\/\/wp.kristdemokraterna.se\/vg2\/vi-satsar-pa-mer-vard-per-skattekrona-och-fast-lakarkontakt\/","url":"https:\/\/wp.kristdemokraterna.se\/vg2\/vi-satsar-pa-mer-vard-per-skattekrona-och-fast-lakarkontakt\/","name":"Vi satsar p\u00e5 mer v\u00e5rd per skattekrona och fast l\u00e4karkontakt - Kristdemokraterna | V\u00e4stra G\u00f6taland","isPartOf":{"@id":"https:\/\/wp.kristdemokraterna.se\/vg2\/#website"},"primaryImageOfPage":{"@id":"https:\/\/wp.kristdemokraterna.se\/vg2\/vi-satsar-pa-mer-vard-per-skattekrona-och-fast-lakarkontakt\/#primaryimage"},"image":{"@id":"https:\/\/wp.kristdemokraterna.se\/vg2\/vi-satsar-pa-mer-vard-per-skattekrona-och-fast-lakarkontakt\/#primaryimage"},"thumbnailUrl":"https:\/\/wp.kristdemokraterna.se\/vg2\/files\/2018\/06\/aldre-man.jpg","datePublished":"2019-05-06T06:34:36+00:00","dateModified":"2019-05-06T07:53:39+00:00","author":{"@id":"https:\/\/wp.kristdemokraterna.se\/vg2\/#\/schema\/person\/0f6c60ed4a56428733155da1d4f48e25"},"breadcrumb":{"@id":"https:\/\/wp.kristdemokraterna.se\/vg2\/vi-satsar-pa-mer-vard-per-skattekrona-och-fast-lakarkontakt\/#breadcrumb"},"inLanguage":"sv-SE","potentialAction":[{"@type":"ReadAction","target":["https:\/\/wp.kristdemokraterna.se\/vg2\/vi-satsar-pa-mer-vard-per-skattekrona-och-fast-lakarkontakt\/"]}]},{"@type":"ImageObject","inLanguage":"sv-SE","@id":"https:\/\/wp.kristdemokraterna.se\/vg2\/vi-satsar-pa-mer-vard-per-skattekrona-och-fast-lakarkontakt\/#primaryimage","url":"https:\/\/wp.kristdemokraterna.se\/vg2\/files\/2018\/06\/aldre-man.jpg","contentUrl":"https:\/\/wp.kristdemokraterna.se\/vg2\/files\/2018\/06\/aldre-man.jpg","width":471,"height":262},{"@type":"BreadcrumbList","@id":"https:\/\/wp.kristdemokraterna.se\/vg2\/vi-satsar-pa-mer-vard-per-skattekrona-och-fast-lakarkontakt\/#breadcrumb","itemListElement":[{"@type":"ListItem","position":1,"name":"Hem","item":"https:\/\/wp.kristdemokraterna.se\/vg2\/"},{"@type":"ListItem","position":2,"name":"Vi satsar p\u00e5 mer v\u00e5rd per skattekrona och fast l\u00e4karkontakt"}]},{"@type":"WebSite","@id":"https:\/\/wp.kristdemokraterna.se\/vg2\/#website","url":"https:\/\/wp.kristdemokraterna.se\/vg2\/","name":"Kristdemokraterna | V\u00e4stra G\u00f6taland","description":"\u00c4nnu en webbplats hos Kristdemokraterna","inLanguage":"sv-SE"},{"@type":"Person","@id":"https:\/\/wp.kristdemokraterna.se\/vg2\/#\/schema\/person\/0f6c60ed4a56428733155da1d4f48e25","name":"vg2","image":{"@type":"ImageObject","inLanguage":"sv-SE","@id":"https:\/\/secure.gravatar.com\/avatar\/78e997e768071bc2ed8711b6fa8797041ee2af3c6c40e45683f3ff6396d16f92?s=96&d=mm&r=g","url":"https:\/\/secure.gravatar.com\/avatar\/78e997e768071bc2ed8711b6fa8797041ee2af3c6c40e45683f3ff6396d16f92?s=96&d=mm&r=g","contentUrl":"https:\/\/secure.gravatar.com\/avatar\/78e997e768071bc2ed8711b6fa8797041ee2af3c6c40e45683f3ff6396d16f92?s=96&d=mm&r=g","caption":"vg2"},"url":"https:\/\/wp.kristdemokraterna.se\/vg2\/author\/vg2\/"}]}},"_links":{"self":[{"href":"https:\/\/wp.kristdemokraterna.se\/vg2\/wp-json\/wp\/v2\/posts\/837","targetHints":{"allow":["GET"]}}],"collection":[{"href":"https:\/\/wp.kristdemokraterna.se\/vg2\/wp-json\/wp\/v2\/posts"}],"about":[{"href":"https:\/\/wp.kristdemokraterna.se\/vg2\/wp-json\/wp\/v2\/types\/post"}],"author":[{"embeddable":true,"href":"https:\/\/wp.kristdemokraterna.se\/vg2\/wp-json\/wp\/v2\/users\/963"}],"replies":[{"embeddable":true,"href":"https:\/\/wp.kristdemokraterna.se\/vg2\/wp-json\/wp\/v2\/comments?post=837"}],"version-history":[{"count":2,"href":"https:\/\/wp.kristdemokraterna.se\/vg2\/wp-json\/wp\/v2\/posts\/837\/revisions"}],"predecessor-version":[{"id":845,"href":"https:\/\/wp.kristdemokraterna.se\/vg2\/wp-json\/wp\/v2\/posts\/837\/revisions\/845"}],"wp:featuredmedia":[{"embeddable":true,"href":"https:\/\/wp.kristdemokraterna.se\/vg2\/wp-json\/wp\/v2\/media\/729"}],"wp:attachment":[{"href":"https:\/\/wp.kristdemokraterna.se\/vg2\/wp-json\/wp\/v2\/media?parent=837"}],"wp:term":[{"taxonomy":"category","embeddable":true,"href":"https:\/\/wp.kristdemokraterna.se\/vg2\/wp-json\/wp\/v2\/categories?post=837"},{"taxonomy":"post_tag","embeddable":true,"href":"https:\/\/wp.kristdemokraterna.se\/vg2\/wp-json\/wp\/v2\/tags?post=837"}],"curies":[{"name":"wp","href":"https:\/\/api.w.org\/{rel}","templated":true}]}}