{"id":850,"date":"2019-05-15T09:20:17","date_gmt":"2019-05-15T07:20:17","guid":{"rendered":"http:\/\/wp.kristdemokraterna.se\/vg2\/?p=850"},"modified":"2019-05-15T09:20:17","modified_gmt":"2019-05-15T07:20:17","slug":"s-vill-plundra-regionens-viktiga-pensionspengar","status":"publish","type":"post","link":"https:\/\/wp.kristdemokraterna.se\/vg2\/s-vill-plundra-regionens-viktiga-pensionspengar\/","title":{"rendered":"S vill plundra regionens viktiga pensionspengar"},"content":{"rendered":"<p><strong>Debattartikel GT &#8211; Conny Br\u00e4nnberg m.fl.<\/strong><br \/>\nSocialdemokraterna vill ta \u00f6ver en halv miljard fr\u00e5n regionens pensionspengar och riskerar de anst\u00e4lldas framtida pensioner. De olika l\u00f6nesatsningarna fr\u00e5n socialdemokratin kan allt mer liknas vid sagan om M\u00e4ster Skr\u00e4ddare.<br \/>\n<!--more--><br \/>\nEfter m\u00e5nader av h\u00e4tska debattartiklar och orimliga initiativ fr\u00e5n Socialdemokraterna i V\u00e4stra G\u00f6talandsregionen r\u00e4knade man n\u00e4stan med att partiet skulle avisera en ordentlig skatteh\u00f6jning i sitt budgetf\u00f6rslag f\u00f6r 2020. Det hade varit logiskt sett till den mycket h\u00f6ga ambitionsniv\u00e5 som S har signalerat ut\u00e5t.<\/p>\n<p>Partiet vill verka f\u00f6r h\u00f6gre grundl\u00f6ner, b\u00e4ttre arbetsmilj\u00f6, kortare v\u00e5rdk\u00f6er och fortsatta investeringar. Det gamla vanliga allts\u00e5, mer av allt. Socialdemokraterna i regionen sl\u00e5r sig f\u00f6r br\u00f6stet och pratar om miljardtillskott till sjukv\u00e5rden. Men nu vill inte S h\u00f6ja skatten f\u00f6r att finansiera sin \u201dmer till allt-politik\u201d. En ber\u00e4ttigad fr\u00e5ga \u00e4r d\u00e5: Hur f\u00e5r de ihop sin budget?<\/p>\n<p>S\u00e5h\u00e4r ligger det till. Vad Socialdemokraterna inte talar h\u00f6gt om \u00e4r att de tar \u00f6ver 500 miljoner kronor, mer \u00e4n en halv miljard, fr\u00e5n den s\u00e5 kallade moderf\u00f6rvaltningen och f\u00f6rdelar dessa medel till sjukv\u00e5rden. Det kanske rent spontant l\u00e5ter r\u00e4tt odramatiskt, men faktum \u00e4r att de pengar som ligger i moderf\u00f6rvaltningen \u00e4r knutna till de pensions\u00e5taganden som V\u00e4stra G\u00f6talandsregionen har gentemot sina nuvarande och tidigare anst\u00e4llda. Regionen som arbetsgivare m\u00e5ste helt enkelt kunna betala ut pensioner.<\/p>\n<p>Om moderf\u00f6rvaltningen t\u00f6ms p\u00e5 dessa pengar m\u00e5ste \u00e4nd\u00e5 pensions\u00e5tagandena fullf\u00f6ljas. Det inneb\u00e4r att om det inte finns n\u00e5gra pengar s\u00e5 v\u00e4ntar nedsk\u00e4rningar i verksamheternas ekonomiska ramar fram\u00f6ver f\u00f6r att \u00e5terst\u00e4lla pensionsmedlen. I praktiken betyder det att socialdemokratins l\u00f6nesatsning kan leda till en f\u00f6rs\u00e4mrad arbetsmilj\u00f6 f\u00f6r personalen om verksamheterna tvingas r\u00f6ra sig med mindre pengar.<\/p>\n<p>I budgeten f\u00f6r ocks\u00e5 Socialdemokraterna ett konstigt resonemang om att minska andelen k\u00f6pt extern v\u00e5rd i tron om att det skulle vara billigare om regionen gjorde allt i egen regi. Det \u00e4r i sj\u00e4lva verket en bluff och inneb\u00e4r en stor risk med l\u00e4ngre k\u00f6er. Den v\u00e5rd som regionen k\u00f6per i dag syftar till att h\u00e5lla en h\u00f6g tillg\u00e4nglighet och vi f\u00e5r faktiskt oftast ett b\u00e4ttre pris \u00e4n om vi skulle utf\u00f6ra det sj\u00e4lva.<\/p>\n<p>Att s\u00e4ga sig satsa p\u00e5 v\u00e5rden och v\u00e5rdens personal \u00e4r gott och v\u00e4l, men att g\u00f6ra det genom att plocka pengar fr\u00e5n samma v\u00e5rdpersonals framtida pensionspengar kan ingen uppleva som seri\u00f6st eller betrakta som ansvarsfull personalpolitik. Det blir som att ge med den ena handen men att ta med den andra.<\/p>\n<p>Socialdemokraterna skriver vidare i sin budget att de tillf\u00f6r 500 miljoner kronor f\u00f6r \u201dkonkurrenskraftiga l\u00f6ner\u201d. Den framg\u00e5ngsrika satsning som Gr\u00f6nBl\u00e5 Samverkan tidigare gjort p\u00e5 v\u00e5rdens personal genom h\u00f6jda OB-ers\u00e4ttningar uppg\u00e5r i budget f\u00f6r 2020 till cirka 420 miljoner kronor. S har med andra ord i stort sett kopierat Gr\u00f6nBl\u00e5 Samverkans personalsatsning och om denna ska fullf\u00f6ljas \u00e5terst\u00e5r cirka 90 miljoner kronor till S l\u00f6nesatsning. Om regionens 55 000 anst\u00e4llda skulle f\u00e5 del av denna summa motsvarar det 136 kronor per m\u00e5nad i h\u00f6jd l\u00f6n.<\/p>\n<p>L\u00e4ser man Socialdemokraternas debattartiklar i olika tidningar kan man l\u00e4tt f\u00e5 intrycket att allt kommer bli b\u00e4ttre med en socialdemokratisk budget. Alla medarbetare kommer att f\u00e5 avsev\u00e4rt h\u00f6gre l\u00f6n och \u00f6verbel\u00e4ggningarna och k\u00f6erna kommer att f\u00f6rsvinna i ett nafs. Hade S varit ett f\u00f6retag s\u00e5 hade man sannolikt anklagats f\u00f6r falsk marknadsf\u00f6ring.<\/p>\n<p>Socialdemokraternas olika l\u00f6nesatsningar kan allt mer liknas vid sagan om M\u00e4ster Skr\u00e4ddare. F\u00f6rst utlovas en fin rock, som sedan g\u00e5ng p\u00e5 g\u00e5ng krymper till ett par byxor, en v\u00e4st, en vante, en tumme och till sist ingenting alls.<\/p>\n<p>Man beskriver ett de facto l\u00f6nelyft p\u00e5 136 kronor som en storsatsning, samtidigt som man plundrar regionen p\u00e5 pensionspengar. Det \u00e4r inte en seri\u00f6s politik. Till skillnad fr\u00e5n Socialdemokraterna anpassar \u00e5tminstone vi i Gr\u00f6nBl\u00e5 Samverkan v\u00e5r budget utifr\u00e5n verkligheten.<\/p>\n<p><strong>Johnny Magnusson (M)<\/strong><br \/>\nRegionstyrelsens ordf\u00f6rande V\u00e4stra G\u00f6talandsregionen<\/p>\n<p><strong>Kristina Jon\u00e4ng (C)<\/strong><br \/>\nRegionr\u00e5d i VGR<\/p>\n<p><strong>Conny Br\u00e4nnberg (KD)<\/strong><br \/>\nRegionr\u00e5d i VGR<\/p>\n<p><strong>Jonas Andersson (L)<\/strong><br \/>\nRegionr\u00e5d i VGR<\/p>\n","protected":false},"excerpt":{"rendered":"<p>Debattartikel GT &#8211; Conny Br\u00e4nnberg m.fl. Socialdemokraterna vill ta \u00f6ver en halv miljard fr\u00e5n regionens pensionspengar och riskerar de anst\u00e4lldas framtida pensioner. De olika l\u00f6nesatsningarna fr\u00e5n socialdemokratin kan allt mer liknas vid sagan om M\u00e4ster Skr\u00e4ddare.<\/p>\n","protected":false},"author":963,"featured_media":840,"comment_status":"closed","ping_status":"closed","sticky":false,"template":"","format":"standard","meta":{"_acf_changed":false,"footnotes":""},"categories":[7,9],"tags":[40,16,21],"class_list":["post-850","post","type-post","status-publish","format-standard","hentry","category-debattartiklar","category-halso-och-sjukvard","tag-budget","tag-gronbla-samverkan","tag-personal"],"acf":[],"yoast_head":"<!-- This site is optimized with the Yoast SEO plugin v27.4 - https:\/\/yoast.com\/product\/yoast-seo-wordpress\/ -->\n<title>S vill plundra regionens viktiga pensionspengar - Kristdemokraterna | V\u00e4stra G\u00f6taland<\/title>\n<meta name=\"robots\" content=\"index, follow, max-snippet:-1, max-image-preview:large, max-video-preview:-1\" \/>\n<link rel=\"canonical\" href=\"https:\/\/wp.kristdemokraterna.se\/vg2\/s-vill-plundra-regionens-viktiga-pensionspengar\/\" \/>\n<meta property=\"og:locale\" content=\"sv_SE\" \/>\n<meta property=\"og:type\" content=\"article\" \/>\n<meta property=\"og:title\" content=\"S vill plundra regionens viktiga pensionspengar - Kristdemokraterna | V\u00e4stra G\u00f6taland\" \/>\n<meta property=\"og:description\" content=\"Debattartikel GT &#8211; Conny Br\u00e4nnberg m.fl. Socialdemokraterna vill ta \u00f6ver en halv miljard fr\u00e5n regionens pensionspengar och riskerar de anst\u00e4lldas framtida pensioner. De olika l\u00f6nesatsningarna fr\u00e5n socialdemokratin kan allt mer liknas vid sagan om M\u00e4ster Skr\u00e4ddare.\" \/>\n<meta property=\"og:url\" content=\"https:\/\/wp.kristdemokraterna.se\/vg2\/s-vill-plundra-regionens-viktiga-pensionspengar\/\" \/>\n<meta property=\"og:site_name\" content=\"Kristdemokraterna | V\u00e4stra G\u00f6taland\" \/>\n<meta property=\"article:published_time\" content=\"2019-05-15T07:20:17+00:00\" \/>\n<meta property=\"og:image\" content=\"https:\/\/wp.kristdemokraterna.se\/vg2\/files\/2019\/05\/budget2020.jpg\" \/>\n\t<meta property=\"og:image:width\" content=\"471\" \/>\n\t<meta property=\"og:image:height\" content=\"262\" \/>\n\t<meta property=\"og:image:type\" content=\"image\/jpeg\" \/>\n<meta name=\"author\" content=\"vg2\" \/>\n<meta name=\"twitter:card\" content=\"summary_large_image\" \/>\n<meta name=\"twitter:label1\" content=\"Skriven av\" \/>\n\t<meta name=\"twitter:data1\" content=\"vg2\" \/>\n\t<meta name=\"twitter:label2\" content=\"Ber\u00e4knad l\u00e4stid\" \/>\n\t<meta name=\"twitter:data2\" content=\"4 minuter\" \/>\n<script type=\"application\/ld+json\" class=\"yoast-schema-graph\">{\"@context\":\"https:\\\/\\\/schema.org\",\"@graph\":[{\"@type\":\"Article\",\"@id\":\"https:\\\/\\\/wp.kristdemokraterna.se\\\/vg2\\\/s-vill-plundra-regionens-viktiga-pensionspengar\\\/#article\",\"isPartOf\":{\"@id\":\"https:\\\/\\\/wp.kristdemokraterna.se\\\/vg2\\\/s-vill-plundra-regionens-viktiga-pensionspengar\\\/\"},\"author\":{\"name\":\"vg2\",\"@id\":\"https:\\\/\\\/wp.kristdemokraterna.se\\\/vg2\\\/#\\\/schema\\\/person\\\/0f6c60ed4a56428733155da1d4f48e25\"},\"headline\":\"S vill plundra regionens viktiga pensionspengar\",\"datePublished\":\"2019-05-15T07:20:17+00:00\",\"mainEntityOfPage\":{\"@id\":\"https:\\\/\\\/wp.kristdemokraterna.se\\\/vg2\\\/s-vill-plundra-regionens-viktiga-pensionspengar\\\/\"},\"wordCount\":769,\"image\":{\"@id\":\"https:\\\/\\\/wp.kristdemokraterna.se\\\/vg2\\\/s-vill-plundra-regionens-viktiga-pensionspengar\\\/#primaryimage\"},\"thumbnailUrl\":\"https:\\\/\\\/wp.kristdemokraterna.se\\\/vg2\\\/files\\\/2019\\\/05\\\/budget2020.jpg\",\"keywords\":[\"Budget\",\"Gr\u00f6nBl\u00e5 Samverkan\",\"Personal\"],\"articleSection\":[\"Debattartiklar\",\"H\u00e4lso- och sjukv\u00e5rd\"],\"inLanguage\":\"sv-SE\"},{\"@type\":\"WebPage\",\"@id\":\"https:\\\/\\\/wp.kristdemokraterna.se\\\/vg2\\\/s-vill-plundra-regionens-viktiga-pensionspengar\\\/\",\"url\":\"https:\\\/\\\/wp.kristdemokraterna.se\\\/vg2\\\/s-vill-plundra-regionens-viktiga-pensionspengar\\\/\",\"name\":\"S vill plundra regionens viktiga pensionspengar - Kristdemokraterna | V\u00e4stra G\u00f6taland\",\"isPartOf\":{\"@id\":\"https:\\\/\\\/wp.kristdemokraterna.se\\\/vg2\\\/#website\"},\"primaryImageOfPage\":{\"@id\":\"https:\\\/\\\/wp.kristdemokraterna.se\\\/vg2\\\/s-vill-plundra-regionens-viktiga-pensionspengar\\\/#primaryimage\"},\"image\":{\"@id\":\"https:\\\/\\\/wp.kristdemokraterna.se\\\/vg2\\\/s-vill-plundra-regionens-viktiga-pensionspengar\\\/#primaryimage\"},\"thumbnailUrl\":\"https:\\\/\\\/wp.kristdemokraterna.se\\\/vg2\\\/files\\\/2019\\\/05\\\/budget2020.jpg\",\"datePublished\":\"2019-05-15T07:20:17+00:00\",\"author\":{\"@id\":\"https:\\\/\\\/wp.kristdemokraterna.se\\\/vg2\\\/#\\\/schema\\\/person\\\/0f6c60ed4a56428733155da1d4f48e25\"},\"breadcrumb\":{\"@id\":\"https:\\\/\\\/wp.kristdemokraterna.se\\\/vg2\\\/s-vill-plundra-regionens-viktiga-pensionspengar\\\/#breadcrumb\"},\"inLanguage\":\"sv-SE\",\"potentialAction\":[{\"@type\":\"ReadAction\",\"target\":[\"https:\\\/\\\/wp.kristdemokraterna.se\\\/vg2\\\/s-vill-plundra-regionens-viktiga-pensionspengar\\\/\"]}]},{\"@type\":\"ImageObject\",\"inLanguage\":\"sv-SE\",\"@id\":\"https:\\\/\\\/wp.kristdemokraterna.se\\\/vg2\\\/s-vill-plundra-regionens-viktiga-pensionspengar\\\/#primaryimage\",\"url\":\"https:\\\/\\\/wp.kristdemokraterna.se\\\/vg2\\\/files\\\/2019\\\/05\\\/budget2020.jpg\",\"contentUrl\":\"https:\\\/\\\/wp.kristdemokraterna.se\\\/vg2\\\/files\\\/2019\\\/05\\\/budget2020.jpg\",\"width\":471,\"height\":262},{\"@type\":\"BreadcrumbList\",\"@id\":\"https:\\\/\\\/wp.kristdemokraterna.se\\\/vg2\\\/s-vill-plundra-regionens-viktiga-pensionspengar\\\/#breadcrumb\",\"itemListElement\":[{\"@type\":\"ListItem\",\"position\":1,\"name\":\"Hem\",\"item\":\"https:\\\/\\\/wp.kristdemokraterna.se\\\/vg2\\\/\"},{\"@type\":\"ListItem\",\"position\":2,\"name\":\"S vill plundra regionens viktiga pensionspengar\"}]},{\"@type\":\"WebSite\",\"@id\":\"https:\\\/\\\/wp.kristdemokraterna.se\\\/vg2\\\/#website\",\"url\":\"https:\\\/\\\/wp.kristdemokraterna.se\\\/vg2\\\/\",\"name\":\"Kristdemokraterna | V\u00e4stra G\u00f6taland\",\"description\":\"\u00c4nnu en webbplats hos Kristdemokraterna\",\"inLanguage\":\"sv-SE\"},{\"@type\":\"Person\",\"@id\":\"https:\\\/\\\/wp.kristdemokraterna.se\\\/vg2\\\/#\\\/schema\\\/person\\\/0f6c60ed4a56428733155da1d4f48e25\",\"name\":\"vg2\",\"image\":{\"@type\":\"ImageObject\",\"inLanguage\":\"sv-SE\",\"@id\":\"https:\\\/\\\/secure.gravatar.com\\\/avatar\\\/78e997e768071bc2ed8711b6fa8797041ee2af3c6c40e45683f3ff6396d16f92?s=96&d=mm&r=g\",\"url\":\"https:\\\/\\\/secure.gravatar.com\\\/avatar\\\/78e997e768071bc2ed8711b6fa8797041ee2af3c6c40e45683f3ff6396d16f92?s=96&d=mm&r=g\",\"contentUrl\":\"https:\\\/\\\/secure.gravatar.com\\\/avatar\\\/78e997e768071bc2ed8711b6fa8797041ee2af3c6c40e45683f3ff6396d16f92?s=96&d=mm&r=g\",\"caption\":\"vg2\"},\"url\":\"https:\\\/\\\/wp.kristdemokraterna.se\\\/vg2\\\/author\\\/vg2\\\/\"}]}<\/script>\n<!-- \/ Yoast SEO plugin. -->","yoast_head_json":{"title":"S vill plundra regionens viktiga pensionspengar - Kristdemokraterna | V\u00e4stra G\u00f6taland","robots":{"index":"index","follow":"follow","max-snippet":"max-snippet:-1","max-image-preview":"max-image-preview:large","max-video-preview":"max-video-preview:-1"},"canonical":"https:\/\/wp.kristdemokraterna.se\/vg2\/s-vill-plundra-regionens-viktiga-pensionspengar\/","og_locale":"sv_SE","og_type":"article","og_title":"S vill plundra regionens viktiga pensionspengar - Kristdemokraterna | V\u00e4stra G\u00f6taland","og_description":"Debattartikel GT &#8211; Conny Br\u00e4nnberg m.fl. Socialdemokraterna vill ta \u00f6ver en halv miljard fr\u00e5n regionens pensionspengar och riskerar de anst\u00e4lldas framtida pensioner. De olika l\u00f6nesatsningarna fr\u00e5n socialdemokratin kan allt mer liknas vid sagan om M\u00e4ster Skr\u00e4ddare.","og_url":"https:\/\/wp.kristdemokraterna.se\/vg2\/s-vill-plundra-regionens-viktiga-pensionspengar\/","og_site_name":"Kristdemokraterna | V\u00e4stra G\u00f6taland","article_published_time":"2019-05-15T07:20:17+00:00","og_image":[{"width":471,"height":262,"url":"https:\/\/wp.kristdemokraterna.se\/vg2\/files\/2019\/05\/budget2020.jpg","type":"image\/jpeg"}],"author":"vg2","twitter_card":"summary_large_image","twitter_misc":{"Skriven av":"vg2","Ber\u00e4knad l\u00e4stid":"4 minuter"},"schema":{"@context":"https:\/\/schema.org","@graph":[{"@type":"Article","@id":"https:\/\/wp.kristdemokraterna.se\/vg2\/s-vill-plundra-regionens-viktiga-pensionspengar\/#article","isPartOf":{"@id":"https:\/\/wp.kristdemokraterna.se\/vg2\/s-vill-plundra-regionens-viktiga-pensionspengar\/"},"author":{"name":"vg2","@id":"https:\/\/wp.kristdemokraterna.se\/vg2\/#\/schema\/person\/0f6c60ed4a56428733155da1d4f48e25"},"headline":"S vill plundra regionens viktiga pensionspengar","datePublished":"2019-05-15T07:20:17+00:00","mainEntityOfPage":{"@id":"https:\/\/wp.kristdemokraterna.se\/vg2\/s-vill-plundra-regionens-viktiga-pensionspengar\/"},"wordCount":769,"image":{"@id":"https:\/\/wp.kristdemokraterna.se\/vg2\/s-vill-plundra-regionens-viktiga-pensionspengar\/#primaryimage"},"thumbnailUrl":"https:\/\/wp.kristdemokraterna.se\/vg2\/files\/2019\/05\/budget2020.jpg","keywords":["Budget","Gr\u00f6nBl\u00e5 Samverkan","Personal"],"articleSection":["Debattartiklar","H\u00e4lso- och sjukv\u00e5rd"],"inLanguage":"sv-SE"},{"@type":"WebPage","@id":"https:\/\/wp.kristdemokraterna.se\/vg2\/s-vill-plundra-regionens-viktiga-pensionspengar\/","url":"https:\/\/wp.kristdemokraterna.se\/vg2\/s-vill-plundra-regionens-viktiga-pensionspengar\/","name":"S vill plundra regionens viktiga pensionspengar - Kristdemokraterna | V\u00e4stra G\u00f6taland","isPartOf":{"@id":"https:\/\/wp.kristdemokraterna.se\/vg2\/#website"},"primaryImageOfPage":{"@id":"https:\/\/wp.kristdemokraterna.se\/vg2\/s-vill-plundra-regionens-viktiga-pensionspengar\/#primaryimage"},"image":{"@id":"https:\/\/wp.kristdemokraterna.se\/vg2\/s-vill-plundra-regionens-viktiga-pensionspengar\/#primaryimage"},"thumbnailUrl":"https:\/\/wp.kristdemokraterna.se\/vg2\/files\/2019\/05\/budget2020.jpg","datePublished":"2019-05-15T07:20:17+00:00","author":{"@id":"https:\/\/wp.kristdemokraterna.se\/vg2\/#\/schema\/person\/0f6c60ed4a56428733155da1d4f48e25"},"breadcrumb":{"@id":"https:\/\/wp.kristdemokraterna.se\/vg2\/s-vill-plundra-regionens-viktiga-pensionspengar\/#breadcrumb"},"inLanguage":"sv-SE","potentialAction":[{"@type":"ReadAction","target":["https:\/\/wp.kristdemokraterna.se\/vg2\/s-vill-plundra-regionens-viktiga-pensionspengar\/"]}]},{"@type":"ImageObject","inLanguage":"sv-SE","@id":"https:\/\/wp.kristdemokraterna.se\/vg2\/s-vill-plundra-regionens-viktiga-pensionspengar\/#primaryimage","url":"https:\/\/wp.kristdemokraterna.se\/vg2\/files\/2019\/05\/budget2020.jpg","contentUrl":"https:\/\/wp.kristdemokraterna.se\/vg2\/files\/2019\/05\/budget2020.jpg","width":471,"height":262},{"@type":"BreadcrumbList","@id":"https:\/\/wp.kristdemokraterna.se\/vg2\/s-vill-plundra-regionens-viktiga-pensionspengar\/#breadcrumb","itemListElement":[{"@type":"ListItem","position":1,"name":"Hem","item":"https:\/\/wp.kristdemokraterna.se\/vg2\/"},{"@type":"ListItem","position":2,"name":"S vill plundra regionens viktiga pensionspengar"}]},{"@type":"WebSite","@id":"https:\/\/wp.kristdemokraterna.se\/vg2\/#website","url":"https:\/\/wp.kristdemokraterna.se\/vg2\/","name":"Kristdemokraterna | V\u00e4stra G\u00f6taland","description":"\u00c4nnu en webbplats hos Kristdemokraterna","inLanguage":"sv-SE"},{"@type":"Person","@id":"https:\/\/wp.kristdemokraterna.se\/vg2\/#\/schema\/person\/0f6c60ed4a56428733155da1d4f48e25","name":"vg2","image":{"@type":"ImageObject","inLanguage":"sv-SE","@id":"https:\/\/secure.gravatar.com\/avatar\/78e997e768071bc2ed8711b6fa8797041ee2af3c6c40e45683f3ff6396d16f92?s=96&d=mm&r=g","url":"https:\/\/secure.gravatar.com\/avatar\/78e997e768071bc2ed8711b6fa8797041ee2af3c6c40e45683f3ff6396d16f92?s=96&d=mm&r=g","contentUrl":"https:\/\/secure.gravatar.com\/avatar\/78e997e768071bc2ed8711b6fa8797041ee2af3c6c40e45683f3ff6396d16f92?s=96&d=mm&r=g","caption":"vg2"},"url":"https:\/\/wp.kristdemokraterna.se\/vg2\/author\/vg2\/"}]}},"_links":{"self":[{"href":"https:\/\/wp.kristdemokraterna.se\/vg2\/wp-json\/wp\/v2\/posts\/850","targetHints":{"allow":["GET"]}}],"collection":[{"href":"https:\/\/wp.kristdemokraterna.se\/vg2\/wp-json\/wp\/v2\/posts"}],"about":[{"href":"https:\/\/wp.kristdemokraterna.se\/vg2\/wp-json\/wp\/v2\/types\/post"}],"author":[{"embeddable":true,"href":"https:\/\/wp.kristdemokraterna.se\/vg2\/wp-json\/wp\/v2\/users\/963"}],"replies":[{"embeddable":true,"href":"https:\/\/wp.kristdemokraterna.se\/vg2\/wp-json\/wp\/v2\/comments?post=850"}],"version-history":[{"count":1,"href":"https:\/\/wp.kristdemokraterna.se\/vg2\/wp-json\/wp\/v2\/posts\/850\/revisions"}],"predecessor-version":[{"id":851,"href":"https:\/\/wp.kristdemokraterna.se\/vg2\/wp-json\/wp\/v2\/posts\/850\/revisions\/851"}],"wp:featuredmedia":[{"embeddable":true,"href":"https:\/\/wp.kristdemokraterna.se\/vg2\/wp-json\/wp\/v2\/media\/840"}],"wp:attachment":[{"href":"https:\/\/wp.kristdemokraterna.se\/vg2\/wp-json\/wp\/v2\/media?parent=850"}],"wp:term":[{"taxonomy":"category","embeddable":true,"href":"https:\/\/wp.kristdemokraterna.se\/vg2\/wp-json\/wp\/v2\/categories?post=850"},{"taxonomy":"post_tag","embeddable":true,"href":"https:\/\/wp.kristdemokraterna.se\/vg2\/wp-json\/wp\/v2\/tags?post=850"}],"curies":[{"name":"wp","href":"https:\/\/api.w.org\/{rel}","templated":true}]}}