{"id":856,"date":"2019-05-27T15:42:58","date_gmt":"2019-05-27T13:42:58","guid":{"rendered":"http:\/\/wp.kristdemokraterna.se\/vg2\/?p=856"},"modified":"2019-05-27T15:43:34","modified_gmt":"2019-05-27T13:43:34","slug":"socialdemokraterna-vill-ta-av-vardpersonalens-pensionspengar","status":"publish","type":"post","link":"https:\/\/wp.kristdemokraterna.se\/vg2\/socialdemokraterna-vill-ta-av-vardpersonalens-pensionspengar\/","title":{"rendered":"Socialdemokraterna vill ta av v\u00e5rdpersonalens pensionspengar"},"content":{"rendered":"<p><strong>Debattartikel Bohusl\u00e4ningen &#8211; Conny Br\u00e4nnberg m.fl.<\/strong><br \/>\nGr\u00f6nBl\u00e5 Samverkan har fortsatt fokus p\u00e5 omst\u00e4llning av sjukv\u00e5rden f\u00f6r att utveckla och f\u00f6rst\u00e4rka den patientn\u00e4ra och vardagliga v\u00e5rden. Vi har p\u00e5b\u00f6rjat inf\u00f6randet av framtidens v\u00e5rdinformationsmilj\u00f6, som ska tillvarata digitaliseringens m\u00f6jligheter inom h\u00e4lso- och sjukv\u00e5rden. Det \u00e4r l\u00e5ngsiktiga satsningar f\u00f6r att patienterna i V\u00e4stra G\u00f6taland, nu och i framtiden, ska \u00e5tnjuta en kvalitativ, trygg och kostnadseffektiv h\u00e4lso- och sjukv\u00e5rd.<br \/>\n<!--more--><br \/>\n\u00c4ven satsningen p\u00e5 v\u00e5rdens medarbetare och p\u00e5 en f\u00f6rb\u00e4ttrad arbetsmilj\u00f6 forts\u00e4tter. Det g\u00e4ller exempelvis f\u00f6rdubblingen av OB-ers\u00e4ttningen nattetid och h\u00f6jningen med 50 procent f\u00f6r helgtj\u00e4nstg\u00f6ring, som har gett goda resultat f\u00f6r bemanningen.<br \/>\nL\u00e5ngsiktighet och kontinuitet pr\u00e4glar s\u00e5ledes \u00e4ven budget f\u00f6r \u00e5r 2020. Men de ekonomiska f\u00f6ruts\u00e4ttningarna har f\u00f6r\u00e4ndrats. Prognoserna indikerar vikande tillv\u00e4xt och minskande skatteunderlag. Det finns d\u00e4rf\u00f6r inte n\u00e5got ekonomiskt utrymme f\u00f6r nya satsningar. Det \u00e4r ocks\u00e5 direkt oansvarigt av Socialdemokraterna att vilja ta en halv miljard kronor fr\u00e5n den f\u00f6rvaltning som betalar ut pensioner f\u00f6r en trygg \u00e5lderdom f\u00f6r regionens anst\u00e4llda. Det kr\u00e4vs ist\u00e4llet ekonomiskt ansvarstagande och \u00e5terh\u00e5llsamhet.<\/p>\n<p>H\u00e4lso- och sjukv\u00e5rden i V\u00e4stra G\u00f6talandsregionen h\u00e5ller h\u00f6g kvalitet. Men kostnaderna f\u00f6r sjukv\u00e5rden har \u00f6kat och \u00f6kar i h\u00f6gre takt \u00e4n int\u00e4kterna fr\u00e5n skatter och statsbidrag. Det \u00e4r en oh\u00e5llbar utveckling som m\u00e5ste v\u00e4ndas om vi l\u00e5ngsiktigt ska kunna tillhandah\u00e5lla god v\u00e5rd utifr\u00e5n ett rimligt skatteuttag. Medborgarna m\u00e5ste helt enkelt f\u00e5 ut mer v\u00e5rd per satsad skattekrona. Resurser beh\u00f6ver omf\u00f6rdelas fr\u00e5n de stora sjukhusen till den n\u00e4ra v\u00e5rden som m\u00e4nniskor beh\u00f6ver ofta. Den h\u00f6gspecialiserade v\u00e5rden som beh\u00f6vs mera s\u00e4llan ska koncentreras.<\/p>\n<p>Reformer beh\u00f6vs ocks\u00e5 f\u00f6r att l\u00f6sa de systemfel som drabbar patienterna i form av l\u00e5nga k\u00f6er och medarbetare i form av d\u00e5lig och stressig arbetsmilj\u00f6. L\u00f6sningarna finns i stor utstr\u00e4ckning p\u00e5 varje sjukhus, verksamhet och enskild v\u00e5rdavdelning. D\u00e4rf\u00f6r vill vi minska detaljstyrningen och bana v\u00e4g f\u00f6r tillitsstyrning, d\u00e4r ansvar, makt och befogenheter att n\u00e5 ekonomiska och verksamhetsm\u00e4ssiga m\u00e5l decentraliseras. Som ett led i detta vill vi inf\u00f6ra administrativ pr\u00f6vningsr\u00e4tt. Det inneb\u00e4r att medarbetarna ska kunna ifr\u00e5gas\u00e4tta on\u00f6dig administration som g\u00f6r arbetet omst\u00e4ndligt och ineffektivt. On\u00f6dig byr\u00e5krati och tyngande rutiner ska tas bort eller f\u00f6renklas.<\/p>\n<p>V\u00e5rt m\u00e5l \u00e4r ocks\u00e5 att alla v\u00e5rdcentraler i V\u00e4stra G\u00f6taland inom fem \u00e5r ska kunna erbjuda alla inv\u00e5nare en fast l\u00e4karkontakt. Det \u00e4r en fr\u00e5ga om trygghet f\u00f6r patienten, men om ocks\u00e5 om kvalitet och effektivitet att den behandlande l\u00e4karen k\u00e4nner patienten och \u00e4r f\u00f6rtrogen med dess sjukdomshistorik. D\u00e4rf\u00f6r f\u00f6resl\u00e5r vi att de v\u00e5rdcentraler som f\u00f6rm\u00e5r att tillhandah\u00e5lla fast l\u00e4karkontakt ska premieras.<\/p>\n<p>Ordning och reda i ekonomin st\u00e5r inte mot utveckling och f\u00f6rb\u00e4ttring av sjukv\u00e5rden. De \u00e4r varandras f\u00f6ruts\u00e4ttningar. Med f\u00f6rslaget till budget tar Gr\u00f6nBl\u00e5 Samverkan ansvar f\u00f6r b\u00e5da.<\/p>\n<p><strong>Johnny Magnusson<\/strong><br \/>\nGruppledare (M)<\/p>\n<p><strong>Kristina Jon\u00e4ng<\/strong><br \/>\nGruppledare (C)<\/p>\n<p><strong>Conny Br\u00e4nnberg<\/strong><br \/>\nGruppledare (KD)<\/p>\n<p><strong>Jonas Andersson<\/strong><br \/>\nGruppledare (L)<\/p>\n<p><a href=\"http:\/\/wp.kristdemokraterna.se\/vg2\/files\/2018\/05\/aldre.jpg\"><img loading=\"lazy\" decoding=\"async\" class=\"alignnone size-full wp-image-683\" src=\"http:\/\/wp.kristdemokraterna.se\/vg2\/files\/2018\/05\/aldre.jpg\" alt=\"\" width=\"470\" height=\"253\" \/><\/a><br \/>\nGruppledare (MP)<\/p>\n","protected":false},"excerpt":{"rendered":"<p>Debattartikel Bohusl\u00e4ningen &#8211; Conny Br\u00e4nnberg m.fl. Gr\u00f6nBl\u00e5 Samverkan har fortsatt fokus p\u00e5 omst\u00e4llning av sjukv\u00e5rden f\u00f6r att utveckla och f\u00f6rst\u00e4rka den patientn\u00e4ra och vardagliga v\u00e5rden. Vi har p\u00e5b\u00f6rjat inf\u00f6randet av framtidens v\u00e5rdinformationsmilj\u00f6, som ska tillvarata digitaliseringens m\u00f6jligheter inom h\u00e4lso- och sjukv\u00e5rden. Det \u00e4r l\u00e5ngsiktiga satsningar f\u00f6r att patienterna i V\u00e4stra G\u00f6taland, nu och i framtiden, <a class=\"read-more-link\" href=\"https:\/\/wp.kristdemokraterna.se\/vg2\/socialdemokraterna-vill-ta-av-vardpersonalens-pensionspengar\/\">L\u00e4s mer<\/a><\/p>\n","protected":false},"author":963,"featured_media":683,"comment_status":"closed","ping_status":"closed","sticky":false,"template":"","format":"standard","meta":{"_acf_changed":false,"footnotes":""},"categories":[7,9],"tags":[40,28,12],"class_list":["post-856","post","type-post","status-publish","format-standard","hentry","category-debattartiklar","category-halso-och-sjukvard","tag-budget","tag-conny-brannberg","tag-halso-och-sjukvard"],"acf":[],"yoast_head":"<!-- This site is optimized with the Yoast SEO plugin v27.4 - https:\/\/yoast.com\/product\/yoast-seo-wordpress\/ -->\n<title>Socialdemokraterna vill ta av v\u00e5rdpersonalens pensionspengar - Kristdemokraterna | V\u00e4stra G\u00f6taland<\/title>\n<meta name=\"robots\" content=\"index, follow, max-snippet:-1, max-image-preview:large, max-video-preview:-1\" \/>\n<link rel=\"canonical\" href=\"https:\/\/wp.kristdemokraterna.se\/vg2\/socialdemokraterna-vill-ta-av-vardpersonalens-pensionspengar\/\" \/>\n<meta property=\"og:locale\" content=\"sv_SE\" \/>\n<meta property=\"og:type\" content=\"article\" \/>\n<meta property=\"og:title\" content=\"Socialdemokraterna vill ta av v\u00e5rdpersonalens pensionspengar - Kristdemokraterna | V\u00e4stra G\u00f6taland\" \/>\n<meta property=\"og:description\" content=\"Debattartikel Bohusl\u00e4ningen &#8211; Conny Br\u00e4nnberg m.fl. Gr\u00f6nBl\u00e5 Samverkan har fortsatt fokus p\u00e5 omst\u00e4llning av sjukv\u00e5rden f\u00f6r att utveckla och f\u00f6rst\u00e4rka den patientn\u00e4ra och vardagliga v\u00e5rden. Vi har p\u00e5b\u00f6rjat inf\u00f6randet av framtidens v\u00e5rdinformationsmilj\u00f6, som ska tillvarata digitaliseringens m\u00f6jligheter inom h\u00e4lso- och sjukv\u00e5rden. Det \u00e4r l\u00e5ngsiktiga satsningar f\u00f6r att patienterna i V\u00e4stra G\u00f6taland, nu och i framtiden, L\u00e4s mer\" \/>\n<meta property=\"og:url\" content=\"https:\/\/wp.kristdemokraterna.se\/vg2\/socialdemokraterna-vill-ta-av-vardpersonalens-pensionspengar\/\" \/>\n<meta property=\"og:site_name\" content=\"Kristdemokraterna | V\u00e4stra G\u00f6taland\" \/>\n<meta property=\"article:published_time\" content=\"2019-05-27T13:42:58+00:00\" \/>\n<meta property=\"article:modified_time\" content=\"2019-05-27T13:43:34+00:00\" \/>\n<meta property=\"og:image\" content=\"https:\/\/wp.kristdemokraterna.se\/vg2\/files\/2018\/05\/aldre-e1606816833992.jpg\" \/>\n\t<meta property=\"og:image:width\" content=\"470\" \/>\n\t<meta property=\"og:image:height\" content=\"253\" \/>\n\t<meta property=\"og:image:type\" content=\"image\/jpeg\" \/>\n<meta name=\"author\" content=\"vg2\" \/>\n<meta name=\"twitter:card\" content=\"summary_large_image\" \/>\n<meta name=\"twitter:label1\" content=\"Skriven av\" \/>\n\t<meta name=\"twitter:data1\" content=\"vg2\" \/>\n\t<meta name=\"twitter:label2\" content=\"Ber\u00e4knad l\u00e4stid\" \/>\n\t<meta name=\"twitter:data2\" content=\"3 minuter\" \/>\n<script type=\"application\/ld+json\" class=\"yoast-schema-graph\">{\"@context\":\"https:\\\/\\\/schema.org\",\"@graph\":[{\"@type\":\"Article\",\"@id\":\"https:\\\/\\\/wp.kristdemokraterna.se\\\/vg2\\\/socialdemokraterna-vill-ta-av-vardpersonalens-pensionspengar\\\/#article\",\"isPartOf\":{\"@id\":\"https:\\\/\\\/wp.kristdemokraterna.se\\\/vg2\\\/socialdemokraterna-vill-ta-av-vardpersonalens-pensionspengar\\\/\"},\"author\":{\"name\":\"vg2\",\"@id\":\"https:\\\/\\\/wp.kristdemokraterna.se\\\/vg2\\\/#\\\/schema\\\/person\\\/0f6c60ed4a56428733155da1d4f48e25\"},\"headline\":\"Socialdemokraterna vill ta av v\u00e5rdpersonalens pensionspengar\",\"datePublished\":\"2019-05-27T13:42:58+00:00\",\"dateModified\":\"2019-05-27T13:43:34+00:00\",\"mainEntityOfPage\":{\"@id\":\"https:\\\/\\\/wp.kristdemokraterna.se\\\/vg2\\\/socialdemokraterna-vill-ta-av-vardpersonalens-pensionspengar\\\/\"},\"wordCount\":601,\"image\":{\"@id\":\"https:\\\/\\\/wp.kristdemokraterna.se\\\/vg2\\\/socialdemokraterna-vill-ta-av-vardpersonalens-pensionspengar\\\/#primaryimage\"},\"thumbnailUrl\":\"https:\\\/\\\/wp.kristdemokraterna.se\\\/vg2\\\/files\\\/2018\\\/05\\\/aldre-e1606816833992.jpg\",\"keywords\":[\"Budget\",\"conny br\u00e4nnberg\",\"H\u00e4lso- och sjukv\u00e5rd\"],\"articleSection\":[\"Debattartiklar\",\"H\u00e4lso- och sjukv\u00e5rd\"],\"inLanguage\":\"sv-SE\"},{\"@type\":\"WebPage\",\"@id\":\"https:\\\/\\\/wp.kristdemokraterna.se\\\/vg2\\\/socialdemokraterna-vill-ta-av-vardpersonalens-pensionspengar\\\/\",\"url\":\"https:\\\/\\\/wp.kristdemokraterna.se\\\/vg2\\\/socialdemokraterna-vill-ta-av-vardpersonalens-pensionspengar\\\/\",\"name\":\"Socialdemokraterna vill ta av v\u00e5rdpersonalens pensionspengar - Kristdemokraterna | V\u00e4stra G\u00f6taland\",\"isPartOf\":{\"@id\":\"https:\\\/\\\/wp.kristdemokraterna.se\\\/vg2\\\/#website\"},\"primaryImageOfPage\":{\"@id\":\"https:\\\/\\\/wp.kristdemokraterna.se\\\/vg2\\\/socialdemokraterna-vill-ta-av-vardpersonalens-pensionspengar\\\/#primaryimage\"},\"image\":{\"@id\":\"https:\\\/\\\/wp.kristdemokraterna.se\\\/vg2\\\/socialdemokraterna-vill-ta-av-vardpersonalens-pensionspengar\\\/#primaryimage\"},\"thumbnailUrl\":\"https:\\\/\\\/wp.kristdemokraterna.se\\\/vg2\\\/files\\\/2018\\\/05\\\/aldre-e1606816833992.jpg\",\"datePublished\":\"2019-05-27T13:42:58+00:00\",\"dateModified\":\"2019-05-27T13:43:34+00:00\",\"author\":{\"@id\":\"https:\\\/\\\/wp.kristdemokraterna.se\\\/vg2\\\/#\\\/schema\\\/person\\\/0f6c60ed4a56428733155da1d4f48e25\"},\"breadcrumb\":{\"@id\":\"https:\\\/\\\/wp.kristdemokraterna.se\\\/vg2\\\/socialdemokraterna-vill-ta-av-vardpersonalens-pensionspengar\\\/#breadcrumb\"},\"inLanguage\":\"sv-SE\",\"potentialAction\":[{\"@type\":\"ReadAction\",\"target\":[\"https:\\\/\\\/wp.kristdemokraterna.se\\\/vg2\\\/socialdemokraterna-vill-ta-av-vardpersonalens-pensionspengar\\\/\"]}]},{\"@type\":\"ImageObject\",\"inLanguage\":\"sv-SE\",\"@id\":\"https:\\\/\\\/wp.kristdemokraterna.se\\\/vg2\\\/socialdemokraterna-vill-ta-av-vardpersonalens-pensionspengar\\\/#primaryimage\",\"url\":\"https:\\\/\\\/wp.kristdemokraterna.se\\\/vg2\\\/files\\\/2018\\\/05\\\/aldre-e1606816833992.jpg\",\"contentUrl\":\"https:\\\/\\\/wp.kristdemokraterna.se\\\/vg2\\\/files\\\/2018\\\/05\\\/aldre-e1606816833992.jpg\",\"width\":470,\"height\":253},{\"@type\":\"BreadcrumbList\",\"@id\":\"https:\\\/\\\/wp.kristdemokraterna.se\\\/vg2\\\/socialdemokraterna-vill-ta-av-vardpersonalens-pensionspengar\\\/#breadcrumb\",\"itemListElement\":[{\"@type\":\"ListItem\",\"position\":1,\"name\":\"Hem\",\"item\":\"https:\\\/\\\/wp.kristdemokraterna.se\\\/vg2\\\/\"},{\"@type\":\"ListItem\",\"position\":2,\"name\":\"Socialdemokraterna vill ta av v\u00e5rdpersonalens pensionspengar\"}]},{\"@type\":\"WebSite\",\"@id\":\"https:\\\/\\\/wp.kristdemokraterna.se\\\/vg2\\\/#website\",\"url\":\"https:\\\/\\\/wp.kristdemokraterna.se\\\/vg2\\\/\",\"name\":\"Kristdemokraterna | V\u00e4stra G\u00f6taland\",\"description\":\"\u00c4nnu en webbplats hos Kristdemokraterna\",\"inLanguage\":\"sv-SE\"},{\"@type\":\"Person\",\"@id\":\"https:\\\/\\\/wp.kristdemokraterna.se\\\/vg2\\\/#\\\/schema\\\/person\\\/0f6c60ed4a56428733155da1d4f48e25\",\"name\":\"vg2\",\"image\":{\"@type\":\"ImageObject\",\"inLanguage\":\"sv-SE\",\"@id\":\"https:\\\/\\\/secure.gravatar.com\\\/avatar\\\/78e997e768071bc2ed8711b6fa8797041ee2af3c6c40e45683f3ff6396d16f92?s=96&d=mm&r=g\",\"url\":\"https:\\\/\\\/secure.gravatar.com\\\/avatar\\\/78e997e768071bc2ed8711b6fa8797041ee2af3c6c40e45683f3ff6396d16f92?s=96&d=mm&r=g\",\"contentUrl\":\"https:\\\/\\\/secure.gravatar.com\\\/avatar\\\/78e997e768071bc2ed8711b6fa8797041ee2af3c6c40e45683f3ff6396d16f92?s=96&d=mm&r=g\",\"caption\":\"vg2\"},\"url\":\"https:\\\/\\\/wp.kristdemokraterna.se\\\/vg2\\\/author\\\/vg2\\\/\"}]}<\/script>\n<!-- \/ Yoast SEO plugin. -->","yoast_head_json":{"title":"Socialdemokraterna vill ta av v\u00e5rdpersonalens pensionspengar - Kristdemokraterna | V\u00e4stra G\u00f6taland","robots":{"index":"index","follow":"follow","max-snippet":"max-snippet:-1","max-image-preview":"max-image-preview:large","max-video-preview":"max-video-preview:-1"},"canonical":"https:\/\/wp.kristdemokraterna.se\/vg2\/socialdemokraterna-vill-ta-av-vardpersonalens-pensionspengar\/","og_locale":"sv_SE","og_type":"article","og_title":"Socialdemokraterna vill ta av v\u00e5rdpersonalens pensionspengar - Kristdemokraterna | V\u00e4stra G\u00f6taland","og_description":"Debattartikel Bohusl\u00e4ningen &#8211; Conny Br\u00e4nnberg m.fl. Gr\u00f6nBl\u00e5 Samverkan har fortsatt fokus p\u00e5 omst\u00e4llning av sjukv\u00e5rden f\u00f6r att utveckla och f\u00f6rst\u00e4rka den patientn\u00e4ra och vardagliga v\u00e5rden. Vi har p\u00e5b\u00f6rjat inf\u00f6randet av framtidens v\u00e5rdinformationsmilj\u00f6, som ska tillvarata digitaliseringens m\u00f6jligheter inom h\u00e4lso- och sjukv\u00e5rden. Det \u00e4r l\u00e5ngsiktiga satsningar f\u00f6r att patienterna i V\u00e4stra G\u00f6taland, nu och i framtiden, L\u00e4s mer","og_url":"https:\/\/wp.kristdemokraterna.se\/vg2\/socialdemokraterna-vill-ta-av-vardpersonalens-pensionspengar\/","og_site_name":"Kristdemokraterna | V\u00e4stra G\u00f6taland","article_published_time":"2019-05-27T13:42:58+00:00","article_modified_time":"2019-05-27T13:43:34+00:00","og_image":[{"width":470,"height":253,"url":"https:\/\/wp.kristdemokraterna.se\/vg2\/files\/2018\/05\/aldre-e1606816833992.jpg","type":"image\/jpeg"}],"author":"vg2","twitter_card":"summary_large_image","twitter_misc":{"Skriven av":"vg2","Ber\u00e4knad l\u00e4stid":"3 minuter"},"schema":{"@context":"https:\/\/schema.org","@graph":[{"@type":"Article","@id":"https:\/\/wp.kristdemokraterna.se\/vg2\/socialdemokraterna-vill-ta-av-vardpersonalens-pensionspengar\/#article","isPartOf":{"@id":"https:\/\/wp.kristdemokraterna.se\/vg2\/socialdemokraterna-vill-ta-av-vardpersonalens-pensionspengar\/"},"author":{"name":"vg2","@id":"https:\/\/wp.kristdemokraterna.se\/vg2\/#\/schema\/person\/0f6c60ed4a56428733155da1d4f48e25"},"headline":"Socialdemokraterna vill ta av v\u00e5rdpersonalens pensionspengar","datePublished":"2019-05-27T13:42:58+00:00","dateModified":"2019-05-27T13:43:34+00:00","mainEntityOfPage":{"@id":"https:\/\/wp.kristdemokraterna.se\/vg2\/socialdemokraterna-vill-ta-av-vardpersonalens-pensionspengar\/"},"wordCount":601,"image":{"@id":"https:\/\/wp.kristdemokraterna.se\/vg2\/socialdemokraterna-vill-ta-av-vardpersonalens-pensionspengar\/#primaryimage"},"thumbnailUrl":"https:\/\/wp.kristdemokraterna.se\/vg2\/files\/2018\/05\/aldre-e1606816833992.jpg","keywords":["Budget","conny br\u00e4nnberg","H\u00e4lso- och sjukv\u00e5rd"],"articleSection":["Debattartiklar","H\u00e4lso- och sjukv\u00e5rd"],"inLanguage":"sv-SE"},{"@type":"WebPage","@id":"https:\/\/wp.kristdemokraterna.se\/vg2\/socialdemokraterna-vill-ta-av-vardpersonalens-pensionspengar\/","url":"https:\/\/wp.kristdemokraterna.se\/vg2\/socialdemokraterna-vill-ta-av-vardpersonalens-pensionspengar\/","name":"Socialdemokraterna vill ta av v\u00e5rdpersonalens pensionspengar - Kristdemokraterna | V\u00e4stra G\u00f6taland","isPartOf":{"@id":"https:\/\/wp.kristdemokraterna.se\/vg2\/#website"},"primaryImageOfPage":{"@id":"https:\/\/wp.kristdemokraterna.se\/vg2\/socialdemokraterna-vill-ta-av-vardpersonalens-pensionspengar\/#primaryimage"},"image":{"@id":"https:\/\/wp.kristdemokraterna.se\/vg2\/socialdemokraterna-vill-ta-av-vardpersonalens-pensionspengar\/#primaryimage"},"thumbnailUrl":"https:\/\/wp.kristdemokraterna.se\/vg2\/files\/2018\/05\/aldre-e1606816833992.jpg","datePublished":"2019-05-27T13:42:58+00:00","dateModified":"2019-05-27T13:43:34+00:00","author":{"@id":"https:\/\/wp.kristdemokraterna.se\/vg2\/#\/schema\/person\/0f6c60ed4a56428733155da1d4f48e25"},"breadcrumb":{"@id":"https:\/\/wp.kristdemokraterna.se\/vg2\/socialdemokraterna-vill-ta-av-vardpersonalens-pensionspengar\/#breadcrumb"},"inLanguage":"sv-SE","potentialAction":[{"@type":"ReadAction","target":["https:\/\/wp.kristdemokraterna.se\/vg2\/socialdemokraterna-vill-ta-av-vardpersonalens-pensionspengar\/"]}]},{"@type":"ImageObject","inLanguage":"sv-SE","@id":"https:\/\/wp.kristdemokraterna.se\/vg2\/socialdemokraterna-vill-ta-av-vardpersonalens-pensionspengar\/#primaryimage","url":"https:\/\/wp.kristdemokraterna.se\/vg2\/files\/2018\/05\/aldre-e1606816833992.jpg","contentUrl":"https:\/\/wp.kristdemokraterna.se\/vg2\/files\/2018\/05\/aldre-e1606816833992.jpg","width":470,"height":253},{"@type":"BreadcrumbList","@id":"https:\/\/wp.kristdemokraterna.se\/vg2\/socialdemokraterna-vill-ta-av-vardpersonalens-pensionspengar\/#breadcrumb","itemListElement":[{"@type":"ListItem","position":1,"name":"Hem","item":"https:\/\/wp.kristdemokraterna.se\/vg2\/"},{"@type":"ListItem","position":2,"name":"Socialdemokraterna vill ta av v\u00e5rdpersonalens pensionspengar"}]},{"@type":"WebSite","@id":"https:\/\/wp.kristdemokraterna.se\/vg2\/#website","url":"https:\/\/wp.kristdemokraterna.se\/vg2\/","name":"Kristdemokraterna | V\u00e4stra G\u00f6taland","description":"\u00c4nnu en webbplats hos Kristdemokraterna","inLanguage":"sv-SE"},{"@type":"Person","@id":"https:\/\/wp.kristdemokraterna.se\/vg2\/#\/schema\/person\/0f6c60ed4a56428733155da1d4f48e25","name":"vg2","image":{"@type":"ImageObject","inLanguage":"sv-SE","@id":"https:\/\/secure.gravatar.com\/avatar\/78e997e768071bc2ed8711b6fa8797041ee2af3c6c40e45683f3ff6396d16f92?s=96&d=mm&r=g","url":"https:\/\/secure.gravatar.com\/avatar\/78e997e768071bc2ed8711b6fa8797041ee2af3c6c40e45683f3ff6396d16f92?s=96&d=mm&r=g","contentUrl":"https:\/\/secure.gravatar.com\/avatar\/78e997e768071bc2ed8711b6fa8797041ee2af3c6c40e45683f3ff6396d16f92?s=96&d=mm&r=g","caption":"vg2"},"url":"https:\/\/wp.kristdemokraterna.se\/vg2\/author\/vg2\/"}]}},"_links":{"self":[{"href":"https:\/\/wp.kristdemokraterna.se\/vg2\/wp-json\/wp\/v2\/posts\/856","targetHints":{"allow":["GET"]}}],"collection":[{"href":"https:\/\/wp.kristdemokraterna.se\/vg2\/wp-json\/wp\/v2\/posts"}],"about":[{"href":"https:\/\/wp.kristdemokraterna.se\/vg2\/wp-json\/wp\/v2\/types\/post"}],"author":[{"embeddable":true,"href":"https:\/\/wp.kristdemokraterna.se\/vg2\/wp-json\/wp\/v2\/users\/963"}],"replies":[{"embeddable":true,"href":"https:\/\/wp.kristdemokraterna.se\/vg2\/wp-json\/wp\/v2\/comments?post=856"}],"version-history":[{"count":1,"href":"https:\/\/wp.kristdemokraterna.se\/vg2\/wp-json\/wp\/v2\/posts\/856\/revisions"}],"predecessor-version":[{"id":857,"href":"https:\/\/wp.kristdemokraterna.se\/vg2\/wp-json\/wp\/v2\/posts\/856\/revisions\/857"}],"wp:featuredmedia":[{"embeddable":true,"href":"https:\/\/wp.kristdemokraterna.se\/vg2\/wp-json\/wp\/v2\/media\/683"}],"wp:attachment":[{"href":"https:\/\/wp.kristdemokraterna.se\/vg2\/wp-json\/wp\/v2\/media?parent=856"}],"wp:term":[{"taxonomy":"category","embeddable":true,"href":"https:\/\/wp.kristdemokraterna.se\/vg2\/wp-json\/wp\/v2\/categories?post=856"},{"taxonomy":"post_tag","embeddable":true,"href":"https:\/\/wp.kristdemokraterna.se\/vg2\/wp-json\/wp\/v2\/tags?post=856"}],"curies":[{"name":"wp","href":"https:\/\/api.w.org\/{rel}","templated":true}]}}